{"id":743147,"date":"2026-01-24T11:42:20","date_gmt":"2026-01-24T11:42:20","guid":{"rendered":"https:\/\/www.europesays.com\/de\/743147\/"},"modified":"2026-01-24T11:42:20","modified_gmt":"2026-01-24T11:42:20","slug":"aachen-mit-mehr-fans-in-hoffenheim-als-zwei-bundesligisten-die-falsche-9","status":"publish","type":"post","link":"https:\/\/www.europesays.com\/de\/743147\/","title":{"rendered":"Aachen mit mehr Fans in Hoffenheim als zwei Bundesligisten \u2013 Die falsche 9"},"content":{"rendered":"<p>F\u00fcr Alemannia Aachen geht es am Samstagmittag zum Ausw\u00e4rtsspiel in der 3. Liga zur TSG Hoffenheim II. Im Abstiegskampf kann sich die Alemannia auf ihre Fans verlassen. Trotz der Krise werden die Schwarz-Gelben von mehr Fans begleitet als zwei Bundesligisten zur Profimannschaft der Kraichgauer.<\/p>\n<p>Zweitgr\u00f6\u00dfte G\u00e4stekulisse bei Hoffenheim II: Aachen reist mit 1.500 Fans an<\/p>\n<p>Seit sechs Spielen wartet Traditionsverein Alemannia Aachen auf einen Sieg in der 3. Liga. Der letzte Erfolg datiert vom Ausw\u00e4rtsspiel beim VfB Stuttgart II Anfang November 2025. Vielleicht ist es ein gutes Omen, dass die Kaiserst\u00e4dter heute wieder bei einer Zweitvertretung in Baden-W\u00fcrttemberg zu Gast sind. Beim Ausw\u00e4rtsspiel bei der TSG Hoffenheim II darf sich die Mannschaft von Mersad Selimbegovi\u0107, gegen den es in der vergangenen Woche lautstarke Unmutsbekundungen bei den Fans gab, auf einen gro\u00dfen R\u00fcckhalt freuen. Im Vorverkauf hat die Alemannia 1.200 Karten f\u00fcr den G\u00e4steblock verkauft. Im Dietmar-Hopp-Stadion ist von bis zu 1.500 G\u00e4stefans auszugehen. Alemannia Aachen sorgt damit f\u00fcr die zweitgr\u00f6\u00dfte G\u00e4stekulisse der Saison bei der TSG Hoffenheim II. Nur der SV Waldhof Mannheim wurde zahlreicher zum Lokalduell begleitet. Die gleiche Anzahl an Fans begleitet im \u00dcbrigen auch die Profi-Mannschaft der TSG Hoffenheim heute zum Bundesligaspiel nach Frankfurt.<\/p>\n<tr class=\"row-1\">\n\t<img loading=\"lazy\" decoding=\"async\" src=\"https:\/\/www.europesays.com\/de\/wp-content\/uploads\/2026\/01\/tsghoffenheim_2526_100px.png\" width=\"22\" height=\"22\" class=\"unsichtbar\"\/> G\u00e4stefans bei Hoffenheim II 2025\/26<br \/>\n<\/tr>\n<tr class=\"row-2\">\n<td class=\"column-1\"><img loading=\"lazy\" decoding=\"async\" src=\"https:\/\/www.europesays.com\/de\/wp-content\/uploads\/2026\/01\/waldhofmannheim_2526_100px.png\" width=\"22\" height=\"22\" class=\"unsichtbar\"\/> <\/td>\n<td class=\"column-2\">Waldhof Mannheim<\/td>\n<td class=\"column-3\">3.800<\/td>\n<td class=\"column-4\">So, 13:30h<\/td>\n<\/tr>\n<tr class=\"row-3\">\n<td class=\"column-1\"><img loading=\"lazy\" decoding=\"async\" src=\"https:\/\/www.europesays.com\/de\/wp-content\/uploads\/2026\/01\/alemanniaaachen_2526_100px.png\" width=\"22\" height=\"22\" class=\"unsichtbar\"\/> <\/td>\n<td class=\"column-2\">Alemannia Aachen<\/td>\n<td class=\"column-3\">vsl. 1.500<\/td>\n<td class=\"column-4\">Sa, 14:00h<\/td>\n<\/tr>\n<tr class=\"row-4\">\n<td class=\"column-1\"><img loading=\"lazy\" decoding=\"async\" src=\"https:\/\/www.europesays.com\/de\/wp-content\/uploads\/2026\/01\/msvduisburg_2526_100px.png\" width=\"22\" height=\"22\" class=\"unsichtbar\"\/> <\/td>\n<td class=\"column-2\">MSV Duisburg<\/td>\n<td class=\"column-3\">1.100<\/td>\n<td class=\"column-4\">Fr, 19:00h<\/td>\n<\/tr>\n<tr class=\"row-5\">\n<td class=\"column-1\"><img loading=\"lazy\" decoding=\"async\" src=\"https:\/\/www.europesays.com\/de\/wp-content\/uploads\/2026\/01\/energiecottbus_2526_100px.png\" width=\"22\" height=\"22\" class=\"unsichtbar\"\/> <\/td>\n<td class=\"column-2\">Energie Cottbus<\/td>\n<td class=\"column-3\">1.000<\/td>\n<td class=\"column-4\">Sa, 14:00h<\/td>\n<\/tr>\n<tr class=\"row-6\">\n<td class=\"column-1\"><img loading=\"lazy\" decoding=\"async\" src=\"https:\/\/www.europesays.com\/de\/wp-content\/uploads\/2026\/01\/ssvulm1846_2526_100px.png\" width=\"22\" height=\"22\" class=\"unsichtbar\"\/> <\/td>\n<td class=\"column-2\">SSV Ulm 1846<\/td>\n<td class=\"column-3\">850<\/td>\n<td class=\"column-4\">So, 16:30h<\/td>\n<\/tr>\n<tr class=\"row-7\">\n<td class=\"column-1\"><img loading=\"lazy\" decoding=\"async\" src=\"https:\/\/www.europesays.com\/de\/wp-content\/uploads\/2026\/01\/jahnregensburg_2526_100px.png\" width=\"22\" height=\"22\" class=\"unsichtbar\"\/> <\/td>\n<td class=\"column-2\">Jahn Regensburg<\/td>\n<td class=\"column-3\">500<\/td>\n<td class=\"column-4\">Sa, 14:00h<\/td>\n<\/tr>\n<tr class=\"row-8\">\n<td class=\"column-1\"><img loading=\"lazy\" decoding=\"async\" src=\"https:\/\/www.europesays.com\/de\/wp-content\/uploads\/2025\/08\/erzgebirgeaue_2526_100px.png\" width=\"22\" height=\"22\" class=\"unsichtbar\"\/> <\/td>\n<td class=\"column-2\">Erzgebirge Aue<\/td>\n<td class=\"column-3\">500<\/td>\n<td class=\"column-4\">So, 13:30h<\/td>\n<\/tr>\n<tr class=\"row-9\">\n<td class=\"column-1\"><img loading=\"lazy\" decoding=\"async\" src=\"https:\/\/www.europesays.com\/de\/wp-content\/uploads\/2026\/01\/wehenwiesbaden_2526_100px.png\" width=\"22\" height=\"22\" class=\"unsichtbar\"\/> <\/td>\n<td class=\"column-2\">Wehen Wiesbaden<\/td>\n<td class=\"column-3\">250<\/td>\n<td class=\"column-4\">So, 16:30h<\/td>\n<\/tr>\n<tr class=\"row-10\">\n<td class=\"column-1\"><img loading=\"lazy\" decoding=\"async\" src=\"https:\/\/www.europesays.com\/de\/wp-content\/uploads\/2026\/01\/tsvhavelse_2526_100px.png\" width=\"22\" height=\"22\" class=\"unsichtbar\"\/> <\/td>\n<td class=\"column-2\">TSV Havelse<\/td>\n<td class=\"column-3\">59<\/td>\n<td class=\"column-4\">Sa, 14:00h<\/td>\n<\/tr>\n<tr class=\"row-11\">\n<td class=\"column-1\"><img loading=\"lazy\" decoding=\"async\" src=\"https:\/\/www.europesays.com\/de\/wp-content\/uploads\/2026\/01\/scverl_2526_100px.png\" width=\"22\" height=\"22\" class=\"unsichtbar\"\/> <\/td>\n<td class=\"column-2\">SC Verl<\/td>\n<td class=\"column-3\">50<\/td>\n<td class=\"column-4\">Sa, 14:00h<\/td>\n<\/tr>\n<tr class=\"row-12\">\n<td class=\"column-1\"><img loading=\"lazy\" decoding=\"async\" src=\"https:\/\/www.europesays.com\/de\/wp-content\/uploads\/2025\/11\/vfbstuttgart_2526_100px.png\" width=\"22\" height=\"22\" class=\"unsichtbar\"\/> <\/td>\n<td class=\"column-2\">VfB Stuttgart II<\/td>\n<td class=\"column-3\">30<\/td>\n<td class=\"column-4\">So, 19:30h<\/td>\n<\/tr>\n<p>Mit rund 1.500 Ausw\u00e4rtsfahrern l\u00e4sst man auch die Bundesligisten FC Augsburg und RB Leipzig hinter sich. Rund 1.100 Augsburger sorgten \u2013 trotz vergleichsweise kurzer Anreise \u2013 f\u00fcr die bisher kleinste G\u00e4stekulisse in der Arena in Sinsheim. RB Leipzig wurde von nur 100 Fans mehr begleitet. Auch der 1. FC Heidenheim reiht sich mit 1.600 Fans unter der Marke von 2.000 G\u00e4stefans ein.<\/p>\n<p>Aachen in den Top 30 Deutschlands nach Ausw\u00e4rtsfahrern<\/p>\n<p>Dass die Alemannia ein deutlich gr\u00f6\u00dferes Fan-Potenzial hat als es die sportliche Lage gerade hergibt, zeigt auch der Blick auf die deutschlandweiten Zuschauer- und Ausw\u00e4rtsfahrertabellen. <strong><a style=\"color: #000080;\" href=\"https:\/\/www.diefalsche9.de\/zuschauertabelle-2025-26\/\" target=\"_blank\" rel=\"noopener\">Mit durchschnittlich knapp 22.000 Zuschauern pro Spiel steht man im deutschlandweiten Vergleich derzeit auf Rang 31.<\/a> <\/strong>Einen Platz besser ist die Platzierung in der Ausw\u00e4rtsfahrertabelle. <strong><a style=\"color: #000080;\" href=\"https:\/\/www.diefalsche9.de\/auswaertsfahrertabelle-2025-26\/\" target=\"_blank\" rel=\"noopener\">Mit einem Ausw\u00e4rtsfahrerschnitt von \u00fcber 1.800 Fans steht Schwarz-Gelb in den Top 30 Deutschlands und l\u00e4sst gleich mehrere Bundesligisten hinter sich.<\/a><\/strong><\/p>\n<p>Ausw\u00e4rts besser als daheim: Holt Aachen in Hoffenheim den n\u00e4chsten Ausw\u00e4rtssieg?<\/p>\n<p>Sportlich l\u00e4uft es f\u00fcr die Alemannia in der Fremde deutlich besser als vor der eigenen Kulisse. Mit vier Siegen und drei Unentschieden ist man das siebtbeste Ausw\u00e4rtsteam der 3. Liga. Hingegen stehen in der Heimbilanz zwei Siegen krachende acht Niederlagen gegen\u00fcber. Keine Mannschaft in der 3. Liga hat eine schw\u00e4chere Heimbilanz als die Schwarz-Gelben. Mit einem Sieg in Hoffenheim kann die Mannschaft von Mersad Selimbegovi\u0107 die <strong><a style=\"color: #000080;\" href=\"https:\/\/www.diefalsche9.de\/stand-jetzt\/\" target=\"_blank\" rel=\"noopener\">Abstiegsr\u00e4nge<\/a> <\/strong>verlassen, nachdem am Freitag der 1. FC Saarbr\u00fccken zum 13. Mal in Serie sieglos blieb. Im Dietmar-Hopp-Stadion wartet allerdings zumindest ein akustisches Heimspiel mit einem Fan-\u00dcbergewicht auf den R\u00e4ngen auf den TSV.<\/p>\n<p><strong>Autor:<\/strong> Christian Link<br \/><strong>Quelle:<\/strong> Die falsche 9<\/p>\n","protected":false},"excerpt":{"rendered":"F\u00fcr Alemannia Aachen geht es am Samstagmittag zum Ausw\u00e4rtsspiel in der 3. Liga zur TSG Hoffenheim II. Im&hellip;\n","protected":false},"author":2,"featured_media":743148,"comment_status":"","ping_status":"","sticky":false,"template":"","format":"standard","meta":{"footnotes":""},"categories":[1853],"tags":[995,1424,999,25970,3364,29,548,663,3934,1002,30,13,14,15,1209,12,15609],"class_list":{"0":"post-743147","1":"post","2":"type-post","3":"status-publish","4":"format-standard","5":"has-post-thumbnail","7":"category-aachen","8":"tag-3-liga","9":"tag-aachen","10":"tag-alemannia-aachen","11":"tag-auswaertsfahrer","12":"tag-de","13":"tag-deutschland","14":"tag-eu","15":"tag-europa","16":"tag-europe","17":"tag-fans","18":"tag-germany","19":"tag-headlines","20":"tag-nachrichten","21":"tag-news","22":"tag-nordrhein-westfalen","23":"tag-schlagzeilen","24":"tag-zuschauer"},"share_on_mastodon":{"url":"https:\/\/pubeurope.com\/@de\/115949899179462232","error":""},"_links":{"self":[{"href":"https:\/\/www.europesays.com\/de\/wp-json\/wp\/v2\/posts\/743147","targetHints":{"allow":["GET"]}}],"collection":[{"href":"https:\/\/www.europesays.com\/de\/wp-json\/wp\/v2\/posts"}],"about":[{"href":"https:\/\/www.europesays.com\/de\/wp-json\/wp\/v2\/types\/post"}],"author":[{"embeddable":true,"href":"https:\/\/www.europesays.com\/de\/wp-json\/wp\/v2\/users\/2"}],"replies":[{"embeddable":true,"href":"https:\/\/www.europesays.com\/de\/wp-json\/wp\/v2\/comments?post=743147"}],"version-history":[{"count":0,"href":"https:\/\/www.europesays.com\/de\/wp-json\/wp\/v2\/posts\/743147\/revisions"}],"wp:featuredmedia":[{"embeddable":true,"href":"https:\/\/www.europesays.com\/de\/wp-json\/wp\/v2\/media\/743148"}],"wp:attachment":[{"href":"https:\/\/www.europesays.com\/de\/wp-json\/wp\/v2\/media?parent=743147"}],"wp:term":[{"taxonomy":"category","embeddable":true,"href":"https:\/\/www.europesays.com\/de\/wp-json\/wp\/v2\/categories?post=743147"},{"taxonomy":"post_tag","embeddable":true,"href":"https:\/\/www.europesays.com\/de\/wp-json\/wp\/v2\/tags?post=743147"}],"curies":[{"name":"wp","href":"https:\/\/api.w.org\/{rel}","templated":true}]}}