{"id":743169,"date":"2026-01-24T11:55:17","date_gmt":"2026-01-24T11:55:17","guid":{"rendered":"https:\/\/www.europesays.com\/de\/743169\/"},"modified":"2026-01-24T11:55:17","modified_gmt":"2026-01-24T11:55:17","slug":"schliessfach-aufbruch-in-halle-details-rund-um-die-tat-machen-fassungslos-haller-kreisblatt","status":"publish","type":"post","link":"https:\/\/www.europesays.com\/de\/743169\/","title":{"rendered":"Schlie\u00dffach-Aufbruch in Halle: Details rund um die Tat machen fassungslos | Haller Kreisblatt"},"content":{"rendered":"<p id=\"absatz1\" class=\"em_text\">Halle. Bilder von Kundinnen und Kunden, die &#8211; wie beispielsweise in Gelsenkirchen &#8211; gerade vor der Kreissparkasse Halle-Wiedenbr\u00fcck protestieren, gibt es keine. Und dennoch steht die Bank aktuell ganz sch\u00f6n im Feuer: bei den Menschen, die hier ihr Geld angelegt oder Wertgegenst\u00e4nde deponiert haben. Bei den Ermittlerinnen und Ermittlern von Staatsanwaltschaft und Kriminalpolizei. Und vermutlich auch bei den zust\u00e4ndigen Versicherungen. Schlie\u00dflich geht es hier um eine Schadenssumme im sechsstelligen Bereich. Alle miteinander wollen wissen, wieso hier am 30. Dezember w\u00e4hrend des laufenden Betriebes vier Schlie\u00dff\u00e4cher geknackt und ausgeraubt sowie vier weitere besch\u00e4digt werden konnten. Die Masse an Ungereimtheiten l\u00e4sst das Kreditinstitut dabei alles andere als souver\u00e4n dastehen.<\/p>\n<p id=\"absatz2\" class=\"em_text\">Die mutma\u00dflichen T\u00e4ter hielten sich an jenem Dienstag kurz vor Silvester zwischen 12.35 und 13.15 Uhr im Geb\u00e4ude auf. Wie \u00dcberwachungskameras dokumentiert haben, nutzten sie ganz offenbar den Haupteingang an der Bahnhofstra\u00dfe, um erst rein- und sp\u00e4ter wieder rauszugehen.<\/p>\n<p id=\"absatz3\" class=\"em_text\">Dass schon hier niemand stutzig geworden ist, also weder das Personal der Kreissparkasse noch die anwesenden Kundinnen und Kunden, ist schwer nachvollziehbar. Immerhin waren die beiden Typen komplett vermummt und obendrein mit zwei Rollkoffern und einem Rucksack ausgestattet, als sie durch die Halle der Kreissparkasse hin bis zum Treppenhaus und dann runter zu den Schlie\u00dff\u00e4chern im Keller spaziert sind.<\/p>\n<p>Standen die T\u00fcren des Tresorraumes der Kreissparkasse Halle-Wiedenbr\u00fcck etwa offen?<\/p>\n<p>        <a href=\"https:\/\/www.haller-kreisblatt.de\/_em_daten\/_cache\/image\/1xVHpLZG1nNHFUaGo2c0I3NnRBdlcvNlkrc1hLWUFPODVvKzNhdFBJcGVkQ3g5RUdyYjlwWVlSN3k1WnlWK3NKWEtuOG1BZzFSSGxlWnJrdCtiR2lXeVNBWjhRUUVaREVFY0FjMlNsV3Z6SWc9\/260123-1344-786154422.jpg\" class=\"nw-article-image\" title=\"So sieht einer der mutma\u00dflichen T\u00e4ter aus, der beim Einbruch in den Tresor der Haller Kreissparkasse beteiligt gewesen sein soll.\" data-glightbox=\"type: image; description: So sieht einer der mutma\u00dflichen T\u00e4ter aus, der beim Einbruch in den Tresor der Haller Kreissparkasse beteiligt gewesen sein soll.  | \u00a9 Polizei G\u00fctersloh \" target=\"_blank\" rel=\"noopener\"><br \/>\n            <img decoding=\"async\" src=\"https:\/\/www.europesays.com\/de\/wp-content\/uploads\/2026\/01\/260123-1344-786154422.jpg\" class=\"nw-img-fluid nw-w-full nw-lazy nw-rounded-t-md\" alt=\"So sieht einer der mutma\u00dflichen T\u00e4ter aus, der beim Einbruch in den Tresor der Haller Kreissparkasse beteiligt gewesen sein soll. - \u00a9 Polizei G\u00fctersloh\" data-format=\"16:9\"\/><br \/>\n        <\/a><\/p>\n<p>                So sieht einer der mutma\u00dflichen T\u00e4ter aus, der beim Einbruch in den Tresor der Haller Kreissparkasse beteiligt gewesen sein soll.<br \/>\n                                    | \u00a9 Polizei G\u00fctersloh<\/p>\n<p id=\"absatz5\" class=\"em_text\">Zur Erinnerung: Die beiden M\u00e4nner werden als schlank beschrieben, einer trug dunkle Hose, dunkle Jacke mit hellem Pelzrand an der Kapuze und schwarze Sneaker mit wei\u00dfen Streifen. Der andere trug blaue Jeans, schwarze Jacke, dunkelblaue Basecap und braune Schuhe mit wei\u00dfer Sohle. Fahndungsfotos hat die Polizei ver\u00f6ffentlicht. Die Frage ist allerdings, warum es die \u00fcberhaupt braucht, denn zum Zeitpunkt der Tat konnten die Schlie\u00dffachkunden mit Karte und PIN in den Vorraum gelangen, um ihr Fach mit einem Schl\u00fcssel zu \u00f6ffnen. Vorg\u00e4nge, die nat\u00fcrlich digital erfasst und registriert werden. Aber offenbar gibt es diese Daten zu den Gesuchten bei der Kreissparkasse nicht.<\/p>\n<p id=\"absatz6\"><b class=\"bold\">Mehr zum Thema:<\/b> <a href=\"https:\/\/Mehr%20zum%20Thema:%20Was%20darf%20in%20Mini-Tresore,%20was%20ist%20tabu?\">Was darf in Mini-Tresore und was ist tabu?<\/a><\/p>\n<p id=\"absatz7\" class=\"em_text\">Daf\u00fcr wiederum kann es nur zwei Erkl\u00e4rungen geben: Entweder wurden die Daten gel\u00f6scht &#8211; das ist definitiv die unwahrscheinlichere Variante. Oder die T\u00e4ter sind ohne PIN und Karte in den Tresorraum gelangt, ganz unspektakul\u00e4r. Wom\u00f6glich konnten sie einfach hereingehen, denn wie die Polizei gegen\u00fcber unserer Zeitung best\u00e4tigt hat, gibt es am Tresorraum keinerlei Aufbruchspuren. Und das bedeutet nat\u00fcrlich nichts anderes, als dass die T\u00fcren unverschlossen waren. Ob sie das wussten, steht noch auf einem ganz anderen Blatt.<\/p>\n<p>Wieso reagierte niemand angemessen schnell auf die Alarmanlage in der Bank?<\/p>\n<p>        <a href=\"https:\/\/www.haller-kreisblatt.de\/_em_daten\/_cache\/image\/1xbWNvNFlaMjNVSkpIUzBUMjkyVnYxdmlIby9pc2tWNjRsM2JQb0ZqS3ZVc2N4NUg3QWljQzRDNSs0UDhyNzV2Z3VPR0JnZGt1WHpjbUcxSllKTlgyOGl4UVpyWlVYRWZkNVY1dEdwd1FEeU09\/260123-1344-786154416.jpg\" class=\"nw-article-image\" title=\"So sah der zweite Mann aus, der mutma\u00dflich an dem Aufbruch der Schlie\u00dff\u00e4cher am 30. Dezember beteiligt war.\" data-glightbox=\"type: image; description: So sah der zweite Mann aus, der mutma\u00dflich an dem Aufbruch der Schlie\u00dff\u00e4cher am 30. Dezember beteiligt war.  | \u00a9 Polizei G\u00fctersloh \" target=\"_blank\" rel=\"noopener\"><br \/>\n            <img decoding=\"async\" src=\"https:\/\/www.europesays.com\/de\/wp-content\/uploads\/2026\/01\/260123-1344-786154416.jpg\" class=\"nw-img-fluid nw-w-full nw-lazy nw-rounded-t-md\" alt=\"So sah der zweite Mann aus, der mutma\u00dflich an dem Aufbruch der Schlie\u00dff\u00e4cher am 30. Dezember beteiligt war. - \u00a9 Polizei G\u00fctersloh\" data-format=\"16:9\"\/><br \/>\n        <\/a><\/p>\n<p>                So sah der zweite Mann aus, der mutma\u00dflich an dem Aufbruch der Schlie\u00dff\u00e4cher am 30. Dezember beteiligt war.<br \/>\n                                    | \u00a9 Polizei G\u00fctersloh<\/p>\n<p id=\"absatz9\" class=\"em_text\">Wie die M\u00e4nner als N\u00e4chstes die Schlie\u00dff\u00e4cher ge\u00f6ffnet haben \u2013 ob mit der Brechstange, mit einer Flex oder anderem Ger\u00e4t \u2013, dazu macht die Polizei keine Angaben. In jedem Fall m\u00fcssen sie bei ihrer Aktion aber ordentlich Krach verursacht haben, was ebenfalls niemandem aufgefallen sein soll. Dass sich der Tresorraum im Keller der Bank befindet, kann dabei nicht wirklich die Begr\u00fcndung sein.<\/p>\n<p id=\"absatz10\" class=\"em_text\">Nicht zuletzt hat die Polizei best\u00e4tigt, dass es in dem Geldinstitut eine Alarmanlage gibt. Kein Modell, das bei Gefahr laute Sirenenger\u00e4usche ert\u00f6nen l\u00e4sst, vielmehr l\u00f6se die Anlage still aus, wie es hei\u00dft. Hinweise, dass sie an diesem Tag ihren Dienst versagt hat, gibt es keine. Und damit stellt sich die n\u00e4chste Frage: Warum hat auf den Alarm aus den Reihen der Belegschaft offenbar niemand angemessen schnell reagiert?<\/p>\n<p>Niemand in der Sparkasse hielt vermummte M\u00e4nner mit Rollkoffern und Rucksack auf<\/p>\n<p>        <a href=\"https:\/\/www.haller-kreisblatt.de\/_em_daten\/_cache\/image\/1xT3BGSmFIZUZ3VWQwODBUY2JITkp0SGp0QmFvUFZmK1pVUm0rcnlTZEFJQ2FGZ0UzNjZsNDN6QWRaY250NHozaGVIUDFFbDVWNUVFU25iZUF3a0JGNGVVem15blRueTdPUW5kZ2ZEOWJNZW89\/260123-1344-786154805.jpg\" class=\"nw-article-image\" title=\"\u00dcber den Eingang an der Bahnhofstra\u00dfe sind die mutma\u00dflichen T\u00e4ter in die Bank rein- und wieder rausgegangen.\" data-glightbox=\"type: image; description: \u00dcber den Eingang an der Bahnhofstra\u00dfe sind die mutma\u00dflichen T\u00e4ter in die Bank rein- und wieder rausgegangen.  | \u00a9 Uwe Pollmeier \" target=\"_blank\" rel=\"noopener\"><br \/>\n            <img decoding=\"async\" src=\"https:\/\/www.europesays.com\/de\/wp-content\/uploads\/2026\/01\/260123-1344-786154805.jpg\" class=\"nw-img-fluid nw-w-full nw-lazy nw-rounded-t-md\" alt=\"\u00dcber den Eingang an der Bahnhofstra\u00dfe sind die mutma\u00dflichen T\u00e4ter in die Bank rein- und wieder rausgegangen. - \u00a9 Uwe Pollmeier\" data-format=\"16:9\"\/><br \/>\n        <\/a><\/p>\n<p>                \u00dcber den Eingang an der Bahnhofstra\u00dfe sind die mutma\u00dflichen T\u00e4ter in die Bank rein- und wieder rausgegangen.<br \/>\n                                    | \u00a9 Uwe Pollmeier<\/p>\n<p id=\"absatz12\" class=\"em_text\">Und so schafften es die mutma\u00dflichen T\u00e4ter am Ende, ebenso unbehelligt wie schon auf dem Hinweg die Bank, die obendrein auch noch neben der Haller Polizeiwache liegt, auch wieder zu verlassen: komplett vermummt und obendrein mit zwei Rollkoffern und einem Rucksack ausgestattet. Ein weiteres Mal wurde niemand stutzig &#8211; weder das Personal der Kreissparkasse noch die Kundinnen und Kunden. Das alles muss man erst mal hinkriegen!<\/p>\n<p id=\"absatz13\" class=\"em_text\">Hoffentlich bringen die Ermittlerinnen und Ermittler von Polizei und Staatsanwaltschaft schnell Licht ins Dunkel. Zurzeit jedenfalls sieht alles noch nach einem Desaster f\u00fcr die Kreissparkasse Halle-Wiedenbr\u00fcck aus.<\/p>\n<p id=\"absatz14\"><b class=\"bold\">\ud83d\udcf2 Aktuelle News bekommen Sie t\u00e4glich \u00fcber den <\/b><a aria-label=\"Link WhatsApp-Kanal des HK\" href=\"https:\/\/whatsapp.com\/channel\/0029VagU0FW1SWsxhmHz2v0q\" rel=\"noreferrer noopener\" target=\"_blank\" title=\"https:\/\/whatsapp.com\/channel\/0029vagu0fw1swsxhmhz2v0q\"><b class=\"bold\">WhatsApp-Kanal des HK<\/b><\/a> <\/p>\n","protected":false},"excerpt":{"rendered":"Halle. Bilder von Kundinnen und Kunden, die &#8211; wie beispielsweise in Gelsenkirchen &#8211; gerade vor der Kreissparkasse Halle-Wiedenbr\u00fcck&hellip;\n","protected":false},"author":2,"featured_media":743170,"comment_status":"","ping_status":"","sticky":false,"template":"","format":"standard","meta":{"footnotes":""},"categories":[1841],"tags":[22422,1605,102818,3364,29,3658,30,12080,983,16392,9307,4280,16402,16896,16403,19081,164252,16384,16405,1209,121,159853,1997,157832,75972,22870],"class_list":{"0":"post-743169","1":"post","2":"type-post","3":"status-publish","4":"format-standard","5":"has-post-thumbnail","7":"category-bielefeld","8":"tag-bahnhofstrae","9":"tag-bielefeld","10":"tag-cnt_aufmacher","11":"tag-de","12":"tag-deutschland","13":"tag-gelsenkirchen","14":"tag-germany","15":"tag-kreissparkasse","16":"tag-kripo","17":"tag-label_blaulicht","18":"tag-label_foto","19":"tag-label_l-120","20":"tag-label_ordne-fr-mich-ein","21":"tag-label_xl-160","22":"tag-meta_artikelklasse_kommentar","23":"tag-meta_copyrights_hk","24":"tag-meta_eo_zusammenfassung","25":"tag-meta_themen_blaulicht_sicherheit","26":"tag-meta_userneeds_ordneein","27":"tag-nordrhein-westfalen","28":"tag-polizei","29":"tag-schliefach","30":"tag-staatsanwaltschaft","31":"tag-tresorraum","32":"tag-wiedenbrck","33":"tag-wochenkommentar"},"share_on_mastodon":{"url":"","error":"Validation failed: Text character limit of 500 exceeded"},"_links":{"self":[{"href":"https:\/\/www.europesays.com\/de\/wp-json\/wp\/v2\/posts\/743169","targetHints":{"allow":["GET"]}}],"collection":[{"href":"https:\/\/www.europesays.com\/de\/wp-json\/wp\/v2\/posts"}],"about":[{"href":"https:\/\/www.europesays.com\/de\/wp-json\/wp\/v2\/types\/post"}],"author":[{"embeddable":true,"href":"https:\/\/www.europesays.com\/de\/wp-json\/wp\/v2\/users\/2"}],"replies":[{"embeddable":true,"href":"https:\/\/www.europesays.com\/de\/wp-json\/wp\/v2\/comments?post=743169"}],"version-history":[{"count":0,"href":"https:\/\/www.europesays.com\/de\/wp-json\/wp\/v2\/posts\/743169\/revisions"}],"wp:featuredmedia":[{"embeddable":true,"href":"https:\/\/www.europesays.com\/de\/wp-json\/wp\/v2\/media\/743170"}],"wp:attachment":[{"href":"https:\/\/www.europesays.com\/de\/wp-json\/wp\/v2\/media?parent=743169"}],"wp:term":[{"taxonomy":"category","embeddable":true,"href":"https:\/\/www.europesays.com\/de\/wp-json\/wp\/v2\/categories?post=743169"},{"taxonomy":"post_tag","embeddable":true,"href":"https:\/\/www.europesays.com\/de\/wp-json\/wp\/v2\/tags?post=743169"}],"curies":[{"name":"wp","href":"https:\/\/api.w.org\/{rel}","templated":true}]}}