{"id":743171,"date":"2026-01-24T11:56:19","date_gmt":"2026-01-24T11:56:19","guid":{"rendered":"https:\/\/www.europesays.com\/de\/743171\/"},"modified":"2026-01-24T11:56:19","modified_gmt":"2026-01-24T11:56:19","slug":"nach-glatteiswarnung-fuer-bielefeld-in-der-city-verlaufen-nacht-und-frueher-morgen-glimpflich","status":"publish","type":"post","link":"https:\/\/www.europesays.com\/de\/743171\/","title":{"rendered":"Nach Glatteiswarnung f\u00fcr Bielefeld: In der City verlaufen Nacht und fr\u00fcher Morgen glimpflich"},"content":{"rendered":"<p id=\"absatz1\" class=\"em_text\">Bielefeld. Der Samstagmorgen, 24. Januar, stellt sich in Bielefeld entspannt dar. Nach Glatteiswarnungen des Deutschen Wetterdienstes (DWD) ist die Verkehrssituation in Bielefeld ruhig.<\/p>\n<p id=\"absatz2\" class=\"em_text\">Der DWD hatte Warnungen f\u00fcr Bielefeld herausgegeben. Glatteisgefahr bestand laut DWD in Bielefeld am Freitagnachmittag, 23. Januar, bereits ab 17 Uhr nachmittags. Alle Verkehrsteilnehmer sollten ihr Verhalten im Stra\u00dfenverkehr den Wetterverh\u00e4ltnissen anpassen, so die Empfehlung.<\/p>\n<p id=\"absatz3\" class=\"em_text\">Ab Mitternacht galt dann am 24. Januar die erh\u00f6hte Warnstufe vor \u201emarkanter Gl\u00e4tte\u201c aufgrund von gefrierendem Regen. Sogenanntes Blitzeis k\u00f6nnte sich bilden.<\/p>\n<p>Polizei Bielefeld verzeichnet eine unfallfreie Eis-Nacht<\/p>\n<p class=\"em_text\">Die Leitstelle der Polizei Bielefeld teilt auf Anfrage von nw.de am Samstagmorgen mit, dass es in der Nacht und den Morgenstunden keine Unf\u00e4lle oder Glatteiseins\u00e4tze gab.<\/p>\n<p id=\"absatz5\" class=\"em_text\">Die Handlungsempfehlungen des Wetterdienstes bei Glatteiswarnung sind: Nicht notwendige Aufenthalte im Freien sowie Fahrten sollten vermieden werden. Wo das nicht m\u00f6glich ist, sollte das Verhalten im Stra\u00dfenverkehr angepasst werden. Verz\u00f6gerungen und Behinderungen seien einzuplanen.<\/p>\n<p id=\"absatz6\"><b class=\"bold\">Glatteis in Bielefeld:<\/b> <a href=\"https:\/\/www.nw.de\/lokal\/bielefeld\/mitte\/24247178_Schnee-und-Glatteis-in-Bielefeld-Wer-entscheidet-ob-die-Schule-ausfaellt.html\" target=\"_blank\" rel=\"noopener\">Wer entscheidet, ob die Schule ausf\u00e4llt? <\/a><\/p>\n<p>        <a href=\"https:\/\/www.nw.de\/_em_daten\/_cache\/image\/1xamgzOVMrNUNNaU5GT3h6dzNDV2NvYVZoai96MFVVQVEvc0RtNHZMOHBOM2hMd0d0dFJ5ZTJhRktTbEFjUHhYOVhsU215SmdGcEZxZ1VBTVB3cEtLMkE9PQ\/260123-1334-789006310.jpg\" class=\"nw-article-image\" title=\"Ab 17 Uhr wird es wieder glatt in Bielefeld, gefrierender Regen kann die Lage in der Nacht weiter versch\u00e4rfen. Die DWD-Karte zeigt den betroffenen Bereich an.\" data-glightbox=\"type: image; description: Ab 17 Uhr wird es wieder glatt in Bielefeld, gefrierender Regen kann die Lage in der Nacht weiter versch\u00e4rfen. Die DWD-Karte zeigt den betroffenen Bereich an.  | \u00a9 Screenshot: DWD\/cpa (23. Januar) \" target=\"_blank\" rel=\"noopener\"><br \/>\n            <img decoding=\"async\" src=\"https:\/\/www.europesays.com\/de\/wp-content\/uploads\/2026\/01\/260123-1334-789006310.jpg\" class=\"nw-img-fluid nw-w-full nw-lazy nw-rounded-t-md\" alt=\"Ab 17 Uhr wird es wieder glatt in Bielefeld, gefrierender Regen kann die Lage in der Nacht weiter versch\u00e4rfen. Die DWD-Karte zeigt den betroffenen Bereich an. - \u00a9 Screenshot: DWD\/cpa (23. Januar)\" data-format=\"16:9\"\/><br \/>\n        <\/a><\/p>\n<p>                Ab 17 Uhr wird es wieder glatt in Bielefeld, gefrierender Regen kann die Lage in der Nacht weiter versch\u00e4rfen. Die DWD-Karte zeigt den betroffenen Bereich an.<br \/>\n                                    | \u00a9 Screenshot: DWD\/cpa (23. Januar)<\/p>\n<p id=\"absatz7\" class=\"em_text\">Zuvor hatte der DWD am 23. Januar bereits eine kurzfristige Warnung in den Morgenstunden herausgegeben, die bis 9 Uhr ebenfalls vor markanter Gl\u00e4tte und gefrierendem Regen warnte. Sp\u00e4ter wurde die Warnung bis 11 Uhr verl\u00e4ngert. Die Polizeileitstelle berichtete bis 7 Uhr von lediglich zwei kleineren Unf\u00e4llen im Zusammenhang mit Glatteis.<\/p>\n<p id=\"absatz8\" class=\"em_text\">Bei mehreren Glatteis-Unf\u00e4llen auf der eisglatten A44 sind unterdessen am fr\u00fchen Freitagmorgen, 23. Januar, in direkter Nachbarschaft des Kreises Paderborn drei Menschen ums Leben gekommen. Laut Polizei sollen sich innerhalb kurzer Zeit 17 Unf\u00e4lle ereignet haben.<\/p>\n<p id=\"absatz9\"><b class=\"bold\">Glatteis in OWL: <\/b><a href=\"https:\/\/www.nw.de\/lokal\/kreis_paderborn\/lichtenau\/24256622_Drei-Tote-bei-Unfallserie-auf-eisglatter-A44-im-Kreis-Paderborn-Vollsperrung.html\" target=\"_blank\" rel=\"noopener\">Drei Tote bei Unfallserie auf eisglatter A44 im Kreis Paderborn \u2013 Vollsperrung <\/a><\/p>\n","protected":false},"excerpt":{"rendered":"Bielefeld. Der Samstagmorgen, 24. Januar, stellt sich in Bielefeld entspannt dar. Nach Glatteiswarnungen des Deutschen Wetterdienstes (DWD) ist&hellip;\n","protected":false},"author":2,"featured_media":741289,"comment_status":"","ping_status":"","sticky":false,"template":"","format":"standard","meta":{"footnotes":""},"categories":[1841],"tags":[1605,3364,29,4906,30,159364,161476,1611,1606,2379,9308,9310,15354,1608,118550,734,736,164252,16384,1613,1209,121],"class_list":{"0":"post-743171","1":"post","2":"type-post","3":"status-publish","4":"format-standard","5":"has-post-thumbnail","7":"category-bielefeld","8":"tag-bielefeld","9":"tag-de","10":"tag-deutschland","11":"tag-dwd","12":"tag-germany","13":"tag-gltte","14":"tag-glatteiswarnung","15":"tag-label_informiere-mich","16":"tag-label_m-80","17":"tag-label_push","18":"tag-label_republish","19":"tag-label_social","20":"tag-label_stroer","21":"tag-label_top-news","22":"tag-label_whatsapp","23":"tag-meta_artikelklasse_nachricht","24":"tag-meta_copyrights_nw","25":"tag-meta_eo_zusammenfassung","26":"tag-meta_themen_blaulicht_sicherheit","27":"tag-meta_userneeds_informieremich","28":"tag-nordrhein-westfalen","29":"tag-polizei"},"share_on_mastodon":{"url":"https:\/\/pubeurope.com\/@de\/115949953863354624","error":""},"_links":{"self":[{"href":"https:\/\/www.europesays.com\/de\/wp-json\/wp\/v2\/posts\/743171","targetHints":{"allow":["GET"]}}],"collection":[{"href":"https:\/\/www.europesays.com\/de\/wp-json\/wp\/v2\/posts"}],"about":[{"href":"https:\/\/www.europesays.com\/de\/wp-json\/wp\/v2\/types\/post"}],"author":[{"embeddable":true,"href":"https:\/\/www.europesays.com\/de\/wp-json\/wp\/v2\/users\/2"}],"replies":[{"embeddable":true,"href":"https:\/\/www.europesays.com\/de\/wp-json\/wp\/v2\/comments?post=743171"}],"version-history":[{"count":0,"href":"https:\/\/www.europesays.com\/de\/wp-json\/wp\/v2\/posts\/743171\/revisions"}],"wp:featuredmedia":[{"embeddable":true,"href":"https:\/\/www.europesays.com\/de\/wp-json\/wp\/v2\/media\/741289"}],"wp:attachment":[{"href":"https:\/\/www.europesays.com\/de\/wp-json\/wp\/v2\/media?parent=743171"}],"wp:term":[{"taxonomy":"category","embeddable":true,"href":"https:\/\/www.europesays.com\/de\/wp-json\/wp\/v2\/categories?post=743171"},{"taxonomy":"post_tag","embeddable":true,"href":"https:\/\/www.europesays.com\/de\/wp-json\/wp\/v2\/tags?post=743171"}],"curies":[{"name":"wp","href":"https:\/\/api.w.org\/{rel}","templated":true}]}}