{"id":743187,"date":"2026-01-24T12:06:39","date_gmt":"2026-01-24T12:06:39","guid":{"rendered":"https:\/\/www.europesays.com\/de\/743187\/"},"modified":"2026-01-24T12:06:39","modified_gmt":"2026-01-24T12:06:39","slug":"renew-europe-vorsitzende-hayer-muessen-trump-mit-harten-bandagen-bekaempfen","status":"publish","type":"post","link":"https:\/\/www.europesays.com\/de\/743187\/","title":{"rendered":"Renew Europe-Vorsitzende Hayer: M\u00fcssen Trump mit harten Bandagen bek\u00e4mpfen"},"content":{"rendered":"<p class=\"mb-4 text-lg md:leading-8 break-words\">Europa muss &#8222;mit harten Bandagen k\u00e4mpfen&#8220;, wenn es mit den neuen Drohungen von US-Pr\u00e4sident Donald Trump konfrontiert wird, Z\u00f6lle auf europ\u00e4ische L\u00e4nder zu erheben und die Kontrolle \u00fcber Gr\u00f6nland an sich zu rei\u00dfen. Das sagt die Europaabgeordnete und Vorsitzende der parlamentarischen Gruppe &#8222;Renew Europe&#8220; in der Euronews-Morgensendung &#8222;Europe Today&#8220;.<\/p>\n<p>&#8222;Trump versteht nur die Sprache der St\u00e4rke&#8220;<\/p>\n<p class=\"mb-4 text-lg md:leading-8 break-words\">&#8222;Wir sollten st\u00e4rker sein, als wir es bis jetzt waren. Wir sollten anerkennen, dass die Beschwichtigungsstrategie, das Appeasement, vorbei ist und dass wir jetzt mit harten Bandagen k\u00e4mpfen m\u00fcssen, denn Trump versteht nur das Gleichgewicht der Macht und die Sprache der St\u00e4rke&#8220;, sagte sie.<\/p>\n<p class=\"mb-4 text-lg md:leading-8 break-words\">Trumps Rede auf dem Weltwirtschaftsforum in Davos in der Schweiz wird mit Spannung erwartet.<\/p>\n<p><img alt=\"US-Pr\u00e4sident Donald Trump besteigt die Air Force One f\u00fcr eine Reise zum Weltwirtschaftsforum in Davos, 20. Januar 2026\" loading=\"lazy\" width=\"808\" height=\"539\" decoding=\"async\" data-nimg=\"1\" class=\"rounded-lg\" style=\"color:transparent\" src=\"https:\/\/www.europesays.com\/de\/wp-content\/uploads\/2026\/01\/366dabe06617eb1e4193c73147b564cd.jpeg\"\/><\/p>\n<p> US-Pr\u00e4sident Donald Trump besteigt die Air Force One f\u00fcr eine Reise zum Weltwirtschaftsforum in Davos, 20. Januar 2026   &#8211; AP Photo <\/p>\n<p class=\"mb-4 text-lg md:leading-8 break-words\">Die von Trump angedrohten Z\u00f6lle gegen D\u00e4nemark und sieben andere europ\u00e4ische Verb\u00fcndete w\u00fcrden im Februar bei 10 % beginnen, womit er das im letzten Sommer in Schottland unterzeichnete Handelsabkommen zwischen der EU und den USA aufk\u00fcndigen w\u00fcrde. Die Z\u00f6lle k\u00f6nnten im Juni sogar auf 25 % steigen, wenn keine Vereinbarung \u00fcber den &#8222;vollst\u00e4ndigen und totalen Kauf Gr\u00f6nlands&#8220; durch die Vereinigten Staaten zustande k\u00e4me, so Trump.<\/p>\n<p class=\"mb-4 text-lg md:leading-8 break-words\">Zur Drohung des US-Pr\u00e4sidenten, dass er Z\u00f6lle als Druckmittel gegen europ\u00e4ische L\u00e4nder wegen Gr\u00f6nland einsetzen w\u00fcrde, sagte Hayer, Europa solle &#8222;sein eigenes wirtschaftliches Druckmittel&#8220; zeigen und bereit sein, es einzusetzen.<\/p>\n<p class=\"mb-4 text-lg md:leading-8 break-words\">&#8222;Wir k\u00f6nnten neue Z\u00f6lle beschlie\u00dfen. Wir k\u00f6nnten beschlie\u00dfen, amerikanische Schulden zu verkaufen. Wissen Sie, dass wir mehr als 1 Billion Dollar an amerikanischen Schulden haben?&#8220;<\/p>\n<p class=\"mb-4 text-lg md:leading-8 break-words\">Hayer sprach sich auch daf\u00fcr aus, den <a href=\"https:\/\/de.euronews.com\/my-europe\/2026\/01\/18\/trump-eu-bazooka-aci\" rel=\"nofollow noopener\" target=\"_blank\" data-ylk=\"slk:Antizwangsmechanismus der EU;elm:context_link;itc:0;sec:content-canvas\" class=\"link \"><strong>Antizwangsmechanismus der EU<\/strong><\/a> zur Deeskalation der Spannungen zu nutzen. Die so genannte &#8222;Handelsbazooka&#8220; oder das Anti-Coercion Instrument der EU ist eine der Optionen, die erwogen werden. Durch diese Ma\u00dfnahme w\u00fcrde US-Unternehmen den Zugang zum europ\u00e4ischen Binnenmarkt verwehrt.<\/p>\n<p><img alt=\"Polarlicht am Himmel \u00fcber Nuuk, 20. Januar, 2026\" loading=\"lazy\" width=\"808\" height=\"539\" decoding=\"async\" data-nimg=\"1\" class=\"rounded-lg\" style=\"color:transparent\" src=\"https:\/\/www.europesays.com\/de\/wp-content\/uploads\/2026\/01\/cab6d99a7ce41b76586c3ce4f5217a13.jpeg\"\/><\/p>\n<p> Polarlichter am Himmel \u00fcber Nuuk, 20. Januar 2026   &#8211; AP Photo <\/p>\n<p class=\"mb-4 text-lg md:leading-8 break-words\">Der franz\u00f6sische Pr\u00e4sident Emmanuel Macron sagte am Dienstag, dass <a href=\"https:\/\/de.nachrichten.yahoo.com\/macron-davos-setzen-respekt-statt-194852207.html\" data-ylk=\"slk:Europa Respekt bevorzuge, keine Tyrannen;elm:context_link;itc:0;sec:content-canvas;outcm:mb_qualified_link;_E:mb_qualified_link;ct:story;\" class=\"link  yahoo-link\" target=\"_blank\" rel=\"noopener\"><strong>Europa Respekt bevorzuge, keine Tyrannen<\/strong><\/a> und dass die EU &#8222;nicht z\u00f6gern&#8220; solle, ihn einzusetzen.<\/p>\n<p class=\"mb-4 text-lg md:leading-8 break-words\">Hayer rief andere Fraktionen im Europ\u00e4ischen Parlament dazu auf, ebenfalls eine aggressivere Position einzunehmen. &#8222;Wir sind seit dem ersten Tag mit Donald Trump ruhig geblieben. Und wir m\u00fcssen zugeben, dass das nicht funktioniert.&#8220;<\/p>\n","protected":false},"excerpt":{"rendered":"Europa muss &#8222;mit harten Bandagen k\u00e4mpfen&#8220;, wenn es mit den neuen Drohungen von US-Pr\u00e4sident Donald Trump konfrontiert wird,&hellip;\n","protected":false},"author":2,"featured_media":743188,"comment_status":"","ping_status":"","sticky":false,"template":"","format":"standard","meta":{"footnotes":""},"categories":[3933],"tags":[331,332,169936,106,548,663,169935,158,3934,3935,13,14,15,12,211],"class_list":{"0":"post-743187","1":"post","2":"type-post","3":"status-publish","4":"format-standard","5":"has-post-thumbnail","7":"category-eu","8":"tag-aktuelle-nachrichten","9":"tag-aktuelle-news","10":"tag-bandagen","11":"tag-donald-trump","12":"tag-eu","13":"tag-europa","14":"tag-europaeische-laender","15":"tag-europaeische-union","16":"tag-europe","17":"tag-european-union","18":"tag-headlines","19":"tag-nachrichten","20":"tag-news","21":"tag-schlagzeilen","22":"tag-zoelle"},"share_on_mastodon":{"url":"https:\/\/pubeurope.com\/@de\/115949993203766577","error":""},"_links":{"self":[{"href":"https:\/\/www.europesays.com\/de\/wp-json\/wp\/v2\/posts\/743187","targetHints":{"allow":["GET"]}}],"collection":[{"href":"https:\/\/www.europesays.com\/de\/wp-json\/wp\/v2\/posts"}],"about":[{"href":"https:\/\/www.europesays.com\/de\/wp-json\/wp\/v2\/types\/post"}],"author":[{"embeddable":true,"href":"https:\/\/www.europesays.com\/de\/wp-json\/wp\/v2\/users\/2"}],"replies":[{"embeddable":true,"href":"https:\/\/www.europesays.com\/de\/wp-json\/wp\/v2\/comments?post=743187"}],"version-history":[{"count":0,"href":"https:\/\/www.europesays.com\/de\/wp-json\/wp\/v2\/posts\/743187\/revisions"}],"wp:featuredmedia":[{"embeddable":true,"href":"https:\/\/www.europesays.com\/de\/wp-json\/wp\/v2\/media\/743188"}],"wp:attachment":[{"href":"https:\/\/www.europesays.com\/de\/wp-json\/wp\/v2\/media?parent=743187"}],"wp:term":[{"taxonomy":"category","embeddable":true,"href":"https:\/\/www.europesays.com\/de\/wp-json\/wp\/v2\/categories?post=743187"},{"taxonomy":"post_tag","embeddable":true,"href":"https:\/\/www.europesays.com\/de\/wp-json\/wp\/v2\/tags?post=743187"}],"curies":[{"name":"wp","href":"https:\/\/api.w.org\/{rel}","templated":true}]}}