{"id":743229,"date":"2026-01-24T12:30:15","date_gmt":"2026-01-24T12:30:15","guid":{"rendered":"https:\/\/www.europesays.com\/de\/743229\/"},"modified":"2026-01-24T12:30:15","modified_gmt":"2026-01-24T12:30:15","slug":"fortuna-duesseldorf-hannover-96-so-sehen-sie-das-spiel-live-im-tv","status":"publish","type":"post","link":"https:\/\/www.europesays.com\/de\/743229\/","title":{"rendered":"Fortuna D\u00fcsseldorf &#8211; Hannover 96: So sehen Sie das Spiel live im TV"},"content":{"rendered":"<p>19. Spieltag in der 2. Bundesliga <\/p>\n<p>Fortuna in Hannover: Hier l\u00e4uft die Partie live im TV<\/p>\n<p>Aktualisiert am 24.01.2026 &#8211; 12:16 UhrLesedauer: 1 Min.<\/p>\n<p><a href=\"#focus-0\" class=\"transition-colors duration-200 block text-current relative\" data-sctrack=\"FocusGalleryImage.Reference\"><img fetchpriority=\"high\" data-testid=\"Opener.Image\" style=\"--lqipURL:url('https:\/\/images.t-online.de\/2026\/01\/HQLuKwy-Nwvw\/0x236:4000x2250\/fit-in\/150x0\/filters:blur(25)\/duesseldorfs-shinta-appelkamp-im-duell-mit-stefano-russo-zum-saisonauftakt-verlor-fortuna-duesseldorf-deutlich-mit-1-5-bei-aufsteiger-arminia-bielefeld.jpg')\"   loading=\"eager\" src=\"https:\/\/www.europesays.com\/de\/wp-content\/uploads\/2026\/01\/1769257815_742_duesseldorfs-shinta-appelkamp-im-duell-mit-stefano-russo-zum-saisonauftakt-verlor-fortuna-duesseldor.jpeg\" alt=\"D\u00fcsseldorfs Shinta Appelkamp im Duell mit Stefano Russo: Zum Saisonauftakt verlor Fortuna D\u00fcsseldorf deutlich mit 1:5 bei Aufsteiger Arminia Bielefeld.\" title=\"D\u00fcsseldorfs Shinta Appelkamp im Duell mit Stefano Russo: Zum Saisonauftakt verlor Fortuna D\u00fcsseldorf deutlich mit 1:5 bei Aufsteiger Arminia Bielefeld.\" width=\"4000\" height=\"2250\" class=\"bg-[url:var(--lqipURL)] bg-cover bg-center flex h-full w-full max-w-full\" decoding=\"async\"\/><img style=\"--width:32;--height:32\" loading=\"lazy\" src=\"https:\/\/duesseldorf.t-online.de\/s\/paper\/_next\/static\/media\/zoom-in.f7dae02f.svg\" alt=\"Vergr\u00f6\u00dfern des Bildes\" title=\"Vergr\u00f6\u00dfern des Bildes\" class=\"block h-[calc(var(--height)_\/_16_*_1rem)] w-[calc(var(--width)_\/_16_*_1rem)] max-w-none absolute bottom-8 right-8 rounded-4 bg-snow p-8\" decoding=\"async\"\/><\/a><\/p>\n<p>D\u00fcsseldorfs Shinta Appelkamp im Duell mit Stefano Russo: Zum Saisonauftakt verlor Fortuna D\u00fcsseldorf deutlich mit 1:5 bei Aufsteiger Arminia Bielefeld. (Quelle: IMAGO\/osnapix \/ Michael Titgemeyer)<\/p>\n<p class=\"font-bold text-18 leading-17\">Fortuna D\u00fcsseldorf trifft am Samstag ausw\u00e4rts auf Hannover 96. Wo das Spiel im Stream und TV l\u00e4uft.<\/p>\n<p class=\"text-18 leading-17\">Nach dem erfolgreichen 1:0 \u00fcber Bielefeld konnte D\u00fcsseldorf den Tabellenkeller zum Auftakt der R\u00fcckrunde in der 2. Bundesliga vorerst verlassen. In Hannover will die Fortuna erneut drei Punkte holen.<\/p>\n<p class=\"text-18 leading-17\">Das Zweitliga-Spiel zwischen <a class=\"transition-colors duration-200 cursor-pointer text-inherit no-underline text-salemsfur md:hover:text-magenta md:hover:border-magenta md:focus:text-magenta border-current border-b border-solid break-words\" href=\"https:\/\/www.t-online.de\/themen\/fortuna-duesseldorf\/\" data-sctrack=\"BodyAnchor\" target=\"_blank\" rel=\"noopener\">Fortuna D\u00fcsseldorf<\/a> und Hannover 96 ist in voller L\u00e4nge nur beim Pay-TV-Sender <strong class=\"font-bold\">Sky Sport<\/strong> zu sehen. Der Sportsender \u00fcbertr\u00e4gt das Spiel live und auf dem Kanal <strong class=\"font-bold\">Sky Sport Bundesliga 4<\/strong> ab 12.30 Uhr. Kommentiert wird die Partie von <strong class=\"font-bold\">Oliver Seidler<\/strong>.<\/p>\n<p class=\"text-18 leading-17\">Au\u00dferdem steigt Sky Sport ab 18 Uhr in die Berichterstattung zur Zweitliga-Konferenz ein. Dort ist die Begegnung ebenfalls zu sehen. Die Konferenz l\u00e4uft auf dem Sender <strong class=\"font-bold\">Sky Sport Bundesliga 2<\/strong>. F\u00fcr die Angebote von DAZN und Sky Sport ist jeweils ein kostenpflichtiges Abonnement notwendig.<\/p>\n<p class=\"text-18 leading-17\">Das Spiel zwischen Fortuna D\u00fcsseldorf und Hannover 96 ist <strong class=\"font-bold\">nicht im Free-TV<\/strong> zu sehen. Lediglich laufen die Zusammenfassungen der Partie im Anschluss im frei empfangbaren Fernsehen, beispielsweise in der Sportschau (ARD), dem aktuellen Sportstudio (ZDF) oder auf den YouTube-Kan\u00e4len der Rechteinhaber.<\/p>\n<p class=\"text-18 leading-17\">TV-Sender Sky bietet \u00fcber seine &#8222;Sky Go&#8220;-App eine Live-\u00dcbertragung des Spiels in voller L\u00e4nge an. Die Zweitliga-Konferenz von Sky ist ebenfalls \u00fcber die App oder die Internetseite des Anbieters per Stream abrufbar. Auch hierf\u00fcr m\u00fcssen Interessierte bezahlen.<\/p>\n<p class=\"text-18 leading-17\">Kostenlose Livestreams mit schlechterer Bild- und Tonqualit\u00e4t sind im Internet ebenfalls zu finden. Die Legalit\u00e4t solcher Streams ist aber nicht verifiziert.<\/p>\n","protected":false},"excerpt":{"rendered":"19. Spieltag in der 2. Bundesliga Fortuna in Hannover: Hier l\u00e4uft die Partie live im TV Aktualisiert am&hellip;\n","protected":false},"author":2,"featured_media":720202,"comment_status":"","ping_status":"","sticky":false,"template":"","format":"standard","meta":{"footnotes":""},"categories":[1831],"tags":[100287,146025,621,2368,1605,3364,29,3405,3132,485,30,46,2366,1209,169938,59364,165730,15675,24480],"class_list":{"0":"post-743229","1":"post","2":"type-post","3":"status-publish","4":"format-standard","5":"has-post-thumbnail","7":"category-duesseldorf","8":"tag-100287","9":"tag-146025","10":"tag-2-bundesliga","11":"tag-arminia-bielefeld","12":"tag-bielefeld","13":"tag-de","14":"tag-deutschland","15":"tag-duesseldorf","16":"tag-fortuna-duesseldorf","17":"tag-fussball-bundesliga","18":"tag-germany","19":"tag-hannover","20":"tag-hannover-96","21":"tag-nordrhein-westfalen","22":"tag-oliver-seidler","23":"tag-saisonauftakt","24":"tag-sky-go","25":"tag-sky-sports","26":"tag-stefano-russo"},"share_on_mastodon":{"url":"https:\/\/pubeurope.com\/@de\/115950087688022421","error":""},"_links":{"self":[{"href":"https:\/\/www.europesays.com\/de\/wp-json\/wp\/v2\/posts\/743229","targetHints":{"allow":["GET"]}}],"collection":[{"href":"https:\/\/www.europesays.com\/de\/wp-json\/wp\/v2\/posts"}],"about":[{"href":"https:\/\/www.europesays.com\/de\/wp-json\/wp\/v2\/types\/post"}],"author":[{"embeddable":true,"href":"https:\/\/www.europesays.com\/de\/wp-json\/wp\/v2\/users\/2"}],"replies":[{"embeddable":true,"href":"https:\/\/www.europesays.com\/de\/wp-json\/wp\/v2\/comments?post=743229"}],"version-history":[{"count":0,"href":"https:\/\/www.europesays.com\/de\/wp-json\/wp\/v2\/posts\/743229\/revisions"}],"wp:featuredmedia":[{"embeddable":true,"href":"https:\/\/www.europesays.com\/de\/wp-json\/wp\/v2\/media\/720202"}],"wp:attachment":[{"href":"https:\/\/www.europesays.com\/de\/wp-json\/wp\/v2\/media?parent=743229"}],"wp:term":[{"taxonomy":"category","embeddable":true,"href":"https:\/\/www.europesays.com\/de\/wp-json\/wp\/v2\/categories?post=743229"},{"taxonomy":"post_tag","embeddable":true,"href":"https:\/\/www.europesays.com\/de\/wp-json\/wp\/v2\/tags?post=743229"}],"curies":[{"name":"wp","href":"https:\/\/api.w.org\/{rel}","templated":true}]}}