{"id":743271,"date":"2026-01-24T12:54:12","date_gmt":"2026-01-24T12:54:12","guid":{"rendered":"https:\/\/www.europesays.com\/de\/743271\/"},"modified":"2026-01-24T12:54:12","modified_gmt":"2026-01-24T12:54:12","slug":"abfahrt-in-kitzbuehel-shootingstar-gewinnt-millisekunden-drama-um-odermatt-sport","status":"publish","type":"post","link":"https:\/\/www.europesays.com\/de\/743271\/","title":{"rendered":"Abfahrt in Kitzb\u00fchel: Shootingstar gewinnt, Millisekunden-Drama um Odermatt | Sport"},"content":{"rendered":"<p><a class=\"skip-content skip-content--link\" href=\"#in-content-skip-link-target-v-0-0\">TTS-Player \u00fcberspringen\u21b5<\/a><a id=\"in-content-skip-link-target-v-0-0\" class=\"skip-content--target-link-hidden skip-content skip-content--target-link\" href=\"#in-content-skip-link-target-v-0-0\">Artikel weiterlesen<\/a><\/p>\n<p><b>Er ist der neue Speed-King! Giovanni Franzoni (24) gewinnt die 86. Ausgabe des legend\u00e4ren Hahnenkamm-Rennens in Kitzb\u00fchel. Knapp zwei Wochen vor den <\/b><a href=\"https:\/\/www.bild.de\/sport\/olympia\/olympia-2026-alles-was-sie-zu-den-winterspielen-in-italien-wissen-muessen-6866440faa0dfb270f804575\" class=\"text-link\" target=\"_blank\" rel=\"noopener\"><b>Olympischen Spielen in Norditalien<\/b><\/a><b> (6. bis 22. Februar) ist der Italiener bei der Abfahrt auf der ber\u00fchmt-ber\u00fcchtigten Streif das Ma\u00df aller Dinge. Vor rund 45 000 jubelnden Fans entwickelt sich ein absoluter Krimi!<\/b><\/p>\n<p>Franzoni steht von Beginn an im Fokus. Er brannte zuletzt in<a href=\"https:\/\/sportbild.bild.de\/sportmix\/wintersport\/ski-giovanni-franzoni-widmet-sieg-verstorbenem-kollegen-696b6dc76b40895ba7f70f5c\" class=\"text-link\" target=\"_blank\" rel=\"noopener\"> Wengen im Super-G<\/a> einen ph\u00e4nomenalen Lauf in den Schnee, feierte am Ende seinen ersten Weltcup-Erfolg. Und auch in Kitzb\u00fchel macht er wieder auf sich aufmerksam. In beiden Trainings fuhr er Bestzeit \u2013 und lie\u00df dabei sogar Ski-Dominator Marco Odermatt (28) hinter sich.<\/p>\n<p>Franzoni rast zum Sieg \u2013\u00a0Millisekunden-Drama um Odermatt<\/p>\n<p>Alles ist also angerichtet f\u00fcr ein hochspannendes Rennen. Franzoni st\u00fcrzt sich als Zweiter die Streif runter und rast direkt zu einer Mega-Zeit! 1:52,31 Minuten leuchten im Ziel auf. Den Streckenrekord von 1:51,58 Minuten, den der fr\u00fchere Skirennfahrer Fritz Strobl schon 1997 aufgestellt hatte, verpasst der Italiener aber knapp.<\/p>\n<p>An Franzonis Zeit bei\u00dft sich die Konkurrenz lange die Z\u00e4hne aus \u2013 bis der Gesamtweltcup-F\u00fchrende Marco Odermatt auf die Strecke geht. Der Schweizer Dominator erwischt einen super Start, die ersten Zwischenzeiten blinken gr\u00fcn. Doch vor dem Hausberg dr\u00fcckt es ihn leicht nach au\u00dfen. Am Ende schrammt er minimale sieben Hundertstel an der F\u00fchrung vorbei!<\/p>\n<p><img decoding=\"async\" width=\"992\" height=\"558\" alt=\"Ski-Dominator Marco Odermatt (28) wurde auf der Streif Zweiter\" src=\"https:\/\/www.europesays.com\/de\/wp-content\/uploads\/2026\/01\/fb494a159c94f9bfff6d6d48d7c693eb,7b88fb14.jpeg\"   class=\"landscape\" loading=\"lazy\"\/><\/p>\n<p class=\"fig__caption__text\">Ski-Dominator Marco Odermatt (28) wurde auf der Streif Zweiter<\/p>\n<p>Foto: Hans Klaus Techt\/APA\/dpa<\/p>\n<p>Franzoni \u00fcbergl\u00fccklich am ARD-Mikro: \u201eEs ist verr\u00fcckt, ich zittere am ganzen K\u00f6rper. Jetzt bin ich hier Erster. Das ist ohne Worte. Es ist der gr\u00f6\u00dfte Sportmoment in meinem Leben.\u201c<\/p>\n<p>F\u00fcr Odermatt geht damit sein Streif-Fluch weiter. Der Schweizer hat im Ski-Sport schon so gut wie alles gewonnen, was es zu gewinnen gibt \u2013 doch ein Sieg in der Abfahrt von Kitzb\u00fchel, dem gr\u00f6\u00dften Spektakel von allen, wollte ihm noch nicht gelingen. Am Freitag hatte er auf der Strecke den Super-G gewonnen.<\/p>\n<p>Odermatt: \u201eHeute gab es nur eins und das war der Sieg. Und wenn es dann wieder nicht klappt, tut das schon weh.\u201c<\/p>\n<p>Shootingstar wird im Ziel emotional<\/p>\n<p>Der Franzose Maxence Muzaton wird sensationeller Dritter. Mit Startnummer 29 geht er ins Rennen und kratzt sogar an der Sensation. Am Ende fehlen nur 0,39 Sekunden auf den Tagessieger. Schon w\u00e4hrend er der Konkurrenz vom Sessel des F\u00fchrenden zuschaut, kommen dem ehemaligen Junioren-Weltmeister die Freudentr\u00e4nen.<\/p>\n<p><img decoding=\"async\" width=\"992\" height=\"558\" alt=\"Franzoni kommen im Ziel die Freudentr\u00e4nen\" src=\"https:\/\/www.europesays.com\/de\/wp-content\/uploads\/2026\/01\/8cd617325e5cb5f618f92210c60c6ef4,5d2790bd.jpeg\"   class=\"landscape\" loading=\"lazy\"\/><\/p>\n<p class=\"fig__caption__text\">Franzoni kommen im Ziel die Freudentr\u00e4nen<\/p>\n<p>Foto: ARD<\/p>\n<p>Bester Deutscher wird Luis Vogt. Nach einem ganz starken Ritt wird er Achter (+0,95 Sekunden). <\/p>\n","protected":false},"excerpt":{"rendered":"TTS-Player \u00fcberspringen\u21b5Artikel weiterlesen Er ist der neue Speed-King! Giovanni Franzoni (24) gewinnt die 86. Ausgabe des legend\u00e4ren Hahnenkamm-Rennens&hellip;\n","protected":false},"author":2,"featured_media":743272,"comment_status":"","ping_status":"","sticky":false,"template":"","format":"standard","meta":{"footnotes":""},"categories":[136],"tags":[5550,29,168923,30,9290,5548,265,45,864],"class_list":{"0":"post-743271","1":"post","2":"type-post","3":"status-publish","4":"format-standard","5":"has-post-thumbnail","7":"category-sport","8":"tag-abfahrt","9":"tag-deutschland","10":"tag-die-streif","11":"tag-germany","12":"tag-kitzbuehel","13":"tag-ski-alpin","14":"tag-sport","15":"tag-texttospeech","16":"tag-wintersport"},"share_on_mastodon":{"url":"https:\/\/pubeurope.com\/@de\/115950181765289651","error":""},"_links":{"self":[{"href":"https:\/\/www.europesays.com\/de\/wp-json\/wp\/v2\/posts\/743271","targetHints":{"allow":["GET"]}}],"collection":[{"href":"https:\/\/www.europesays.com\/de\/wp-json\/wp\/v2\/posts"}],"about":[{"href":"https:\/\/www.europesays.com\/de\/wp-json\/wp\/v2\/types\/post"}],"author":[{"embeddable":true,"href":"https:\/\/www.europesays.com\/de\/wp-json\/wp\/v2\/users\/2"}],"replies":[{"embeddable":true,"href":"https:\/\/www.europesays.com\/de\/wp-json\/wp\/v2\/comments?post=743271"}],"version-history":[{"count":0,"href":"https:\/\/www.europesays.com\/de\/wp-json\/wp\/v2\/posts\/743271\/revisions"}],"wp:featuredmedia":[{"embeddable":true,"href":"https:\/\/www.europesays.com\/de\/wp-json\/wp\/v2\/media\/743272"}],"wp:attachment":[{"href":"https:\/\/www.europesays.com\/de\/wp-json\/wp\/v2\/media?parent=743271"}],"wp:term":[{"taxonomy":"category","embeddable":true,"href":"https:\/\/www.europesays.com\/de\/wp-json\/wp\/v2\/categories?post=743271"},{"taxonomy":"post_tag","embeddable":true,"href":"https:\/\/www.europesays.com\/de\/wp-json\/wp\/v2\/tags?post=743271"}],"curies":[{"name":"wp","href":"https:\/\/api.w.org\/{rel}","templated":true}]}}