{"id":743340,"date":"2026-01-24T13:34:10","date_gmt":"2026-01-24T13:34:10","guid":{"rendered":"https:\/\/www.europesays.com\/de\/743340\/"},"modified":"2026-01-24T13:34:10","modified_gmt":"2026-01-24T13:34:10","slug":"forum-klimaanpassungskonzept-in-koenigswinter-radio-bonn-rhein-sieg","status":"publish","type":"post","link":"https:\/\/www.europesays.com\/de\/743340\/","title":{"rendered":"Forum Klimaanpassungskonzept in K\u00f6nigswinter &#8211; Radio Bonn \/ Rhein-Sieg"},"content":{"rendered":"<p>Beim &#8222;Forum Klimaanpassungskonzept&#8220; l\u00e4dt die Stadt K\u00f6nigswinter heute von 18 bis 21 Uhr zu einem offenen Austausch mit den B\u00fcrgerinnen und B\u00fcrgern in die Aula der Grundschule Sonnenh\u00fcgel ein. Dabei soll vor allem besprochen werden, wie sich die Stadt an den Klimawandel anpassen kann. Seit April 2025 arbeitet die Stadt an dem Klimaanpassungskonzept. Jetzt, nach rund sechs Monaten, stellt sie erste Ergebnisse vor.<\/p>\n","protected":false},"excerpt":{"rendered":"Beim &#8222;Forum Klimaanpassungskonzept&#8220; l\u00e4dt die Stadt K\u00f6nigswinter heute von 18 bis 21 Uhr zu einem offenen Austausch mit&hellip;\n","protected":false},"author":2,"featured_media":588859,"comment_status":"","ping_status":"","sticky":false,"template":"","format":"standard","meta":{"footnotes":"","_share_on_mastodon":"0"},"categories":[1842],"tags":[17628,1741,3364,29,30,25539,1548,1209],"class_list":["post-743340","post","type-post","status-publish","format-standard","has-post-thumbnail","category-bonn","tag-knigswinter","tag-bonn","tag-de","tag-deutschland","tag-germany","tag-klimaanpassung","tag-klimaschutz","tag-nordrhein-westfalen"],"share_on_mastodon":{"url":"https:\/\/pubeurope.com\/@de\/115950338940548521","error":""},"_links":{"self":[{"href":"https:\/\/www.europesays.com\/de\/wp-json\/wp\/v2\/posts\/743340","targetHints":{"allow":["GET"]}}],"collection":[{"href":"https:\/\/www.europesays.com\/de\/wp-json\/wp\/v2\/posts"}],"about":[{"href":"https:\/\/www.europesays.com\/de\/wp-json\/wp\/v2\/types\/post"}],"author":[{"embeddable":true,"href":"https:\/\/www.europesays.com\/de\/wp-json\/wp\/v2\/users\/2"}],"replies":[{"embeddable":true,"href":"https:\/\/www.europesays.com\/de\/wp-json\/wp\/v2\/comments?post=743340"}],"version-history":[{"count":0,"href":"https:\/\/www.europesays.com\/de\/wp-json\/wp\/v2\/posts\/743340\/revisions"}],"wp:featuredmedia":[{"embeddable":true,"href":"https:\/\/www.europesays.com\/de\/wp-json\/wp\/v2\/media\/588859"}],"wp:attachment":[{"href":"https:\/\/www.europesays.com\/de\/wp-json\/wp\/v2\/media?parent=743340"}],"wp:term":[{"taxonomy":"category","embeddable":true,"href":"https:\/\/www.europesays.com\/de\/wp-json\/wp\/v2\/categories?post=743340"},{"taxonomy":"post_tag","embeddable":true,"href":"https:\/\/www.europesays.com\/de\/wp-json\/wp\/v2\/tags?post=743340"}],"curies":[{"name":"wp","href":"https:\/\/api.w.org\/{rel}","templated":true}]}}