{"id":743402,"date":"2026-01-24T14:08:10","date_gmt":"2026-01-24T14:08:10","guid":{"rendered":"https:\/\/www.europesays.com\/de\/743402\/"},"modified":"2026-01-24T14:08:10","modified_gmt":"2026-01-24T14:08:10","slug":"mutmassliches-hamas-mitglied-am-flughafen-berlin-festgenommen","status":"publish","type":"post","link":"https:\/\/www.europesays.com\/de\/743402\/","title":{"rendered":"Mutma\u00dfliches Hamas-Mitglied am Flughafen Berlin festgenommen"},"content":{"rendered":"<p>\n         Zuerst ver\u00f6ffentlicht am<br \/>\n            24\/01\/2026 &#8211; 14:26 MEZ\n            <\/p>\n<p>Die Bundesanwaltschaft hat am Freitag ein mutma\u00dfliches Mitglied der Hamas festnehmen lassen. Nach Informationen des SPIEGEL verhafteten Einsatzkr\u00e4fte der Polizei gegen 23 Uhr am Flughafen Berlin Brandenburg den 36-j\u00e4hrigen Mohammad S., der kurz zuvor aus Beirut gelandet war.<\/p>\n<p>Ihm wird laut Angaben des Generalbundesanwalts beim Bundesgerichtshof (GBA) vorgeworfen, der terroristischen Vereinigung Hamas anzugeh\u00f6ren.<\/p>\n<p>Zudem soll er im August 2025 rund 300 Schuss Munition beschafft haben. Nach Einsch\u00e4tzung der Ermittler diente dies der Vorbereitung von Anschl\u00e4gen der Hamas auf israelische oder j\u00fcdische Einrichtungen in Deutschland und anderen europ\u00e4ischen L\u00e4ndern.<\/p>\n<p>Verbindung zu Festnahmen im Oktober 2025<\/p>\n<p>Der Verd\u00e4chtige steht in Verbindung mit Abed Al G., mit dem er laut Ermittlern in Absprache Waffen beschafft haben soll.<\/p>\n<p>Abed Al G. ist einer von drei M\u00e4nnern, die bereits im Oktober vergangenen Jahres in Berlin festgenommen wurden. Die Bundesanwaltschaft geht davon aus, dass sie Mitglieder und sogenannte Auslandsoperateure der pal\u00e4stinensischen Terrororganisation Hamas sind. <\/p>\n<p>Zwei von ihnen wurden zuvor bereits wochenlang vom Bundesamt f\u00fcr Verfassungsschutz observiert worden. Als kurzfristig eine Waffen\u00fcbergabe vereinbart wurde, entschieden sich Bundesanwaltschaft und Bundeskriminalamt damals daf\u00fcr, einzuschreiten.<\/p>\n<p>Dabei stellten die Ermittler ein Sturmgewehr vom Typ AK-47, mehrere Pistolen und eine gr\u00f6\u00dfere Menge Munition sicher. Nach \u00dcberzeugung der Ermittler sollten die Waffen f\u00fcr Anschl\u00e4ge auf j\u00fcdische oder israelische Einrichtungen in Deutschland eingesetzt werden.<\/p>\n<p>Den Anschlagsplan sollen sie bereits im Sommer vorbereitet haben \u2013 mutma\u00dflich unter Beteiligung des am Freitag festgenommenen Mohammad S. Dieser soll nun aus Berlin nach Karlsruhe gebracht und noch am Samstag einem Ermittlungsrichter des Bundesgerichtshofs vorgef\u00fchrt werden.<\/p>\n","protected":false},"excerpt":{"rendered":"Zuerst ver\u00f6ffentlicht am 24\/01\/2026 &#8211; 14:26 MEZ Die Bundesanwaltschaft hat am Freitag ein mutma\u00dfliches Mitglied der Hamas festnehmen&hellip;\n","protected":false},"author":2,"featured_media":743403,"comment_status":"","ping_status":"","sticky":false,"template":"","format":"standard","meta":{"footnotes":""},"categories":[1825],"tags":[296,29,31921,30,410,2544,169951],"class_list":{"0":"post-743402","1":"post","2":"type-post","3":"status-publish","4":"format-standard","5":"has-post-thumbnail","7":"category-berlin","8":"tag-berlin","9":"tag-deutschland","10":"tag-flughafen-ber","11":"tag-germany","12":"tag-hamas","13":"tag-terrorismus","14":"tag-terrorismusbekaempfung"},"share_on_mastodon":{"url":"https:\/\/pubeurope.com\/@de\/115950472940165183","error":""},"_links":{"self":[{"href":"https:\/\/www.europesays.com\/de\/wp-json\/wp\/v2\/posts\/743402","targetHints":{"allow":["GET"]}}],"collection":[{"href":"https:\/\/www.europesays.com\/de\/wp-json\/wp\/v2\/posts"}],"about":[{"href":"https:\/\/www.europesays.com\/de\/wp-json\/wp\/v2\/types\/post"}],"author":[{"embeddable":true,"href":"https:\/\/www.europesays.com\/de\/wp-json\/wp\/v2\/users\/2"}],"replies":[{"embeddable":true,"href":"https:\/\/www.europesays.com\/de\/wp-json\/wp\/v2\/comments?post=743402"}],"version-history":[{"count":0,"href":"https:\/\/www.europesays.com\/de\/wp-json\/wp\/v2\/posts\/743402\/revisions"}],"wp:featuredmedia":[{"embeddable":true,"href":"https:\/\/www.europesays.com\/de\/wp-json\/wp\/v2\/media\/743403"}],"wp:attachment":[{"href":"https:\/\/www.europesays.com\/de\/wp-json\/wp\/v2\/media?parent=743402"}],"wp:term":[{"taxonomy":"category","embeddable":true,"href":"https:\/\/www.europesays.com\/de\/wp-json\/wp\/v2\/categories?post=743402"},{"taxonomy":"post_tag","embeddable":true,"href":"https:\/\/www.europesays.com\/de\/wp-json\/wp\/v2\/tags?post=743402"}],"curies":[{"name":"wp","href":"https:\/\/api.w.org\/{rel}","templated":true}]}}