{"id":743862,"date":"2026-01-24T18:29:15","date_gmt":"2026-01-24T18:29:15","guid":{"rendered":"https:\/\/www.europesays.com\/de\/743862\/"},"modified":"2026-01-24T18:29:15","modified_gmt":"2026-01-24T18:29:15","slug":"nicola-peltz-sie-lag-schon-mit-yolanda-hadid-im-clinch-unterhaltung","status":"publish","type":"post","link":"https:\/\/www.europesays.com\/de\/743862\/","title":{"rendered":"Nicola Peltz: Sie lag schon mit Yolanda Hadid im Clinch | Unterhaltung"},"content":{"rendered":"<p><a class=\"skip-content skip-content--link\" href=\"#in-content-skip-link-target-v-0-0\">TTS-Player \u00fcberspringen\u21b5<\/a><a id=\"in-content-skip-link-target-v-0-0\" class=\"skip-content--target-link-hidden skip-content skip-content--target-link\" href=\"#in-content-skip-link-target-v-0-0\">Artikel weiterlesen<\/a><\/p>\n<p>Los Angeles (USA) \u2013 <b>Streit mit der Schwiegermutter? Kontaktabbruch mit der Familie des Liebsten? F\u00fcr Nicola Peltz keine neue Erfahrung. Die Milliard\u00e4rstochter datete fr\u00fcher Anwar Hadid, den Bruder der Supermodels Gigi (30) und Bella (29). Und sorgte angeblich ebenfalls f\u00fcr m\u00e4chtig Drama in der ber\u00fchmten Familie!<\/b><\/p>\n<p>Zur Erinnerung: Brooklyn Beckham (26) teilte vergangenen Montag <a href=\"https:\/\/www.bild.de\/unterhaltung\/stars-und-leute\/beckham-beben-brooklyn-bricht-oeffentlich-mit-seinen-eltern-696e7f87097bff851af65042\" class=\"text-link\" rel=\"nofollow noopener\" target=\"_blank\">in einer Instagram-Story heftig gegen seine Familie<\/a> aus. Vor allem Mama Victoria (51) bekam in dem Post ihr Fett weg. Doch jetzt kommen Details aus Nicolas Vergangenheit zum Vorschein, die sie nicht gerade ins beste Licht r\u00fccken. <\/p>\n<p>Denn sie soll ihren Ex-Freund Anwar Hadid \u201ekontrolliert\u201c haben \u2013 und seine Mama und Schwestern seien dar\u00fcber erleichtert, dass Nicola aus ihrem Leben verschwunden ist. Das berichtet <a href=\"https:\/\/www.dailymail.co.uk\/tvshowbiz\/article-15485557\/nicola-peltz-anwar-hadid-brooklyn-beckham-david-victoria.html\" target=\"_blank\" rel=\"nofollow noopener\" class=\"text-link--external text-link\">\u201eDaily Mail\u201c<\/a>. <\/p>\n<p><img decoding=\"async\" width=\"992\" height=\"876\" alt=\"2017: William Peltz (damals 30), seine Schwester Nicola Peltz (damals 22), Anwar Hadid (damals 17) und seine Mutter Yolanda Hadid (damals 53) bei der Modeschau von Tommy Hilfiger\" src=\"https:\/\/www.europesays.com\/de\/wp-content\/uploads\/2026\/01\/5ffe43e76fbfbab97c00cfde091a3333,6c9fc596.jpeg\"   class=\"dynamic\" loading=\"lazy\"\/><\/p>\n<p class=\"fig__caption__text\">2017: William Peltz (damals 30, v. l.), seine Schwester Nicola Peltz (damals 22), Anwar Hadid (damals 17) und seine Mutter Yolanda Hadid (damals 53) bei einer Modeschau von Tommy Hilfiger<\/p>\n<p>Foto: David X Prutting\/BFA\/Shutterstock<\/p>\n<p>Ihr Ex war 17, Nicola Peltz schon 22<\/p>\n<p>Anwar war erst 17 Jahre alt, als er 2016 mit Peltz zusammenkam. Die Schauspielerin war da schon 22. Das Blatt zitiert eine anonyme Quelle, die behauptet, <a href=\"https:\/\/www.bild.de\/unterhaltung\/stars-und-leute\/nicola-peltz-beckham-die-schauspielerin-faerbt-ihre-hunde-rosa-66efead8c3ccdc3a464c92d0\" class=\"text-link\" rel=\"nofollow noopener\" target=\"_blank\">Nicola<\/a> habe \u201eseine ganze Zeit in Anspruch genommen und immer an erster Stelle stehen wollen\u201c. Au\u00dferdem sei sie ihm gegen\u00fcber \u201eausgerastet\u201c, so die Quelle weiter. <\/p>\n<p>Zoff um Sohn Brooklyn: Alles nur sch\u00f6ner Schein bei den Beckhams?<a class=\"anchor video-teaser__anchor\" href=\"https:\/\/www.bild.de\/unterhaltung\/zoff-um-sohn-brooklyn-alles-nur-schoener-schein-bei-den-beckhams-69736fc7f5499fb954b638b3\" rel=\"nofollow noopener\" target=\"_blank\"><img decoding=\"async\" width=\"992\" height=\"558\" alt=\"Brooklyn Beckham: Alles nur sch\u00f6ner Schein bei der Familie?\" src=\"https:\/\/www.europesays.com\/de\/wp-content\/uploads\/2026\/01\/430bde035d81b9dc44f506c1b9b5bb79,59baa017.jpeg\"   class=\"landscape teaser__image\" loading=\"lazy\"\/><\/a><\/p>\n<p>Quelle: BILD24.01.2026<\/p>\n<p>Mehr zum Thema<\/p>\n<p><a href=\"https:\/\/www.bild.de\/unterhaltung\/stars-und-leute\/gigi-und-bella-hadid-das-ist-ihre-geheime-halbschwester-68394e1af4f76439d7b42903\" class=\"text-link\" rel=\"nofollow noopener\" target=\"_blank\">Die Hadids<\/a> glauben, Peltz habe das deutlich j\u00fcngere M\u00e4nner-Model ausgenutzt. Denn Mama Yolanda Hadid war damals der Star der Reality-TV-Serie \u201eReal Housewives of Beverly Hills\u201c und <a href=\"https:\/\/www.bild.de\/unterhaltung\/leute\/gigi-hadid\/gigi-hadid-alle-infos-76663604.bild.html\" class=\"text-link\" rel=\"nofollow noopener\" target=\"_blank\">Gigi<\/a> und <a href=\"https:\/\/www.bild.de\/unterhaltung\/leute\/bella-hadid\/bella-hadid-alle-infos-76664890.bild.html\" class=\"text-link\" rel=\"nofollow noopener\" target=\"_blank\">Bella<\/a> starteten als Supermodels durch. Peltz dagegen war wenig bekannt und soll von der Strahlkraft der Hadids profitiert haben. <\/p>\n<p><img decoding=\"async\" width=\"992\" height=\"1272\" alt=\"2018: Anwar (damals 18) und Nicola (damals 23) auf dem Weg zu einer Party in New York\" src=\"https:\/\/www.europesays.com\/de\/wp-content\/uploads\/2026\/01\/696710f337c498cb72984d58e9e33375,6aad4599.jpeg\"   class=\"dynamic\" loading=\"lazy\"\/><\/p>\n<p class=\"fig__caption__text\">2018: Anwar (damals 18) und Nicola (damals 23) auf dem Weg zu einer Party in New York. Wenig sp\u00e4ter war Schluss mit der Beziehung<\/p>\n<p>Foto: GC Images<\/p>\n<p>Dabei hatte zun\u00e4chst alles harmonisch angefangen, <a href=\"https:\/\/www.bild.de\/unterhaltung\/leute\/leute\/bella-hadid-nasen-op-mit-14-wut-gegen-mama-yolanda-hadid-79470234.bild.html\" class=\"text-link\" rel=\"nofollow noopener\" target=\"_blank\">Yolanda<\/a> selbst postete gemeinsame Bilder mit der Freundin ihres Sohnes. Doch im Laufe der Zeit begannen die Spannungen und irgendwann entfolgte Nicola s\u00e4mtlichen Hadids in den sozialen Medien. Anwar soll den Kontakt zu seiner Familie zeitweise sogar abgebrochen haben! <\/p>\n<p> An dieser Stelle findest du Inhalte aus Instagram <\/p>\n<p> Um mit Inhalten aus Instagram und anderen sozialen Netzwerken zu interagieren oder diese darzustellen, brauchen wir deine Zustimmung. <\/p>\n<p> soziale Netzwerke aktivieren  Um eingebettete Inhalte anzuzeigen, ist Ihre jederzeit widerrufliche Einwilligung (\u00fcber den Schalter oder \u00fcber &#8220; <a class=\"embed-placeholder__text-link\" href=\"#\" rel=\"noopener noreferrer\" title=\"Tracking widerrufen\"> Widerruf Tracking und Cookies<\/a> &#8220; am Seitenende) zur Verarbeitung personenbezogener Daten n\u00f6tig.  Dabei k\u00f6nnen Daten in Drittl\u00e4nder wie die USA \u00fcbermittelt werden (Art. 49 Abs. 1 lit. a DSGVO). Mit dem Aktivieren des Inhalts stimmen Sie zu. Weitere Infos finden Sie <a class=\"embed-placeholder__text-link\" href=\"#\" rel=\"noopener noreferrer\" title=\"Zu den Privatsph\u00e4re Einstellungen\"> hier<\/a>. <\/p>\n<p>2018 trennte sich das junge Paar. Doch die Wunden blieben: Die Hadids sprechen angeblich noch heute \u00fcber Nicola und sollen froh dar\u00fcber sein, sie los zu sein. Die Parallelen zum \u00c4rger mit den <a href=\"https:\/\/www.bild.de\/themen\/personen\/david-beckham\/fussball-nachrichten-news-fotos-videos-15796132.bild.html\" class=\"text-link\" rel=\"nofollow noopener\" target=\"_blank\">Beckhams<\/a> sind kaum zu leugnen. <\/p>\n<p>Jetzt meldet sich auch noch Alana Hadid (40), die \u00e4lteste Schwester von Anwar, zu Wort. \u201eDieses M\u00e4dchen will definitiv keine Privatsph\u00e4re, sie versucht seit einem Jahrzehnt, ber\u00fchmt zu sein\u201c, l\u00e4stert die Influencerin auf Instagram \u00fcber Nicola.<\/p>\n<p><img decoding=\"async\" width=\"992\" height=\"558\" alt=\"Das war einmal: David (50) und Victoria Beckham (51) posieren 2024 mit Sohn Brooklyn (26) und Ehefrau Nicola (31)\" src=\"https:\/\/www.europesays.com\/de\/wp-content\/uploads\/2026\/01\/91dfa0d9e3c6b200ec843ec735678065,59baa017.jpeg\"   class=\"landscape\" loading=\"lazy\"\/><\/p>\n<p class=\"fig__caption__text\">Das war einmal: David (50) und Victoria Beckham (51) posieren 2024 mit Sohn Brooklyn (26) und Ehefrau Nicola (31)<\/p>\n<p>Foto: Vianney Le Caer\/Invision\/AP<\/p>\n","protected":false},"excerpt":{"rendered":"TTS-Player \u00fcberspringen\u21b5Artikel weiterlesen Los Angeles (USA) \u2013 Streit mit der Schwiegermutter? Kontaktabbruch mit der Familie des Liebsten? F\u00fcr&hellip;\n","protected":false},"author":2,"featured_media":743863,"comment_status":"","ping_status":"","sticky":false,"template":"","format":"standard","meta":{"footnotes":"","_share_on_mastodon":"0"},"categories":[155],"tags":[5174,10867,29,214,30,29306,26992,152,45,215],"class_list":["post-743862","post","type-post","status-publish","format-standard","has-post-thumbnail","category-unterhaltung","tag-beckham-david","tag-beckham-victoria","tag-deutschland","tag-entertainment","tag-germany","tag-hadid-bella","tag-hadid-gigi","tag-instagram","tag-texttospeech","tag-unterhaltung"],"share_on_mastodon":{"url":"https:\/\/pubeurope.com\/@de\/115951499421016267","error":""},"_links":{"self":[{"href":"https:\/\/www.europesays.com\/de\/wp-json\/wp\/v2\/posts\/743862","targetHints":{"allow":["GET"]}}],"collection":[{"href":"https:\/\/www.europesays.com\/de\/wp-json\/wp\/v2\/posts"}],"about":[{"href":"https:\/\/www.europesays.com\/de\/wp-json\/wp\/v2\/types\/post"}],"author":[{"embeddable":true,"href":"https:\/\/www.europesays.com\/de\/wp-json\/wp\/v2\/users\/2"}],"replies":[{"embeddable":true,"href":"https:\/\/www.europesays.com\/de\/wp-json\/wp\/v2\/comments?post=743862"}],"version-history":[{"count":0,"href":"https:\/\/www.europesays.com\/de\/wp-json\/wp\/v2\/posts\/743862\/revisions"}],"wp:featuredmedia":[{"embeddable":true,"href":"https:\/\/www.europesays.com\/de\/wp-json\/wp\/v2\/media\/743863"}],"wp:attachment":[{"href":"https:\/\/www.europesays.com\/de\/wp-json\/wp\/v2\/media?parent=743862"}],"wp:term":[{"taxonomy":"category","embeddable":true,"href":"https:\/\/www.europesays.com\/de\/wp-json\/wp\/v2\/categories?post=743862"},{"taxonomy":"post_tag","embeddable":true,"href":"https:\/\/www.europesays.com\/de\/wp-json\/wp\/v2\/tags?post=743862"}],"curies":[{"name":"wp","href":"https:\/\/api.w.org\/{rel}","templated":true}]}}