{"id":743912,"date":"2026-01-24T18:55:20","date_gmt":"2026-01-24T18:55:20","guid":{"rendered":"https:\/\/www.europesays.com\/de\/743912\/"},"modified":"2026-01-24T18:55:20","modified_gmt":"2026-01-24T18:55:20","slug":"ukraine-news-ukrainer-melden-russischen-vormarsch-im-norden-von-charkiw","status":"publish","type":"post","link":"https:\/\/www.europesays.com\/de\/743912\/","title":{"rendered":"Ukraine-News: Ukrainer melden russischen Vormarsch im Norden von Charkiw"},"content":{"rendered":"<p>12:05 Uhr | <a name=\"Ukrainer\">Ukrainer<\/a> melden russischen Vormarsch im Norden von Charkiw<\/p>\n<p class=\"text\">\nDie russischen Streitkr\u00e4fte haben nach ukrainischen Angaben ihren Vormarsch in der Gegend von  Wowtschansk\u00a0(russisch: Woltschansk) im Norden der Region Charkiw fortgesetzt. Das hat das milit\u00e4rnahe ukrainische Analyseportal <a href=\"https:\/\/t.me\/DeepStateUA\/23109\" title=\"Deepstate: Wowtschansk\" data-ctrl-link=\"{'id': '728e8a72-e7da-47cc-ba42-826e3dbc1218','type':'external','window':{'type':'blank','config':{'title':'Deepstate: Wowtschansk','top':'0','left':'0','width':'0','height':'0','status':'0','menubar':'0','location':'0','scroll':'0','toolbar':'0','resizable':'0'}}}\">Deepstate<\/a> gemeldet. &#8222;Der Feind setzt seinen Druck im Gebiet von Wowtschansk fort&#8220;, hei\u00dft es in einem entsprechenden Telegram-Post. Konkret ist von einem Vormarsch in der N\u00e4he von Sinelnykowe und Tsehelne die Rede. Auch die umk\u00e4mpfte Grauzone in Wilcha habe sich vergr\u00f6\u00dfert. Dem Deepstate-Update zufolge st\u00f6rten die Russen auch die Logistik in der Region, was es erschwere, die Verteidigung von Wowtschansk und Umgebung aufrechtzuerhalten. (Quelle: Deepstate)\n<\/p>\n<p>09:19 Uhr | Selenskyj pocht auf Umsetzung von Trump-Absprachen zur Luftabwehr<\/p>\n<p class=\"text\">\nDer ukrainische Pr\u00e4sident Wolodymyr Selenskyj hat nach den schweren russischen Angriffen auf Energieanlagen die vollst\u00e4ndige Umsetzung der mit US-Pr\u00e4sident Donald Trump getroffenen Absprachen zur Luftabwehr gefordert. Die in Davos vereinbarten Ma\u00dfnahmen m\u00fcssten &#8222;vollst\u00e4ndig umgesetzt&#8220; werden, sagt er. Selenskyj und Trump hatten sich am Donnerstag beim Weltwirtschaftsforum im Schweizer Davos getroffen und \u00fcber Unterst\u00fctzung bei der Luftabwehr gesprochen, ohne jedoch Details zu nennen. (Quelle: Reuters)\n<\/p>\n<p>09:16 Uhr | Fast 6.000 Geb\u00e4ude in Kiew ohne Heizung<\/p>\n<p class=\"text\">\nIn der ukrainischen Hauptstadt Kiew sind nach einem russischen Angriff in der Nacht fast 6.000 Geb\u00e4ude von der W\u00e4rmeversorgung abgeschnitten. Dies teilte B\u00fcrgermeister Vitali Klitschko mit. Die Au\u00dfentemperatur lag am Morgen in Kiew bei minus 12 Grad. (Quelle: Reuters)\n<\/p>\n<p>08:05 Uhr | Altkanzler Schr\u00f6der gegen &#8222;D\u00e4monisierung&#8220; Russlands<\/p>\n<p class=\"text\">\nDer fr\u00fchere Bundeskanzler Gerhard Schr\u00f6der nennt Russlands Krieg in der Ukraine zwar v\u00f6lkerrechtswidrig, warnt aber vor einer &#8222;D\u00e4monisierung&#8220; Russlands. &#8222;Nat\u00fcrlich ist der Krieg in der Ukraine nicht zu respektieren, auch nicht zu relativieren. Er ist v\u00f6lkerrechtswidrig, eine Verletzung der Menschenrechte&#8220;, schreibt der SPD-Politiker in einem <a href=\"https:\/\/www.berliner-zeitung.de\/politik-gesellschaft\/ein-jahrzehnt-der-bewaehrung-li.10015423\" title=\"BZ: Schr\u00f6der Gastbeitrag zu Russland\" data-ctrl-link=\"{&#039;id&#039;: &#039;26f9b094-c017-427e-81ed-9ee3ea6cb901&#039;,&#039;type&#039;:&#039;external&#039;,&#039;window&#039;:{&#039;type&#039;:&#039;blank&#039;,&#039;config&#039;:{&#039;title&#039;:&#039;BZ: Schr\u00f6der Gastbeitrag zu Russland&#039;,&#039;top&#039;:&#039;0&#039;,&#039;left&#039;:&#039;0&#039;,&#039;width&#039;:&#039;0&#039;,&#039;height&#039;:&#039;0&#039;,&#039;status&#039;:&#039;0&#039;,&#039;menubar&#039;:&#039;0&#039;,&#039;location&#039;:&#039;0&#039;,&#039;scroll&#039;:&#039;0&#039;,&#039;toolbar&#039;:&#039;0&#039;,&#039;resizable&#039;:&#039;0&#039;}}}\" target=\"_blank\" rel=\"noopener\">Gastbeitrag f\u00fcr die &#8222;Berliner Zeitung&#8220;<\/a>. Es m\u00fcssten aber alle diplomatischen Mittel genutzt werden, um den Krieg zu stoppen.\u00a0 Er sei &#8222;auch gegen die D\u00e4monisierung Russlands als ewiger Feind&#8220;. Heute sei viel von milit\u00e4rischen &#8222;F\u00e4higkeiten&#8220; die Rede, doch Deutschland und Europa br\u00e4uchten in erster Linie &#8222;Friedensf\u00e4higkeit&#8220;, betont Schr\u00f6der. (Quelle: dpa)\n<\/p>\n<p>07:22 Uhr | Nato will an Ostflanke auf Roboter-Systeme setzen<\/p>\n<p class=\"text\">\nDie Nato will an der Ostgrenze digital aufr\u00fcsten. Bundeswehr-Brigadegeneral Thomas Lowin k\u00fcndigte in der &#8222;Welt am Sonntag&#8220; eine automatisierte Zone mit Robotertechnik an. Der Vormarsch von Angreifern solle k\u00fcnftig zun\u00e4chst mit Hightech aufgehalten werden. Entlang der Grenze zu Russland und Belarus solle ein Abschnitt entstehen, der ferngesteuert \u00fcberwacht werde und den ein Gegner erst \u00fcberwinden m\u00fcsste. Diese Zone werde weitgehend menschenleer sein. Lowin ist Vize-Chef f\u00fcr Operationen im Nato-Landkommando. Nach seinen Angaben ber\u00fccksichtigt das neue Konzept die Erfahrungen der Ukraine im Kampf gegen Russland. (Quelle: dpa)<\/p>\n","protected":false},"excerpt":{"rendered":"12:05 Uhr | Ukrainer melden russischen Vormarsch im Norden von Charkiw Die russischen Streitkr\u00e4fte haben nach ukrainischen Angaben&hellip;\n","protected":false},"author":2,"featured_media":743913,"comment_status":"","ping_status":"","sticky":false,"template":"","format":"standard","meta":{"footnotes":""},"categories":[4013],"tags":[169382,331,332,4960,169383,10068,18799,13,5793,4046,4962,81,14,15,14795,4043,4044,850,307,859,860,12,116,861,317,103],"class_list":{"0":"post-743912","1":"post","2":"type-post","3":"status-publish","4":"format-standard","5":"has-post-thumbnail","7":"category-russland","8":"tag-abu","9":"tag-aktuelle-nachrichten","10":"tag-aktuelle-news","11":"tag-charkiw","12":"tag-dhabi","13":"tag-drohnen","14":"tag-friedensgespraeche","15":"tag-headlines","16":"tag-kiew","17":"tag-krieg","18":"tag-luftangriff","19":"tag-mdr","20":"tag-nachrichten","21":"tag-news","22":"tag-raketen","23":"tag-russia","24":"tag-russian-federation","25":"tag-russische-foederation","26":"tag-russland","27":"tag-sachsen","28":"tag-sachsen-anhalt","29":"tag-schlagzeilen","30":"tag-selenskyj","31":"tag-thueringen","32":"tag-ukraine","33":"tag-welt"},"share_on_mastodon":{"url":"https:\/\/pubeurope.com\/@de\/115951601459714287","error":""},"_links":{"self":[{"href":"https:\/\/www.europesays.com\/de\/wp-json\/wp\/v2\/posts\/743912","targetHints":{"allow":["GET"]}}],"collection":[{"href":"https:\/\/www.europesays.com\/de\/wp-json\/wp\/v2\/posts"}],"about":[{"href":"https:\/\/www.europesays.com\/de\/wp-json\/wp\/v2\/types\/post"}],"author":[{"embeddable":true,"href":"https:\/\/www.europesays.com\/de\/wp-json\/wp\/v2\/users\/2"}],"replies":[{"embeddable":true,"href":"https:\/\/www.europesays.com\/de\/wp-json\/wp\/v2\/comments?post=743912"}],"version-history":[{"count":0,"href":"https:\/\/www.europesays.com\/de\/wp-json\/wp\/v2\/posts\/743912\/revisions"}],"wp:featuredmedia":[{"embeddable":true,"href":"https:\/\/www.europesays.com\/de\/wp-json\/wp\/v2\/media\/743913"}],"wp:attachment":[{"href":"https:\/\/www.europesays.com\/de\/wp-json\/wp\/v2\/media?parent=743912"}],"wp:term":[{"taxonomy":"category","embeddable":true,"href":"https:\/\/www.europesays.com\/de\/wp-json\/wp\/v2\/categories?post=743912"},{"taxonomy":"post_tag","embeddable":true,"href":"https:\/\/www.europesays.com\/de\/wp-json\/wp\/v2\/tags?post=743912"}],"curies":[{"name":"wp","href":"https:\/\/api.w.org\/{rel}","templated":true}]}}