{"id":74399,"date":"2025-04-30T23:20:17","date_gmt":"2025-04-30T23:20:17","guid":{"rendered":"https:\/\/www.europesays.com\/de\/74399\/"},"modified":"2025-04-30T23:20:17","modified_gmt":"2025-04-30T23:20:17","slug":"joko-klaas-scheitern-an-trend-sportart-padel-sport","status":"publish","type":"post","link":"https:\/\/www.europesays.com\/de\/74399\/","title":{"rendered":"Joko &#038; Klaas scheitern an Trend-Sportart Padel | Sport"},"content":{"rendered":"<p>Nach fast drei Stunden Show wurde ihnen eine Trend-Sportart zum Verh\u00e4ngnis \u2026<\/p>\n<p><b>In ihrer Sendung \u201e<\/b><a href=\"https:\/\/www.bild.de\/unterhaltung\/tv-fernsehformate\/joko-klaas-gegen-prosieben-alle-infos-zur-neuen-staffel-67dc1ba8fbe9af1751bb2994\" class=\"text-link\" rel=\"nofollow noopener\" target=\"_blank\"><b>Joko &amp; Klaas gegen Pro7<\/b><\/a><b>\u201c kassieren die TV-Entertainer am Ende eine bittere Padel-Pleite!<\/b><\/p>\n<p>Padel gilt als weltweit aktuell am schnellsten wachsende Sportart \u2013 auch in Deutschland entwickelt sie sich rasant. Sie verbindet Elemente aus Tennis und Squash und wird 2-gegen-2 auf einem Mini-Tennisfeld innerhalb eines Glask\u00e4figs gespielt.<\/p>\n<p><img decoding=\"async\" width=\"992\" height=\"558\" alt=\"Joko und Klaas bei ihrer Padel-Pleite\" src=\"https:\/\/www.europesays.com\/de\/wp-content\/uploads\/2025\/04\/9cbe2bdbad8d902ce0cdbc9d08eaaae6,966ed1e4\"   class=\"landscape\" loading=\"lazy\"\/><\/p>\n<p class=\"fig__caption__text\">Joko und Klaas bei ihrer Padel-Pleite<\/p>\n<p>Foto: Joyn\/Nadine Rupp<\/p>\n<p>Die hochkar\u00e4tigen Gegner f\u00fcr Joko und Klaas: Deutschlands Top-Spieler Matthias Wunner (32) sowie Jonas Messerschmidt (37), langj\u00e4hriger Kapit\u00e4n der Nationalmannschaft des <a href=\"https:\/\/www.dpv-padel.de\/\" target=\"_blank\" rel=\"noopener nofollow\" class=\"text-link--external text-link\">Deutschen Padel Verbands<\/a>!<\/p>\n<p><b>In den ersten sechs Spielen der Show hatten sich die TV-Stars zuvor nur zwei von m\u00f6glichen sechs Vorteilen f\u00fcr das Finalspiel erk\u00e4mpft. Bedeutete: Um ihre Chancen zu verbessern, durften sie den Padel-Profis zwei Handicaps verpassen \u2013 eine Ritter-R\u00fcstung f\u00fcr Wunner und Gips-Beine f\u00fcr Messerschmidt. Zu wenig Hilfe f\u00fcr Joko und Klaas!<\/b><\/p>\n<p>In einem Spiel bis 14 h\u00e4tten sie f\u00fcnf Punkte holen m\u00fcssen, doch das Promi-Doppel bleibt gegen die Profis chancenlos, schafft es gerade mal auf zwei Z\u00e4hler. Beim Stand von 1:11 schreit Joko nach einem Fehler verzweifelt: \u201eMaaan, warum!?\u201c<\/p>\n<p><b>Bitter f\u00fcr Joko und Klaas:<\/b> Die Chance auf 15 Sendeminuten zur Primetime auf Pro7 verpassten sie damit. Zur Strafe werden sie in ihrer n\u00e4chsten Show stattdessen zu menschlichen Werbefl\u00e4chen f\u00fcr das Streaming-Portal \u201ejoyn\u201c.<\/p>\n<p>Lesen Sie auchPadel ist das neue Lieblings-Hobby der Superstars<\/p>\n<p><b>Vor allem zahlreiche Top-Sportler sind komplett im Padel-Fieber. Rekord-Weltfu\u00dfballer Lionel Messi (37) verriet zuletzt: \u201eIch mag Padel, Tennis und Basketball. Das, was ich davon am meisten liebe, ist Padel.\u201c J\u00fcrgen Klopp (57) erkl\u00e4rte schon vor Jahren begeistert: \u201eF\u00fcr mich ist das die kommende Sportart. Ich spiele das f\u00fcnfmal die Woche. Das ist sensationell!\u201c <\/b><\/p>\n<p>Messis Dauerrivale Cristiano Ronaldo (40) steckt nicht nur viel seiner Freizeit, sondern auch eine Menge Geld in die Sportart! Der Portugiese kaufte sich das \u201eLisboa Racket Centre\u201c und k\u00fcndigte bereits weitere Millionen-Investitionen in Padel-Anlagen in seiner Heimat an. Bei einem Spa\u00dfduell trat er sogar schon gegen die Nummer eins der Padel-Welt, den Spanier Arturo Coello (23), an.<\/p>\n<p>In Trendsport-Match: Ronaldo schl\u00e4gt Nummer 1 der Welt<a href=\"https:\/\/www.bild.de\/sport\/in-trendsport-match-cristiano-ronaldo-schlaegt-nummer-1-der-welt-66eb02e02fbaa92dea26a5a2\" class=\"anchor\" rel=\"nofollow noopener\" target=\"_blank\"><img decoding=\"async\" width=\"992\" height=\"558\" alt=\"In Trendsport-Match: Cristiano Ronaldo schl\u00e4gt Nummer 1 der Welt\" src=\"https:\/\/www.europesays.com\/de\/wp-content\/uploads\/2025\/04\/d18079590ca063c25c13b2e8d324e2aa,23ccb80b\"   class=\"landscape teaser__image\" loading=\"lazy\"\/><\/a><\/p>\n<p>Quelle: YouTube: UR \u00b7 Cristiano19.09.2024<\/p>\n<p><b>Und die deutschen Fu\u00dfballer?<\/b> Sind ebenfalls \u201einfiziert\u201c. F\u00fcr die Nationalmannschaft wurden auf ihrem \u201eHome-Ground\u201c auf dem Adidas-Areal in Herzogenaurach eigens Courts errichtet. DFB-Kapit\u00e4n Joshua Kimmich (30) zuletzt auf die Frage nach seinem Lieblings-Hobby: \u201eNeben dem Fu\u00dfball bleibt mit vier Kindern nicht so viel Zeit, aber wenn, dann Padel.\u201c<\/p>\n<p>Selbst Hollywood hat Padel bereits erobert: Schauspielerin Eva Longoria (50) zeigt sich regelm\u00e4\u00dfig auf dem Padel-Platz und trat Anfang des Jahres beim \u201eHexagon Cup\u201c als Teamkapit\u00e4nin auf.<\/p>\n<p><img decoding=\"async\" width=\"992\" height=\"558\" alt=\"Racket-Fan: Padel-Promi Eva Longoria (50) beim Tennis-Turnier in Madrid\" src=\"https:\/\/www.europesays.com\/de\/wp-content\/uploads\/2025\/04\/223adff2b38910c202c59128d2a2a25c,8a95020b\"   class=\"landscape\" loading=\"lazy\"\/><\/p>\n<p class=\"fig__caption__text\">Racket-Fan: Padel-Promi Eva Longoria (50) beim Tennis-Turnier in Madrid<\/p>\n<p>Foto: Sergio R Moreno\/GTRES\/Shutterstock<\/p>\n","protected":false},"excerpt":{"rendered":"Nach fast drei Stunden Show wurde ihnen eine Trend-Sportart zum Verh\u00e4ngnis \u2026 In ihrer Sendung \u201eJoko &amp; Klaas&hellip;\n","protected":false},"author":2,"featured_media":74400,"comment_status":"","ping_status":"","sticky":false,"template":"","format":"standard","meta":{"footnotes":""},"categories":[155],"tags":[1263,29,214,2507,30,32267,7645,1307,45,215,32268],"class_list":{"0":"post-74399","1":"post","2":"type-post","3":"status-publish","4":"format-standard","5":"has-post-thumbnail","7":"category-unterhaltung","8":"tag-aufmacher-bereich","9":"tag-deutschland","10":"tag-entertainment","11":"tag-freizeit","12":"tag-germany","13":"tag-heufer-umlauf-klaas","14":"tag-klopp-juergen","15":"tag-prosieben","16":"tag-texttospeech","17":"tag-unterhaltung","18":"tag-winterscheidt-joachim"},"share_on_mastodon":{"url":"https:\/\/pubeurope.com\/@de\/114429481949765108","error":""},"_links":{"self":[{"href":"https:\/\/www.europesays.com\/de\/wp-json\/wp\/v2\/posts\/74399","targetHints":{"allow":["GET"]}}],"collection":[{"href":"https:\/\/www.europesays.com\/de\/wp-json\/wp\/v2\/posts"}],"about":[{"href":"https:\/\/www.europesays.com\/de\/wp-json\/wp\/v2\/types\/post"}],"author":[{"embeddable":true,"href":"https:\/\/www.europesays.com\/de\/wp-json\/wp\/v2\/users\/2"}],"replies":[{"embeddable":true,"href":"https:\/\/www.europesays.com\/de\/wp-json\/wp\/v2\/comments?post=74399"}],"version-history":[{"count":0,"href":"https:\/\/www.europesays.com\/de\/wp-json\/wp\/v2\/posts\/74399\/revisions"}],"wp:featuredmedia":[{"embeddable":true,"href":"https:\/\/www.europesays.com\/de\/wp-json\/wp\/v2\/media\/74400"}],"wp:attachment":[{"href":"https:\/\/www.europesays.com\/de\/wp-json\/wp\/v2\/media?parent=74399"}],"wp:term":[{"taxonomy":"category","embeddable":true,"href":"https:\/\/www.europesays.com\/de\/wp-json\/wp\/v2\/categories?post=74399"},{"taxonomy":"post_tag","embeddable":true,"href":"https:\/\/www.europesays.com\/de\/wp-json\/wp\/v2\/tags?post=74399"}],"curies":[{"name":"wp","href":"https:\/\/api.w.org\/{rel}","templated":true}]}}