{"id":744208,"date":"2026-01-24T21:44:13","date_gmt":"2026-01-24T21:44:13","guid":{"rendered":"https:\/\/www.europesays.com\/de\/744208\/"},"modified":"2026-01-24T21:44:13","modified_gmt":"2026-01-24T21:44:13","slug":"reparationszahlung-wer-zuletzt-lacht-lacht-am-besten-afd-politiker-fordert-13-billionen-euro-von-polen","status":"publish","type":"post","link":"https:\/\/www.europesays.com\/de\/744208\/","title":{"rendered":"Reparationszahlung: \u201eWer zuletzt lacht, lacht am besten\u201c \u2013 AfD-Politiker fordert 1,3 Billionen Euro von Polen"},"content":{"rendered":"<p>Der AfD-Politiker Gottschalk dreht die Debatte um Reparationszahlungen an Polen um. F\u00fcr die \u201eKomplizenschaft\u201c an der Nord-Stream-Sprengung schulde der \u00f6stliche Nachbar Deutschland 1,3 Billionen Euro. In der eigenen Partei findet er zum Teil Zustimmung, in Polen hingegen weniger.<\/p>\n<p class=\"is-first-paragraph\" data-external=\"Article.FirstParagraph\">Der AfD-Mitbegr\u00fcnder und Bundestagsabgeordnete Kay Gottschalk fordert von Polen eine Reparationszahlung in H\u00f6he von 1,3 Billionen Euro. Als Grund nannte er die \u201eKomplizenschaft\u201c an der Sprengung der Nord-Stream-Pipelines. <\/p>\n<p>\u201eMeine erste Amtshandlung als Finanzminister wird sein, diese Forderungen gegen\u00fcber Polen geltend zu machen\u201c, versprach der geb\u00fcrtige Hamburger auf X. \u201eWer zuletzt lacht, lacht am besten.\u201c<\/p>\n<p>Gottschalk d\u00fcrfte die Summe nicht zuf\u00e4llig gew\u00e4hlt haben. In den vergangenen Jahren kamen aus Polen wiederholt Forderungen in H\u00f6he von 1,3 Billionen Euro f\u00fcr den <a class=\"is-link c-block-items__link c-link--rich-text-renderer\" href=\"https:\/\/www.welt.de\/geschichte\/zweiter-weltkrieg\/article132503668\/Der-Blitzsieg-1939-in-Polen-ueberraschte-die-Wehrmacht.html\" data-internal-tracking-enabled=\"true\" data-internal-tracking=\"{&quot;action&quot;:&quot;click&quot;,&quot;label&quot;:&quot;link&quot;,&quot;name&quot;:&quot;Inline Element&quot;,&quot;data&quot;:{&quot;source&quot;:&quot;&quot;,&quot;target&quot;:&quot;https:\/\/www.welt.de\/geschichte\/zweiter-weltkrieg\/article132503668\/Der-Blitzsieg-1939-in-Polen-ueberraschte-die-Wehrmacht.html&quot;,&quot;trackingName&quot;:&quot;&quot;,&quot;trackingLabel&quot;:&quot;&quot;}}\" rel=\"nofollow noopener\" target=\"_blank\">\u00dcberfall der deutschen Wehrmacht<\/a>, die folgende Besatzung und den V\u00f6lkermord. <\/p>\n<p>\u201eDie deutsche Besatzung geh\u00f6rte zu den grausamsten in der europ\u00e4ischen Geschichte, sie hat mindestens eine ganze Generation um ihre Zukunftschancen gebracht\u201c, hat der damalige polnische Ministerpr\u00e4sident Mateusz Morawiecki Anfang 2023 <a class=\"is-link c-block-items__link is-external c-link--rich-text-renderer\" href=\"https:\/\/www.spiegel.de\/geschichte\/warum-polen-1-3-billionen-euro-von-deutschland-fordert-historisch-beispiellose-pluenderung-a-4607094b-490d-485c-bef3-187404199cc5\" target=\"_blank\" title=\"(Link wird in einem neuen Tab ge\u00f6ffnet)\" rel=\"nofollow noopener\" data-internal-tracking-enabled=\"true\" data-internal-tracking=\"{&quot;action&quot;:&quot;click&quot;,&quot;label&quot;:&quot;link&quot;,&quot;name&quot;:&quot;Inline Element&quot;,&quot;data&quot;:{&quot;source&quot;:&quot;&quot;,&quot;target&quot;:&quot;https:\/\/www.spiegel.de\/geschichte\/warum-polen-1-3-billionen-euro-von-deutschland-fordert-historisch-beispiellose-pluenderung-a-4607094b-490d-485c-bef3-187404199cc5&quot;,&quot;trackingName&quot;:&quot;&quot;,&quot;trackingLabel&quot;:&quot;&quot;}}\">in einem \u201eSpiegel\u201c-Gastbeitrag<\/a> geschrieben. \u201eDie Summe dieser polnischen Verluste wurde auf mehr als 6.220.609.000.000 Zloty (rund 1,3 Billionen Euro) gesch\u00e4tzt.\u201c<\/p>\n<p>In der eignen Partei fand Gottschalk mitunter Anklang. Der AfD-Kommunalpolitiker Fabian K\u00fcble, der die Polen unl\u00e4ngst als \u201eAfroamerikaner Europas\u201c bezeichnet hatte, die sich als \u201ebemitleidenswerte Daueropfer\u201c inszenierten, und sich zudem selbst als \u201eTuks-Schreck\u201c charakterisiert, zeigte sich begeistert. \u201eExakt so muss man auf diese unversch\u00e4mten Forderungen antideutscher Polen reagieren\u201c, <a class=\"is-link c-block-items__link is-external c-link--rich-text-renderer\" href=\"https:\/\/x.com\/FKeubel\/status\/2014141487647485963\" target=\"_blank\" title=\"(Link wird in einem neuen Tab ge\u00f6ffnet)\" rel=\"nofollow noopener\" data-internal-tracking-enabled=\"true\" data-internal-tracking=\"{&quot;action&quot;:&quot;click&quot;,&quot;label&quot;:&quot;link&quot;,&quot;name&quot;:&quot;Inline Element&quot;,&quot;data&quot;:{&quot;source&quot;:&quot;&quot;,&quot;target&quot;:&quot;https:\/\/x.com\/FKeubel\/status\/2014141487647485963&quot;,&quot;trackingName&quot;:&quot;&quot;,&quot;trackingLabel&quot;:&quot;&quot;}}\">schrieb er in einer Reaktion<\/a> unter seinem Pseudonym \u201eFabian Keubel\u201c. \u201eGleiches mit Gleichem. Nur so kapieren sie es.\u201c<\/p>\n<p>Deutlich weniger empf\u00e4nglich f\u00fcr die Vorschl\u00e4ge Gottschalks zeigten sich Vertreter der polnischen Seite. Arkadiusz Mularczyk, fr\u00fcherer Staatssekret\u00e4r im polnischen Au\u00dfenministerium und heutiger Europaabgeordneter in der Fraktion der Europ\u00e4ischen Konservativen und Reformer kritisierte den AfD-Politiker. \u201eIst Ihnen \u00fcberhaupt bewusst, dass Sie sich und die gesamte AfD in Polen \u00f6ffentlich in Verruf bringen?\u201c, <a class=\"is-link c-block-items__link is-external c-link--rich-text-renderer\" href=\"https:\/\/x.com\/arekmularczyk\/status\/2014425253544448339\" target=\"_blank\" title=\"(Link wird in einem neuen Tab ge\u00f6ffnet)\" rel=\"nofollow noopener\" data-internal-tracking-enabled=\"true\" data-internal-tracking=\"{&quot;action&quot;:&quot;click&quot;,&quot;label&quot;:&quot;link&quot;,&quot;name&quot;:&quot;Inline Element&quot;,&quot;data&quot;:{&quot;source&quot;:&quot;&quot;,&quot;target&quot;:&quot;https:\/\/x.com\/arekmularczyk\/status\/2014425253544448339&quot;,&quot;trackingName&quot;:&quot;&quot;,&quot;trackingLabel&quot;:&quot;&quot;}}\">schrieb er auf X<\/a>. \u201eMan kann etwas, das allgemein als Abschaum gilt, nicht in Verruf bringen\u201c, <a class=\"is-link c-block-items__link is-external c-link--rich-text-renderer\" href=\"https:\/\/x.com\/piotr_beniuszys\/status\/2014453535354634603\" target=\"_blank\" title=\"(Link wird in einem neuen Tab ge\u00f6ffnet)\" rel=\"nofollow noopener\" data-internal-tracking-enabled=\"true\" data-internal-tracking=\"{&quot;action&quot;:&quot;click&quot;,&quot;label&quot;:&quot;link&quot;,&quot;name&quot;:&quot;Inline Element&quot;,&quot;data&quot;:{&quot;source&quot;:&quot;&quot;,&quot;target&quot;:&quot;https:\/\/x.com\/piotr_beniuszys\/status\/2014453535354634603&quot;,&quot;trackingName&quot;:&quot;&quot;,&quot;trackingLabel&quot;:&quot;&quot;}}\">erwiderte daraufhin<\/a> Piotr Beniuszys, Kolumnist der liberalen polnischen Zeitung \u201eLibert\u00e9\u201c.<\/p>\n<p>doli<\/p>\n","protected":false},"excerpt":{"rendered":"Der AfD-Politiker Gottschalk dreht die Debatte um Reparationszahlungen an Polen um. F\u00fcr die \u201eKomplizenschaft\u201c an der Nord-Stream-Sprengung schulde&hellip;\n","protected":false},"author":2,"featured_media":744209,"comment_status":"","ping_status":"","sticky":false,"template":"","format":"standard","meta":{"footnotes":"","_share_on_mastodon":"0"},"categories":[5],"tags":[331,332,3364,29,30,104535,13,104536,14,15,110,50242,54874,147123,12],"class_list":["post-744208","post","type-post","status-publish","format-standard","has-post-thumbnail","category-nachrichten","tag-aktuelle-nachrichten","tag-aktuelle-news","tag-de","tag-deutschland","tag-germany","tag-gottschalk","tag-headlines","tag-kay","tag-nachrichten","tag-news","tag-newsteam","tag-nord-stream-2","tag-polen-politik","tag-reparationen-ks","tag-schlagzeilen"],"share_on_mastodon":{"url":"https:\/\/pubeurope.com\/@de\/115952265677224162","error":""},"_links":{"self":[{"href":"https:\/\/www.europesays.com\/de\/wp-json\/wp\/v2\/posts\/744208","targetHints":{"allow":["GET"]}}],"collection":[{"href":"https:\/\/www.europesays.com\/de\/wp-json\/wp\/v2\/posts"}],"about":[{"href":"https:\/\/www.europesays.com\/de\/wp-json\/wp\/v2\/types\/post"}],"author":[{"embeddable":true,"href":"https:\/\/www.europesays.com\/de\/wp-json\/wp\/v2\/users\/2"}],"replies":[{"embeddable":true,"href":"https:\/\/www.europesays.com\/de\/wp-json\/wp\/v2\/comments?post=744208"}],"version-history":[{"count":0,"href":"https:\/\/www.europesays.com\/de\/wp-json\/wp\/v2\/posts\/744208\/revisions"}],"wp:featuredmedia":[{"embeddable":true,"href":"https:\/\/www.europesays.com\/de\/wp-json\/wp\/v2\/media\/744209"}],"wp:attachment":[{"href":"https:\/\/www.europesays.com\/de\/wp-json\/wp\/v2\/media?parent=744208"}],"wp:term":[{"taxonomy":"category","embeddable":true,"href":"https:\/\/www.europesays.com\/de\/wp-json\/wp\/v2\/categories?post=744208"},{"taxonomy":"post_tag","embeddable":true,"href":"https:\/\/www.europesays.com\/de\/wp-json\/wp\/v2\/tags?post=744208"}],"curies":[{"name":"wp","href":"https:\/\/api.w.org\/{rel}","templated":true}]}}