{"id":74421,"date":"2025-04-30T23:32:09","date_gmt":"2025-04-30T23:32:09","guid":{"rendered":"https:\/\/www.europesays.com\/de\/74421\/"},"modified":"2025-04-30T23:32:09","modified_gmt":"2025-04-30T23:32:09","slug":"autos-kollidieren-auf-westerholter-strasse","status":"publish","type":"post","link":"https:\/\/www.europesays.com\/de\/74421\/","title":{"rendered":"Autos kollidieren auf Westerholter Stra\u00dfe"},"content":{"rendered":"<p>\t\tVerkehrsunfall in Herten<br \/>\n\t\t\t\t\tZwei Autos sto\u00dfen auf der Westerholter Stra\u00dfe zusammen<\/p>\n<p>\t\t<img alt=\"\" src=\"https:\/\/www.europesays.com\/de\/wp-content\/uploads\/2025\/04\/Jonas-Alder.png\"  class=\"avatar avatar-36 photo avatar-default\" height=\"36\" width=\"36\" loading=\"lazy\" decoding=\"async\"\/>\t\t<a class=\"article-author__name\" href=\"https:\/\/www.hertener-allgemeine.de\/author\/flachbrotoutlook-de\/\" rel=\"author noopener\" target=\"_blank\">Jonas Alder<\/a><br \/>\n\t\tRedakteur<\/p>\n<p>\t30.04.2025 20:15 Uhr<\/p>\n<p>\t\tTeilen<\/p>\n<p>\n\tIn Merkliste \u00fcbernehmen\n<\/p>\n<p>    <a href=\"https:\/\/www.hertener-allgemeine.de\/wp-content\/uploads\/2025\/04\/30\/17\/630_0900_4677807_hal_Herten_Blechecke_Unfall_April2025-1648x824.jpg\" target=\"_blank\" rel=\"noopener\"><\/p>\n<p>            <img decoding=\"async\" fetchpriority=\"high\" src=\"https:\/\/www.europesays.com\/de\/wp-content\/uploads\/2025\/04\/630_0900_4677806_hal_Herten_Blechecke_Unfall_April2025-640x428.jpg\" width=\"640\" height=\"428\"  alt=\"Ein Rettungswagen und ein Feuerwehrfahrzeug stehen an der Westerholter Stra\u00dfe.\"\/><\/p>\n<p>    <\/a><br \/>\n    Polizei, Feuerwehr, Rettungswagen und ein Notarzt eilten am Mittwochabend (30.4.) zu einem Unfall auf der Westerholter Stra\u00dfe. \u00a9 Marc Gruber \/ 7aktuell.de<\/p>\n<p class=\"article__teaser-text\">Am fr\u00fchen Mittwochabend (30.4.) kollidierten zwei Autos auf der Westerholter Stra\u00dfe miteinander. Feuerwehr, Polizei und Rettungskr\u00e4fte waren vor Ort.<\/p>\n<p>1 Min Lesezeit<\/p>\n<p>Zahl der Verkehrsunf\u00e4lle auf konstantem Niveau<\/p>\n<p>\n\t<a href=\"https:\/\/www.hertener-allgemeine.de\" class=\"button button--brand button--link home-button\" target=\"_blank\" rel=\"noopener\">Zur Startseite<\/a><\/p>\n","protected":false},"excerpt":{"rendered":"Verkehrsunfall in Herten Zwei Autos sto\u00dfen auf der Westerholter Stra\u00dfe zusammen Jonas Alder Redakteur 30.04.2025 20:15 Uhr Teilen&hellip;\n","protected":false},"author":2,"featured_media":74422,"comment_status":"","ping_status":"","sticky":false,"template":"","format":"standard","meta":{"footnotes":""},"categories":[1848],"tags":[1950,3364,29,548,663,3934,3658,30,13,14,15,1209,32274,12],"class_list":{"0":"post-74421","1":"post","2":"type-post","3":"status-publish","4":"format-standard","5":"has-post-thumbnail","7":"category-gelsenkirchen","8":"tag-blaulicht","9":"tag-de","10":"tag-deutschland","11":"tag-eu","12":"tag-europa","13":"tag-europe","14":"tag-gelsenkirchen","15":"tag-germany","16":"tag-headlines","17":"tag-nachrichten","18":"tag-news","19":"tag-nordrhein-westfalen","20":"tag-polizei-herten","21":"tag-schlagzeilen"},"share_on_mastodon":{"url":"https:\/\/pubeurope.com\/@de\/114429528974052806","error":""},"_links":{"self":[{"href":"https:\/\/www.europesays.com\/de\/wp-json\/wp\/v2\/posts\/74421","targetHints":{"allow":["GET"]}}],"collection":[{"href":"https:\/\/www.europesays.com\/de\/wp-json\/wp\/v2\/posts"}],"about":[{"href":"https:\/\/www.europesays.com\/de\/wp-json\/wp\/v2\/types\/post"}],"author":[{"embeddable":true,"href":"https:\/\/www.europesays.com\/de\/wp-json\/wp\/v2\/users\/2"}],"replies":[{"embeddable":true,"href":"https:\/\/www.europesays.com\/de\/wp-json\/wp\/v2\/comments?post=74421"}],"version-history":[{"count":0,"href":"https:\/\/www.europesays.com\/de\/wp-json\/wp\/v2\/posts\/74421\/revisions"}],"wp:featuredmedia":[{"embeddable":true,"href":"https:\/\/www.europesays.com\/de\/wp-json\/wp\/v2\/media\/74422"}],"wp:attachment":[{"href":"https:\/\/www.europesays.com\/de\/wp-json\/wp\/v2\/media?parent=74421"}],"wp:term":[{"taxonomy":"category","embeddable":true,"href":"https:\/\/www.europesays.com\/de\/wp-json\/wp\/v2\/categories?post=74421"},{"taxonomy":"post_tag","embeddable":true,"href":"https:\/\/www.europesays.com\/de\/wp-json\/wp\/v2\/tags?post=74421"}],"curies":[{"name":"wp","href":"https:\/\/api.w.org\/{rel}","templated":true}]}}