{"id":744388,"date":"2026-01-24T23:24:12","date_gmt":"2026-01-24T23:24:12","guid":{"rendered":"https:\/\/www.europesays.com\/de\/744388\/"},"modified":"2026-01-24T23:24:12","modified_gmt":"2026-01-24T23:24:12","slug":"flughafen-leipzig-soll-mit-millionen-paket-gerettet-werden-es-ist-nicht-das-erste-mal","status":"publish","type":"post","link":"https:\/\/www.europesays.com\/de\/744388\/","title":{"rendered":"Flughafen Leipzig soll mit Millionen-Paket gerettet werden \u2013 es ist nicht das erste Mal"},"content":{"rendered":"\n<p>Die Regionalflugh\u00e4fen Leipzig\/Halle und Dresden kommen nicht aus der Krise. Trotz eines bis 2026 bewilligten Rettungspakets von 100 Millionen Euro sollen anschlie\u00dfend weitere Hilfen aus Steuergeld flie\u00dfen. <\/p>\n<p>Nach Recherchen der in Halle erscheinenden Mitteldeutschen Zeitung (Dienstagausgabe) wollen die Haupteigent\u00fcmer, die L\u00e4nder\u00a0Sachsen-Anhalt und\u00a0Sachsen, zwischen 2027 und 2029 zus\u00e4tzliche 71 Millionen Euro zuschie\u00dfen. \u00dcber einen entsprechenden Plan ber\u00e4t die Landesregierung in Magdeburg an diesem Dienstag.<\/p>\n<p> Flughafen Leipzig soll Geld bekommen <\/p>\n<p>Anders als bei bisherigen Hilfen will\u00a0Sachsen-Anhalt darauf bestehen, dass die eigenen Zahlungen nicht mehr in die Stabilisierung des Standorts Dresden flie\u00dfen. In einer von Finanzminister Michael Richter (CDU) unterzeichneten Beschlussvorlage f\u00fcr das Kabinett hei\u00dft es: \u201eDie Zusch\u00fcsse des Landes\u00a0Sachsen-Anhalt werden ausschlie\u00dflich als Finanzhilfe f\u00fcr Aufwendungen nichtwirtschaftlicher Art des Flughafens Leipzig\/Halle eingesetzt.\u201c <\/p>\n<p><a href=\"https:\/\/www.thueringen24.de\/umland\/article300606566\/lets-dance-rtl-gustav-schaefer-tokio-hotel-osten-magdeburg-news-haeuschen.html\" rel=\"nofollow noopener\" target=\"_blank\">+++ \u201eLet\u2019s Dance\u201c-Wirbel im Osten! Tokio Hotel-Star l\u00e4sst es alle wissen +++<\/a><\/p>\n<p>Mit Aufwendungen nichtwirtschaftlicher Art sind etwa die Kosten f\u00fcr Flugsicherung oder Brandbek\u00e4mpfung gemeint. Die gezielten Zahlungen nur f\u00fcr Leipzig\/Halle sollen es erm\u00f6glichen, an der gemeinsamen Aktiengesellschaft als Dachgesellschaft beider Flugh\u00e4fen festzuhalten. Eine Privatisierung des Standorts Dresden w\u00e4re damit vorerst vom Tisch.<\/p>\n<p> 71 Millionen Euro f\u00fcr die Flugh\u00e4fen <\/p>\n<p>Die Mitteldeutsche Flughafen AG geh\u00f6rt zu 81,3 Prozent dem Freistaat\u00a0Sachsen, zu 18,7 Prozent\u00a0Sachsen-Anhalt. Kleinere Anteile der St\u00e4dte Leipzig, Dresden und Halle sind darin eingeschlossen. Von den jetzt geplanten Rettungszahlungen \u00fcber 71 Millionen Euro sollen 62 Millionen Euro zwischen\u00a0Sachsen\u00a0und\u00a0Sachsen-Anhalt entsprechend den Unternehmensanteilen aufgeteilt werden. <\/p>\n<p>Neun Millionen Euro hingegen, die ausschlie\u00dflich f\u00fcr den Flughafen Dresden vorgesehen sind, sollen allein von\u00a0Sachsen\u00a0aufgebracht werden.<\/p>\n<p>Mehr News:<\/p>\n<p>Weitere 80 Millionen Euro soll die Aktiengesellschaft durch die Vermarktung von Grundst\u00fccksfl\u00e4chen erl\u00f6sen. Diese Einmaleinnahmen seien \u201eessentiell f\u00fcr den Fortbestand des Unternehmens\u201c, weil dadurch die Verschuldung und damit die Zinslast gesenkt werden k\u00f6nne, hei\u00dft es in der Beschlussvorlage f\u00fcr die Kabinettssitzung am Dienstag. (dpa)<\/p>\n","protected":false},"excerpt":{"rendered":"Die Regionalflugh\u00e4fen Leipzig\/Halle und Dresden kommen nicht aus der Krise. Trotz eines bis 2026 bewilligten Rettungspakets von 100&hellip;\n","protected":false},"author":2,"featured_media":744389,"comment_status":"","ping_status":"","sticky":false,"template":"","format":"standard","meta":{"footnotes":"","_share_on_mastodon":"0"},"categories":[1832],"tags":[3364,29,6712,30,71,859],"class_list":["post-744388","post","type-post","status-publish","format-standard","has-post-thumbnail","category-leipzig","tag-de","tag-deutschland","tag-flughafen-leipzig","tag-germany","tag-leipzig","tag-sachsen"],"share_on_mastodon":{"url":"https:\/\/pubeurope.com\/@de\/115952658914676959","error":""},"_links":{"self":[{"href":"https:\/\/www.europesays.com\/de\/wp-json\/wp\/v2\/posts\/744388","targetHints":{"allow":["GET"]}}],"collection":[{"href":"https:\/\/www.europesays.com\/de\/wp-json\/wp\/v2\/posts"}],"about":[{"href":"https:\/\/www.europesays.com\/de\/wp-json\/wp\/v2\/types\/post"}],"author":[{"embeddable":true,"href":"https:\/\/www.europesays.com\/de\/wp-json\/wp\/v2\/users\/2"}],"replies":[{"embeddable":true,"href":"https:\/\/www.europesays.com\/de\/wp-json\/wp\/v2\/comments?post=744388"}],"version-history":[{"count":0,"href":"https:\/\/www.europesays.com\/de\/wp-json\/wp\/v2\/posts\/744388\/revisions"}],"wp:featuredmedia":[{"embeddable":true,"href":"https:\/\/www.europesays.com\/de\/wp-json\/wp\/v2\/media\/744389"}],"wp:attachment":[{"href":"https:\/\/www.europesays.com\/de\/wp-json\/wp\/v2\/media?parent=744388"}],"wp:term":[{"taxonomy":"category","embeddable":true,"href":"https:\/\/www.europesays.com\/de\/wp-json\/wp\/v2\/categories?post=744388"},{"taxonomy":"post_tag","embeddable":true,"href":"https:\/\/www.europesays.com\/de\/wp-json\/wp\/v2\/tags?post=744388"}],"curies":[{"name":"wp","href":"https:\/\/api.w.org\/{rel}","templated":true}]}}