{"id":744611,"date":"2026-01-25T01:30:11","date_gmt":"2026-01-25T01:30:11","guid":{"rendered":"https:\/\/www.europesays.com\/de\/744611\/"},"modified":"2026-01-25T01:30:11","modified_gmt":"2026-01-25T01:30:11","slug":"zahlreiche-raeder-in-ludwigshafen-nicht-ausreichend-beleuchtet-ludwigshafen","status":"publish","type":"post","link":"https:\/\/www.europesays.com\/de\/744611\/","title":{"rendered":"Zahlreiche R\u00e4der in Ludwigshafen nicht ausreichend beleuchtet &#8211; Ludwigshafen"},"content":{"rendered":"<p class=\"rhp-dpa-teaser\"><b>Der Kreisclub Vorder- und S\u00fcdpfalz des  Auto-Club Europa (ACE) hat eine Aktion zur Fahrradbeleuchtung in Ludwigshafen organisiert. Ein Ergebnis mit Licht und Schatten.<\/b><\/p>\n<p>Ziel war es laut <a class=\"rtr-entity\" data-rtr-entity=\"ACE\" data-rtr-id=\"c232b1ce92d4fd356ae1214454d6bdc64a02f5a0\" data-rtr-score=\"177.0229623500207\" data-rtr-etype=\"organisation\" data-rtr-index=\"10\" href=\"https:\/\/www.rheinpfalz.de\/themen\/ace?utm_source=rheinpfalz.de&amp;utm_medium=tms&amp;utm_campaign=intext\" rel=\"nofollow noopener\" target=\"_blank\">ACE<\/a><\/p>\n<p>, auf steigende Risiken im Herbst- und Winterverkehr aufmerksam zu machen und insbesondere Radfahrer zu sensibilisieren. In der dunklen Jahreszeit sind die Sichtverh\u00e4ltnisse im Stra\u00dfenverkehr schwierig: N\u00e4sse, Nebel und fr\u00fche D\u00e4mmerung erschweren das Erkennen<\/p>\n<p class=\"\">Bitte loggen Sie sich ein um den Artikel im Klartext zu sehen.<\/p>\n<p class=\"\">ndearer Vethenmeeei.rslhrkr Bei der iktoAn enmeiuekttornd etrChmnihcaeE-EAl edn auZsntd nov edtuuhbrncnlreaghaeF in<\/p>\n<p class=\"\">,uwesigdafnhL tiirefmrnnoe  eid ighitecr tAgstutunsa und nbgea isTpp  hmer rchehitSei mi aglA.tl ieD esrnbsEegi gineezt med ECA ouegf:lz  rmiem idsn eelvi  tncih hnuderseica thbel<\/p>\n<p class=\"rhp-teaser\"><b>Der Kreisclub Vorder- und S\u00fcdpfalz des  Auto-Club Europa (ACE) hat eine Aktion zur Fahrradbeleuchtung in Ludwigshafen organisiert. Ein Ergebnis mit Licht und Schatten.<\/b><\/p>\n","protected":false},"excerpt":{"rendered":"Der Kreisclub Vorder- und S\u00fcdpfalz des Auto-Club Europa (ACE) hat eine Aktion zur Fahrradbeleuchtung in Ludwigshafen organisiert. Ein&hellip;\n","protected":false},"author":2,"featured_media":744612,"comment_status":"","ping_status":"","sticky":false,"template":"","format":"standard","meta":{"footnotes":"","_share_on_mastodon":"0"},"categories":[1845],"tags":[30097,1634,3364,29,548,663,3934,30,13,4060,25476,2096,14,15,12,34781],"class_list":["post-744611","post","type-post","status-publish","format-standard","has-post-thumbnail","category-mannheim","tag-ace","tag-baden-wuerttemberg","tag-de","tag-deutschland","tag-eu","tag-europa","tag-europe","tag-germany","tag-headlines","tag-lokal","tag-ludwigshafen","tag-mannheim","tag-nachrichten","tag-news","tag-schlagzeilen","tag-suedpfalz"],"share_on_mastodon":{"url":"https:\/\/pubeurope.com\/@de\/115953154438845651","error":""},"_links":{"self":[{"href":"https:\/\/www.europesays.com\/de\/wp-json\/wp\/v2\/posts\/744611","targetHints":{"allow":["GET"]}}],"collection":[{"href":"https:\/\/www.europesays.com\/de\/wp-json\/wp\/v2\/posts"}],"about":[{"href":"https:\/\/www.europesays.com\/de\/wp-json\/wp\/v2\/types\/post"}],"author":[{"embeddable":true,"href":"https:\/\/www.europesays.com\/de\/wp-json\/wp\/v2\/users\/2"}],"replies":[{"embeddable":true,"href":"https:\/\/www.europesays.com\/de\/wp-json\/wp\/v2\/comments?post=744611"}],"version-history":[{"count":0,"href":"https:\/\/www.europesays.com\/de\/wp-json\/wp\/v2\/posts\/744611\/revisions"}],"wp:featuredmedia":[{"embeddable":true,"href":"https:\/\/www.europesays.com\/de\/wp-json\/wp\/v2\/media\/744612"}],"wp:attachment":[{"href":"https:\/\/www.europesays.com\/de\/wp-json\/wp\/v2\/media?parent=744611"}],"wp:term":[{"taxonomy":"category","embeddable":true,"href":"https:\/\/www.europesays.com\/de\/wp-json\/wp\/v2\/categories?post=744611"},{"taxonomy":"post_tag","embeddable":true,"href":"https:\/\/www.europesays.com\/de\/wp-json\/wp\/v2\/tags?post=744611"}],"curies":[{"name":"wp","href":"https:\/\/api.w.org\/{rel}","templated":true}]}}