{"id":745068,"date":"2026-01-25T06:17:10","date_gmt":"2026-01-25T06:17:10","guid":{"rendered":"https:\/\/www.europesays.com\/de\/745068\/"},"modified":"2026-01-25T06:17:10","modified_gmt":"2026-01-25T06:17:10","slug":"sv-sandhausen-unterliegt-nuernbergs-u23-im-test-mit-50-30","status":"publish","type":"post","link":"https:\/\/www.europesays.com\/de\/745068\/","title":{"rendered":"SV Sandhausen unterliegt N\u00fcrnbergs U23 im Test mit 5:0 (3:0)"},"content":{"rendered":"<p>                                SV Sandhausen unterliegt N\u00fcrnbergs U23 im Test mit 5:0 (3:0)<\/p>\n<p class=\"card-text uppercase mb-5\">Regionalliga | erstellt am So. 25.01.2026<\/p>\n<p>Am Max-Morlock-Platz in N\u00fcrnberg unterlag der SV Sandhausen im zweiten Testspiel des Jahres der U23 des 1. FC N\u00fcrnberg mit 0:5 (0:3). W\u00e4hrend der Gastgeber seine M\u00f6glichkeiten konsequent nutzte, lie\u00df der SVS im ersten Durchgang mehrere Chancen ungenutzt und geriet fr\u00fch ins Hintertreffen.<\/p>\n<p>In der ersten Halbzeit begann der SV Sandhausen mit Lukas Schneller im Tor. In der Dreierkette verteidigten von links nach rechts Teoman Akmestanli, Kwabe Schulz und Ken Gipson. Davor bildeten Berk Inaler und Niklas Tarnat die Doppelsechs, \u00fcber die Au\u00dfenbahnen spielten Phil Halbauer links und Louis Kolbe rechts. In der Offensive startete David Mamutovic neben Luca de Meester. In der Spitze f\u00fchrte Kapit\u00e4n Pascal Testroet den SVS an.<\/p>\n<p><strong>N\u00fcrnberg konsequent, SVS ohne Ertrag<\/strong><\/p>\n<p>Bereits nach elf Minuten ging N\u00fcrnberg durch ein Eigentor von Kwabe Schulz in F\u00fchrung (11.). Der Gastgeber erh\u00f6hte durch Rau (20.) und Kusanovic (38.) \u2013 damit war die Partie zur Pause vorentschieden. In der ersten Halbzeit fehlte dem SVS insgesamt die n\u00f6tige Griffigkeit, um N\u00fcrnbergs Effizienz zu bremsen und die eigenen M\u00f6glichkeiten in Z\u00e4hlbares umzuwandeln.<\/p>\n<p><strong>Nach der Pause viele Wechsel \u2013 Nachwuchs sammelt Minuten<\/strong><\/p>\n<p>Zur zweiten Halbzeit wechselte Sandhausen umfangreich durch und brachte dabei auch zahlreiche Akteure aus der U17 und U19: Zur zweiten Halbzeit stellte Sandhausen nahezu komplett um (46.): Arthur Lyska ersetzte Schneller im Tor, Zahnen Martinez kam f\u00fcr Akmestanli, Leonardo Zikora f\u00fcr Schulz und Gaoussou Dabo f\u00fcr Gipson. Zudem wurden Tom Stadler f\u00fcr Inaler und Robin Krau\u00dfe f\u00fcr Tarnat eingewechselt. Offensiv folgten Eren Ceylan f\u00fcr Mamutovic, Diego Scheu\u00df f\u00fcr de Meester, Nico Nollenberger f\u00fcr Halbauer und Yanis Outman f\u00fcr Kolbe, w\u00e4hrend Maximilian Wagner Kapit\u00e4n Testroet im Sturmzentrum ersetzte. Die jungen Spieler f\u00fcgten sich gut ein, zeigten eine ordentliche Leistung und nutzten die Einsatzzeit, um auf Regionalliga-Niveau wertvolle Erfahrungen zu sammeln. N\u00fcrnberg blieb dennoch effektiv und baute die F\u00fchrung durch Menig aus (54.). In der Schlussphase kamen Tim Glock f\u00fcr Zikora und Luka Vukoja f\u00fcr Scheu\u00df (70.) ins Spiel, ehe Obiogumu den Endstand herstellte (82.). Insgesamt war es ein verdienter Sieg f\u00fcr die N\u00fcrnberger U23.<\/p>\n<p><strong>Stimme zum Spiel:<\/strong><\/p>\n<p>Cheftrainer Olaf Jan\u00dfen: <strong>\u201eEine in der H\u00f6he sicher nicht zu erwartende Niederlage, das muss man sagen. Ich hoffe, dass das Spielergebnis eine heilende Wirkung hat und allen bewusst macht, dass wir immer bei 100 Prozent sein m\u00fcssen. Es gibt dennoch Faktoren, die zu ber\u00fccksichtigen sind: Die Jungs waren m\u00fcde. Hinzu kommt, dass wir viele Chancen liegen lassen und N\u00fcrnberg aus wenigen Chancen viele Tore macht. Das Spiel hat uns geerdet, wir m\u00fcssen die Partie richtig einsortieren. Die Jungs haben jetzt zwei Tage Zeit, sich zu regenerieren.\u201c<\/strong><\/p>\n<p><strong>SV Sandhausen: <\/strong>Schneller (Lyska, 46.) \u2013 Akmestanli (Zahnen Martinez, 46.), Schulz (Zikora, 46., Glock, 70.), Gipson (Dabo, 46.) \u2013 Inaler (Stadler, 46.), Tarnat (Krau\u00dfe, 46.) \u2013 Halbauer (Nollenberger, 46.), Kolbe (Outman, 46.) \u2013 Mamutovic (Ceylan, 46.), de Meester (Scheu\u00df, 46., Vukoja, 70.) \u2013 Testroet (Wagner, 46.).<\/p>\n<p><strong>Tore:<\/strong> 1:0 Schulz (ET, 11.). 2:0 Rau (20.). 3:0 Kusanovic (38.). 4:0 Menig (54.). 5:0 Obiogumu (82.).<\/p>\n<p>                                                                <a class=\"btn mt-5\" href=\"https:\/\/sport-kuriermannheim.de\/\" rel=\"nofollow noopener\" target=\"_blank\">zur\u00fcck<\/a><\/p>\n","protected":false},"excerpt":{"rendered":"SV Sandhausen unterliegt N\u00fcrnbergs U23 im Test mit 5:0 (3:0) Regionalliga | erstellt am So. 25.01.2026 Am Max-Morlock-Platz&hellip;\n","protected":false},"author":2,"featured_media":745069,"comment_status":"","ping_status":"","sticky":false,"template":"","format":"standard","meta":{"footnotes":"","_share_on_mastodon":"0"},"categories":[1837],"tags":[170266,772,3364,29,30,3783,170267,33018,115015,16437,12873,11460],"class_list":["post-745068","post","type-post","status-publish","format-standard","has-post-thumbnail","category-nuernberg","tag-1-fc-nuernberg-u21","tag-bayern","tag-de","tag-deutschland","tag-germany","tag-nuernberg","tag-regionalliga-suedwesst","tag-saison-2025-2026","tag-schlappe","tag-sport-kurier-mannheim","tag-sv-sandhausen","tag-testspiel"],"share_on_mastodon":{"url":"https:\/\/pubeurope.com\/@de\/115954282936253568","error":""},"_links":{"self":[{"href":"https:\/\/www.europesays.com\/de\/wp-json\/wp\/v2\/posts\/745068","targetHints":{"allow":["GET"]}}],"collection":[{"href":"https:\/\/www.europesays.com\/de\/wp-json\/wp\/v2\/posts"}],"about":[{"href":"https:\/\/www.europesays.com\/de\/wp-json\/wp\/v2\/types\/post"}],"author":[{"embeddable":true,"href":"https:\/\/www.europesays.com\/de\/wp-json\/wp\/v2\/users\/2"}],"replies":[{"embeddable":true,"href":"https:\/\/www.europesays.com\/de\/wp-json\/wp\/v2\/comments?post=745068"}],"version-history":[{"count":0,"href":"https:\/\/www.europesays.com\/de\/wp-json\/wp\/v2\/posts\/745068\/revisions"}],"wp:featuredmedia":[{"embeddable":true,"href":"https:\/\/www.europesays.com\/de\/wp-json\/wp\/v2\/media\/745069"}],"wp:attachment":[{"href":"https:\/\/www.europesays.com\/de\/wp-json\/wp\/v2\/media?parent=745068"}],"wp:term":[{"taxonomy":"category","embeddable":true,"href":"https:\/\/www.europesays.com\/de\/wp-json\/wp\/v2\/categories?post=745068"},{"taxonomy":"post_tag","embeddable":true,"href":"https:\/\/www.europesays.com\/de\/wp-json\/wp\/v2\/tags?post=745068"}],"curies":[{"name":"wp","href":"https:\/\/api.w.org\/{rel}","templated":true}]}}