{"id":745116,"date":"2026-01-25T06:44:22","date_gmt":"2026-01-25T06:44:22","guid":{"rendered":"https:\/\/www.europesays.com\/de\/745116\/"},"modified":"2026-01-25T06:44:22","modified_gmt":"2026-01-25T06:44:22","slug":"polizei-nimmt-mutmassliches-hamas-mitglied-fest","status":"publish","type":"post","link":"https:\/\/www.europesays.com\/de\/745116\/","title":{"rendered":"Polizei nimmt mutma\u00dfliches Hamas-Mitglied fest"},"content":{"rendered":"<p>Zugriff am Flughafen <\/p>\n<p>Polizei nimmt mutma\u00dfliches Hamas-Mitglied in Berlin fest<\/p>\n<p>24.01.2026 &#8211; 11:44 UhrLesedauer: 1 Min.<\/p>\n<p><a href=\"#focus-0\" class=\"transition-colors duration-200 block text-current relative\" data-sctrack=\"FocusGalleryImage.Reference\"><img fetchpriority=\"high\" data-testid=\"Opener.Image\" style=\"--lqipURL:url('https:\/\/images.t-online.de\/2025\/01\/mQqZDVJ4HZan\/0x132:2048x1152\/fit-in\/150x0\/filters:blur(25)\/die-polizei-hat-einen-arabischen-influencer-am-flughafen-ber-festgenommen-symbolbild.jpg')\"   loading=\"eager\" src=\"https:\/\/www.europesays.com\/de\/wp-content\/uploads\/2026\/01\/die-polizei-hat-einen-arabischen-influencer-am-flughafen-ber-festgenommen-symbolbild.jpg\" alt=\"Bundespolizei\" title=\"Bundespolizei\" width=\"2048\" height=\"1152\" class=\"bg-[url:var(--lqipURL)] bg-cover bg-center flex h-full w-full max-w-full\" decoding=\"async\"\/><img style=\"--width:32;--height:32\" loading=\"lazy\" src=\"https:\/\/www.t-online.de\/s\/paper\/_next\/static\/media\/zoom-in.f7dae02f.svg\" alt=\"Vergr\u00f6\u00dfern des Bildes\" title=\"Vergr\u00f6\u00dfern des Bildes\" class=\"block h-[calc(var(--height)_\/_16_*_1rem)] w-[calc(var(--width)_\/_16_*_1rem)] max-w-none absolute bottom-8 right-8 rounded-4 bg-snow p-8\" decoding=\"async\"\/><\/a><\/p>\n<p>Polizei am Flughafen BER (Symbolbild): Einsatzkr\u00e4fte ermitteln gegen eine Gruppe mutma\u00dflicher Waffenbeschaffer der Hamas \u2013 und greifen erneut zu. (Quelle: Boris Roessler\/dpa\/dpa-bilder)<\/p>\n<p class=\"font-bold text-18 leading-17\">Mohammad S. soll Waffen und Munition f\u00fcr die Terrororganisation Hamas besorgt haben. Jetzt hat die Polizei den Mann festgenommen. Das ist \u00fcber ihn bekannt.<\/p>\n<p class=\"text-18 leading-17\">Einsatzkr\u00e4fte der Polizei haben in <a class=\"transition-colors duration-200 cursor-pointer text-inherit no-underline text-salemsfur md:hover:text-magenta md:hover:border-magenta md:focus:text-magenta border-current border-b border-solid break-words\" href=\"https:\/\/berlin.t-online.de\/region\/berlin\/\" data-sctrack=\"BodyAnchor\" rel=\"nofollow noopener\" target=\"_blank\">Berlin<\/a> offenbar einen Mann verhaftet, der mutma\u00dflich Waffen f\u00fcr die Terrororganisation Hamas geschmuggelt haben soll. Das berichtet der &#8222;Spiegel&#8220; unter Berufung auf Ermittlerkreise. Die Festnahme sei am Freitag gegen 23 Uhr am <a class=\"transition-colors duration-200 cursor-pointer text-inherit no-underline text-salemsfur md:hover:text-magenta md:hover:border-magenta md:focus:text-magenta border-current border-b border-solid break-words\" href=\"https:\/\/www.t-online.de\/themen\/flughafen\/\" data-sctrack=\"BodyAnchor\" rel=\"nofollow noopener\" target=\"_blank\">Flughafen<\/a> Berlin-Brandenburg erfolgt.<\/p>\n<p class=\"text-18 leading-17\">Bei dem Mann soll es sich um den 36-j\u00e4hrigen Mohammad S. handeln: Er stamme aus dem <a class=\"transition-colors duration-200 cursor-pointer text-inherit no-underline text-salemsfur md:hover:text-magenta md:hover:border-magenta md:focus:text-magenta border-current border-b border-solid break-words\" href=\"https:\/\/www.t-online.de\/themen\/libanon\/\" data-sctrack=\"BodyAnchor\" rel=\"nofollow noopener\" target=\"_blank\">Libanon<\/a>, sei aus Beirut nach Berlin geflogen und stehe auf der Fahndungsliste des Bundeskriminalamts, so der &#8222;Spiegel&#8220;.<\/p>\n<p class=\"text-18 leading-17\">Die Bundesanwaltschaft wirft S. vor, Mitglied der Hamas zu sein und einem Team sogenannter Auslandsoperateure anzugeh\u00f6ren, das Schusswaffen und Munition f\u00fcr Anschl\u00e4ge gegen israelische und j\u00fcdische Einrichtungen in Europa beschafft, hei\u00dft es in dem Bericht weiter. Den Ermittlern zufolge soll er rund 300 scharfe Patronen f\u00fcr die Gruppe besorgt haben.<\/p>\n<p class=\"text-18 leading-17\">Wie der &#8222;Spiegel&#8220; berichtet, hatte es in dem Ermittlungskomplex bereits mehrere Festnahmen gegeben: So seien im Oktober drei mutma\u00dfliche Hamas-Mitglieder bei einer Waffen\u00fcbergabe in Berlin verhaftet worden. Weitere mutma\u00dfliche Waffenschmuggler der Gruppe setzten die Fahnder in <a class=\"transition-colors duration-200 cursor-pointer text-inherit no-underline text-salemsfur md:hover:text-magenta md:hover:border-magenta md:focus:text-magenta border-current border-b border-solid break-words\" href=\"https:\/\/www.t-online.de\/themen\/london\/\" data-sctrack=\"BodyAnchor\" rel=\"nofollow noopener\" target=\"_blank\">London<\/a> und bei der Einreise aus <a class=\"transition-colors duration-200 cursor-pointer text-inherit no-underline text-salemsfur md:hover:text-magenta md:hover:border-magenta md:focus:text-magenta border-current border-b border-solid break-words\" href=\"https:\/\/www.t-online.de\/themen\/tschechien\/\" data-sctrack=\"BodyAnchor\" rel=\"nofollow noopener\" target=\"_blank\">Tschechien<\/a> fest.<\/p>\n<p class=\"text-18 leading-17\">Der aktuell festgenommene Mohammad S. soll nun aus Berlin nach Karlsruhe gebracht und einem Ermittlungsrichter des Bundesgerichtshofs vorgef\u00fchrt werden. Seine Verteidigung sei f\u00fcr eine Stellungnahme zun\u00e4chst nicht erreichbar gewesen.<\/p>\n","protected":false},"excerpt":{"rendered":"Zugriff am Flughafen Polizei nimmt mutma\u00dfliches Hamas-Mitglied in Berlin fest 24.01.2026 &#8211; 11:44 UhrLesedauer: 1 Min. Polizei am&hellip;\n","protected":false},"author":2,"featured_media":745117,"comment_status":"","ping_status":"","sticky":false,"template":"","format":"standard","meta":{"footnotes":"","_share_on_mastodon":"0"},"categories":[1825],"tags":[326,1941,1939,25346,13410,296,1937,422,29,2540,980,2109,30,410,6897,7296,170269,26828,1940,1938,121,554,32121],"class_list":["post-745116","post","type-post","status-publish","format-standard","has-post-thumbnail","category-berlin","tag-326","tag-aktuelle-nachrichten-aus-berlin","tag-aktuelle-news-aus-berlin","tag-beirut","tag-ber","tag-berlin","tag-berlin-news","tag-bka","tag-deutschland","tag-einsatzkraft","tag-festnahme","tag-flughafen","tag-germany","tag-hamas","tag-harakat-el-mukawame-el-islamije","tag-libanon","tag-mohammad-s","tag-munition","tag-nachrichten-aus-berlin","tag-news-aus-berlin","tag-polizei","tag-terrororganisation","tag-zugriff"],"share_on_mastodon":{"url":"https:\/\/pubeurope.com\/@de\/115954389202370527","error":""},"_links":{"self":[{"href":"https:\/\/www.europesays.com\/de\/wp-json\/wp\/v2\/posts\/745116","targetHints":{"allow":["GET"]}}],"collection":[{"href":"https:\/\/www.europesays.com\/de\/wp-json\/wp\/v2\/posts"}],"about":[{"href":"https:\/\/www.europesays.com\/de\/wp-json\/wp\/v2\/types\/post"}],"author":[{"embeddable":true,"href":"https:\/\/www.europesays.com\/de\/wp-json\/wp\/v2\/users\/2"}],"replies":[{"embeddable":true,"href":"https:\/\/www.europesays.com\/de\/wp-json\/wp\/v2\/comments?post=745116"}],"version-history":[{"count":0,"href":"https:\/\/www.europesays.com\/de\/wp-json\/wp\/v2\/posts\/745116\/revisions"}],"wp:featuredmedia":[{"embeddable":true,"href":"https:\/\/www.europesays.com\/de\/wp-json\/wp\/v2\/media\/745117"}],"wp:attachment":[{"href":"https:\/\/www.europesays.com\/de\/wp-json\/wp\/v2\/media?parent=745116"}],"wp:term":[{"taxonomy":"category","embeddable":true,"href":"https:\/\/www.europesays.com\/de\/wp-json\/wp\/v2\/categories?post=745116"},{"taxonomy":"post_tag","embeddable":true,"href":"https:\/\/www.europesays.com\/de\/wp-json\/wp\/v2\/tags?post=745116"}],"curies":[{"name":"wp","href":"https:\/\/api.w.org\/{rel}","templated":true}]}}