{"id":745282,"date":"2026-01-25T08:24:24","date_gmt":"2026-01-25T08:24:24","guid":{"rendered":"https:\/\/www.europesays.com\/de\/745282\/"},"modified":"2026-01-25T08:24:24","modified_gmt":"2026-01-25T08:24:24","slug":"deutscher-filmball-feiert-50-jubilaeum-scherben-stars-und-schampus-unterhaltung","status":"publish","type":"post","link":"https:\/\/www.europesays.com\/de\/745282\/","title":{"rendered":"Deutscher Filmball feiert 50. Jubil\u00e4um: Scherben, Stars und Schampus! | Unterhaltung"},"content":{"rendered":"<p><a class=\"skip-content skip-content--link\" href=\"#in-content-skip-link-target-v-0-0\">TTS-Player \u00fcberspringen\u21b5<\/a><a id=\"in-content-skip-link-target-v-0-0\" class=\"skip-content--target-link-hidden skip-content skip-content--target-link\" href=\"#in-content-skip-link-target-v-0-0\">Artikel weiterlesen<\/a><\/p>\n<p>M\u00fcnchen \u2013\u00a0<b>Die Party begann vielversprechend: mit Comedian Oliver Pocher (47), der den Damen in zauberhaften Roben (fast) die Show stahl \u2013 und Moderatorin Nina Eichinger (44), die ihr Champagnerglas mit voller Wucht aufs Parkett warf und sich \u00fcber die vielen Scherben am Boden freute! <\/b><\/p>\n<p><img decoding=\"async\" width=\"992\" height=\"1385\" alt=\"Steven G\u00e4tjen (53) und Nina Eichinger (44) bei ihrer Ankunft in M\u00fcnchen\" src=\"https:\/\/www.europesays.com\/de\/wp-content\/uploads\/2026\/01\/493ab54682ebaf96fdb3a4602b3157e8,18fbb919.jpeg\"   class=\"dynamic\" loading=\"lazy\"\/><\/p>\n<p class=\"fig__caption__text\">Steven G\u00e4tjen (53) und Nina Eichinger (44) bei ihrer Ankunft in M\u00fcnchen<\/p>\n<p>Foto: Getty Images<\/p>\n<p><img decoding=\"async\" width=\"992\" height=\"1444\" alt=\"Schauspielerin Mariella Ahrens (56) in einem dunkelgr\u00fcnen Glitzertraum von Natascha Gr\u00fcn. Sie zu BILD: \u201eMein Partner musste beruflich nach Istanbul. Ich genie\u00dfe den Abend heute mit Freundinnen\u201c\" src=\"https:\/\/www.europesays.com\/de\/wp-content\/uploads\/2026\/01\/c9107eeaa70759d52e5cc71bf40390ba,81c01276.jpeg\"   class=\"dynamic\" loading=\"lazy\"\/><\/p>\n<p class=\"fig__caption__text\">Schauspielerin Mariella Ahrens (56) in einem dunkelgr\u00fcnen Glitzertraum von Natascha Gr\u00fcn. Sie zu BILD: \u201eMein Partner musste beruflich nach Istanbul. Ich genie\u00dfe den Abend heute mit Freundinnen\u201c <\/p>\n<p>Foto: Getty Images<\/p>\n<p><a href=\"https:\/\/www.bild.de\/unterhaltung\/film\/deutscher-filmpreis\/deutscher-filmpreis-alle-infos-76650944.bild.html\" class=\"text-link\" rel=\"nofollow noopener\" target=\"_blank\">Der Deutsche Filmball<\/a> feierte Samstagabend im Nobelhotel Bayerischer Hof sein fulminantes 50. Jubil\u00e4um: mit besonders sch\u00f6n herausgeputzten Schauspielerinnen, Moderatorinnen, Regisseurinnen, Produzentinnen \u2013 und auch Legenden. Und deren (Ehe)-M\u00e4nner, die sich an den relativ einfachen Dresscode Smoking hielten. <\/p>\n<p><img decoding=\"async\" width=\"992\" height=\"1488\" alt=\"Bezaubernd: Schauspiel-Ikone Uschi Glas (81) kam in einem wundersch\u00f6nen Abendkleid ihrer M\u00fcnchner Lieblingsdesignerin Gabriele Blachnik\" src=\"https:\/\/www.europesays.com\/de\/wp-content\/uploads\/2026\/01\/7474c5c3994fa38900bedbdf35ce9c5e,40f47e23.jpeg\"   class=\"dynamic\" loading=\"lazy\"\/><\/p>\n<p class=\"fig__caption__text\">Bezaubernd: Schauspiel-Ikone Uschi Glas (81) kam in einem wundersch\u00f6nen Abendkleid ihrer M\u00fcnchner Lieblingsdesignerin Gabriele Blachnik<\/p>\n<p>Foto: Getty Images<\/p>\n<p>Oliver Pocher war vorher noch in Kitzb\u00fchel<\/p>\n<p>Nicht so Comedian <a href=\"https:\/\/www.bild.de\/unterhaltung\/leute\/oliver-pocher\/oliver-pocher-alle-infos-79829106.bild.html\" class=\"text-link\" rel=\"nofollow noopener\" target=\"_blank\">Oliver Pocher,<\/a> der direkt vom Hahnenkamm-Rennen in Kitzb\u00fchel kam und sich bereits in der Hotellobby kaum retten konnte vor Selfie- und Autogrammw\u00fcnschen. Gelassen, freundlich, erf\u00fcllte er die Bitten seiner weiblichen Fans. <\/p>\n<p>Von BILD auf seinen Look angesprochen (Anzug und Turnschuhe) sagte Pocher gewohnt schlagfertig: \u201eIch kann&#8217;s mir leisten, keinen Smoking anzuziehen und wollte es heute Abend mal lockerer angehen. Das geht ja nachher in eine Wei\u00dfwurst-Party \u00fcber, dann wirds hei\u00df und eng. Da ist es dann besser ohne Smoking und Fliege.\u201c<\/p>\n<p><img decoding=\"async\" width=\"992\" height=\"1375\" alt=\"Typischer Blick: war was? Ja, Oliver Pocher (47) kam in Anzug und Turnschuhen statt Smoking. Er zu BILD: \u201eIch kann mir das leisten.\u201c Die Damen lagen ihm zu F\u00fc\u00dfen, vor allem wegen seines Charmes und seinem Witz\" src=\"https:\/\/www.europesays.com\/de\/wp-content\/uploads\/2026\/01\/cfbb8d79d31732dc2c24f2e860b6e32a,f8f26403.jpeg\"   class=\"dynamic\" loading=\"lazy\"\/><\/p>\n<p class=\"fig__caption__text\">Typischer Blick: war was? Ja, Oliver Pocher (47) kam in Anzug und Turnschuhen statt Smoking. Er zu BILD: \u201eIch kann mir das leisten.\u201c Die Damen lagen ihm zu F\u00fc\u00dfen, vor allem wegen seines Charmes und seinem Witz <\/p>\n<p>Foto: Getty Images<\/p>\n<p>Nina erinnert an ihren Vater Bernd Eichinger<\/p>\n<p>Nina Eichinger, die mit Steven G\u00e4tjen (53) launig durch den Abend f\u00fchrte, r\u00fchrte die 1000 Ballg\u00e4ste, darunter auch Schauspielerin Hannah Herzsprung (44), S\u00e4ngerin und Filmstar Heike Makatsch (54), TV-Star <a href=\"https:\/\/www.bild.de\/themen\/personen\/heiner-lauterbach\/filme-fotos-news-videos-15802164.bild.html\" class=\"text-link\" rel=\"nofollow noopener\" target=\"_blank\">Heiner Lauterbach<\/a> (72) und Constantin-Film-Chef Oliver Berben (54, mit seiner Ehefrau Katrin und Mutter Iris Berben), gleich zu Beginn ganz tief.<\/p>\n<p>Mehr zum Thema<\/p>\n<p>\u201eHeute ist der 15. Todestag meines Vaters Bernd Eichinger. Er war daf\u00fcr bekannt, dass er es hier immer hat krachen lassen. Das erwarte ich heute auch von Euch.\u201c Dann warf sie ihr Schampus-Glas Vollkaracho auf den Boden und rief: \u201eScherben bringen Gl\u00fcck. Und das w\u00fcnsche ich der Filmbranche.\u201c <\/p>\n<p><img decoding=\"async\" width=\"992\" height=\"1488\" alt=\"Zwar kein Abendkleid, aber trotzdem umwerfend sch\u00f6n: Sport-Moderatorin Andrea Kaiser (43) in einem Hosenanzug von Modesigner Michael Costello \u2013 dazu eine Chanel-Brosche und XXL-L\u00e4cheln\" src=\"https:\/\/www.europesays.com\/de\/wp-content\/uploads\/2026\/01\/338cf93e3ad48fe4d486655a99335c1a,cd42e84.jpeg\"   class=\"dynamic\" loading=\"lazy\"\/><\/p>\n<p class=\"fig__caption__text\">Zwar kein Abendkleid, aber trotzdem umwerfend sch\u00f6n: Sport-Moderatorin Andrea Kaiser (43) in einem Hosenanzug von Modedesigner Michael Costello \u2013 dazu eine Chanel-Brosche und XXL-L\u00e4cheln<\/p>\n<p>Foto: Getty Images<\/p>\n<p><img decoding=\"async\" width=\"992\" height=\"1488\" alt=\"Lady in red: Moderatorin Annemarie Carpendale (48) in einem schulterfreien Abendkleid von Norma Kamali\" src=\"https:\/\/www.europesays.com\/de\/wp-content\/uploads\/2026\/01\/ea3660517a3978df5696036335f96e51,13d7dc1f.jpeg\"   class=\"dynamic\" loading=\"lazy\"\/><\/p>\n<p class=\"fig__caption__text\">Lady in red: Moderatorin Annemarie Carpendale (48) in einem schulterfreien Abendkleid von Norma Kamali <\/p>\n<p>Foto: Getty Images<\/p>\n<p>Ger\u00fchrt erhoben sich die G\u00e4ste im Ballsaal von ihren St\u00fchlen, prosteten Richtung Himmel, w\u00fcrdigten so den legend\u00e4ren M\u00fcnchner Filmproduzenten Bernd Eichinger (\u202061), der 2011 in Los Angeles einem pl\u00f6tzlichen Herztod erlegen war.<\/p>\n<p>Dann sorgte die Band \u201eThe Clou Experience\u201c f\u00fcr hei\u00dfe Beats und Stimmung bis in die fr\u00fchen Morgenstunden. <\/p>\n<p><img decoding=\"async\" width=\"992\" height=\"1488\" alt=\"Immer ein Hingucker \u2013 auch au\u00dferhalb des Fu\u00dfballplatzes: die beliebte Sport-Moderatorin Laura Wontorra (36) kann es sich leisten, kurz statt lang zu tragen \u2013 auch wenn es die Kleiderordnung so sicher nicht vorsah\" src=\"https:\/\/www.europesays.com\/de\/wp-content\/uploads\/2026\/01\/29b913f3295962d3a09a182ac3721560,686b3e0c.jpeg\"   class=\"dynamic\" loading=\"lazy\"\/><\/p>\n<p class=\"fig__caption__text\">Immer ein Hingucker \u2013 auch neben dem Fu\u00dfballplatz: Sport-Moderatorin Laura Wontorra (36) kann es sich leisten, kurz statt lang zu tragen. Das Geheimnis ihrer tollen Beine? Sie zu BILD: \u201eIch mache viel Gym\u201c<\/p>\n<p>Foto: Getty Images<\/p>\n<p><img decoding=\"async\" width=\"992\" height=\"1410\" alt=\"Engelsgleich: TV-Star Evelyn Burdecki (37) in einer wei\u00dfen, schulterfreien und wundersch\u00f6n bestickten Robe\" src=\"https:\/\/www.europesays.com\/de\/wp-content\/uploads\/2026\/01\/b02724eab83e9fc0e8bd4bf73ff9d51d,6b1e18eb.jpeg\"   class=\"dynamic\" loading=\"lazy\"\/><\/p>\n<p class=\"fig__caption__text\">Engelsgleich: TV-Star Evelyn Burdecki (37) in einer wei\u00dfen, schulterfreien und wundersch\u00f6n bestickten Robe<\/p>\n<p>Foto: Getty Images<\/p>\n<p><img decoding=\"async\" width=\"992\" height=\"1453\" alt=\"Schauspieler Moritz Bleibtreu (54) mit seiner Frau Saskia (34) in einem Traum aus Gold, der tief blicken lie\u00df\" src=\"https:\/\/www.europesays.com\/de\/wp-content\/uploads\/2026\/01\/809a37911f2649d967a46678bfca3e00,e893136f.jpeg\"   class=\"dynamic\" loading=\"lazy\"\/><\/p>\n<p class=\"fig__caption__text\">Schauspieler Moritz Bleibtreu (54) mit seiner Frau Saskia (34) in einem Traum aus Gold, der tief blicken lie\u00df <\/p>\n<p>Foto: Getty Images<\/p>\n","protected":false},"excerpt":{"rendered":"TTS-Player \u00fcberspringen\u21b5Artikel weiterlesen M\u00fcnchen \u2013\u00a0Die Party begann vielversprechend: mit Comedian Oliver Pocher (47), der den Damen in zauberhaften&hellip;\n","protected":false},"author":2,"featured_media":745283,"comment_status":"","ping_status":"","sticky":false,"template":"","format":"standard","meta":{"footnotes":"","_share_on_mastodon":"0"},"categories":[155],"tags":[94406,167631,29,116874,170289,214,30,1268,13821,45,215],"class_list":["post-745282","post","type-post","status-publish","format-standard","has-post-thumbnail","category-unterhaltung","tag-berben-iris","tag-carpendale-annemarie","tag-deutschland","tag-eichinger-bernd","tag-eichinger-nina","tag-entertainment","tag-germany","tag-muenchen","tag-pocher-oliver","tag-texttospeech","tag-unterhaltung"],"share_on_mastodon":{"url":"https:\/\/pubeurope.com\/@de\/115954782715502971","error":""},"_links":{"self":[{"href":"https:\/\/www.europesays.com\/de\/wp-json\/wp\/v2\/posts\/745282","targetHints":{"allow":["GET"]}}],"collection":[{"href":"https:\/\/www.europesays.com\/de\/wp-json\/wp\/v2\/posts"}],"about":[{"href":"https:\/\/www.europesays.com\/de\/wp-json\/wp\/v2\/types\/post"}],"author":[{"embeddable":true,"href":"https:\/\/www.europesays.com\/de\/wp-json\/wp\/v2\/users\/2"}],"replies":[{"embeddable":true,"href":"https:\/\/www.europesays.com\/de\/wp-json\/wp\/v2\/comments?post=745282"}],"version-history":[{"count":0,"href":"https:\/\/www.europesays.com\/de\/wp-json\/wp\/v2\/posts\/745282\/revisions"}],"wp:featuredmedia":[{"embeddable":true,"href":"https:\/\/www.europesays.com\/de\/wp-json\/wp\/v2\/media\/745283"}],"wp:attachment":[{"href":"https:\/\/www.europesays.com\/de\/wp-json\/wp\/v2\/media?parent=745282"}],"wp:term":[{"taxonomy":"category","embeddable":true,"href":"https:\/\/www.europesays.com\/de\/wp-json\/wp\/v2\/categories?post=745282"},{"taxonomy":"post_tag","embeddable":true,"href":"https:\/\/www.europesays.com\/de\/wp-json\/wp\/v2\/tags?post=745282"}],"curies":[{"name":"wp","href":"https:\/\/api.w.org\/{rel}","templated":true}]}}