{"id":745298,"date":"2026-01-25T08:33:10","date_gmt":"2026-01-25T08:33:10","guid":{"rendered":"https:\/\/www.europesays.com\/de\/745298\/"},"modified":"2026-01-25T08:33:10","modified_gmt":"2026-01-25T08:33:10","slug":"strasse-in-chemnitz-nach-rohrbruch-unter-wasser","status":"publish","type":"post","link":"https:\/\/www.europesays.com\/de\/745298\/","title":{"rendered":"Stra\u00dfe in Chemnitz nach Rohrbruch unter Wasser"},"content":{"rendered":"<p class=\"fp-paragraph\"><strong>Chemnitz<\/strong> &#8211; Eine Stra\u00dfe im \u00f6stlichen Teil von Chemnitz ist nach einem Wasserrohrbruch geflutet worden. Die Wasserleitung unter der Geibelstra\u00dfe platzte in der Nacht von Samstag auf Sonntag, wie ein Sprecher des Lagedienstes der Polizei mitteilte.\u201eDie ganze Stra\u00dfe wurde \u00fcberschwemmt\u201c, hie\u00df es am fr\u00fchen Sonntagmorgen. Das Tiefbauamt m\u00fcsse sich die Lage noch anschauen. Menschen seien laut ersten Erkenntnissen nicht in Gefahr. Der Grund f\u00fcr den Rohrbruch war noch unklar.<\/p>\n","protected":false},"excerpt":{"rendered":"Chemnitz &#8211; Eine Stra\u00dfe im \u00f6stlichen Teil von Chemnitz ist nach einem Wasserrohrbruch geflutet worden. Die Wasserleitung unter&hellip;\n","protected":false},"author":2,"featured_media":745299,"comment_status":"","ping_status":"","sticky":false,"template":"","format":"standard","meta":{"footnotes":""},"categories":[1851],"tags":[2770,3364,29,548,663,3934,30,13,14,15,4338,859,12],"class_list":{"0":"post-745298","1":"post","2":"type-post","3":"status-publish","4":"format-standard","5":"has-post-thumbnail","7":"category-chemnitz","8":"tag-chemnitz","9":"tag-de","10":"tag-deutschland","11":"tag-eu","12":"tag-europa","13":"tag-europe","14":"tag-germany","15":"tag-headlines","16":"tag-nachrichten","17":"tag-news","18":"tag-notfall","19":"tag-sachsen","20":"tag-schlagzeilen"},"share_on_mastodon":{"url":"https:\/\/pubeurope.com\/@de\/115954817700461014","error":""},"_links":{"self":[{"href":"https:\/\/www.europesays.com\/de\/wp-json\/wp\/v2\/posts\/745298","targetHints":{"allow":["GET"]}}],"collection":[{"href":"https:\/\/www.europesays.com\/de\/wp-json\/wp\/v2\/posts"}],"about":[{"href":"https:\/\/www.europesays.com\/de\/wp-json\/wp\/v2\/types\/post"}],"author":[{"embeddable":true,"href":"https:\/\/www.europesays.com\/de\/wp-json\/wp\/v2\/users\/2"}],"replies":[{"embeddable":true,"href":"https:\/\/www.europesays.com\/de\/wp-json\/wp\/v2\/comments?post=745298"}],"version-history":[{"count":0,"href":"https:\/\/www.europesays.com\/de\/wp-json\/wp\/v2\/posts\/745298\/revisions"}],"wp:featuredmedia":[{"embeddable":true,"href":"https:\/\/www.europesays.com\/de\/wp-json\/wp\/v2\/media\/745299"}],"wp:attachment":[{"href":"https:\/\/www.europesays.com\/de\/wp-json\/wp\/v2\/media?parent=745298"}],"wp:term":[{"taxonomy":"category","embeddable":true,"href":"https:\/\/www.europesays.com\/de\/wp-json\/wp\/v2\/categories?post=745298"},{"taxonomy":"post_tag","embeddable":true,"href":"https:\/\/www.europesays.com\/de\/wp-json\/wp\/v2\/tags?post=745298"}],"curies":[{"name":"wp","href":"https:\/\/api.w.org\/{rel}","templated":true}]}}