{"id":745409,"date":"2026-01-25T09:40:17","date_gmt":"2026-01-25T09:40:17","guid":{"rendered":"https:\/\/www.europesays.com\/de\/745409\/"},"modified":"2026-01-25T09:40:17","modified_gmt":"2026-01-25T09:40:17","slug":"joseph-beuys-und-die-erweiterung-des-kunstbegriffs","status":"publish","type":"post","link":"https:\/\/www.europesays.com\/de\/745409\/","title":{"rendered":"Joseph Beuys und die Erweiterung des Kunstbegriffs"},"content":{"rendered":"<p>            40. Todestag<\/p>\n<p>                    <img decoding=\"async\" loading=\"lazy\" class=\"internal-image\" title=\"Der K\u00fcnstler Joseph Beuys in Untersicht auf einem Schwarz-Wei\u00df-Foto. Er diskutiert.\" alt=\"Der K\u00fcnstler Joseph Beuys in Untersicht auf einem Schwarz-Wei\u00df-Foto. Er diskutiert.\" src=\"https:\/\/www.europesays.com\/de\/wp-content\/uploads\/2026\/01\/beuys-100-1920x1080.jpg\" \/><\/p>\n<p>                F\u00fcr Joseph Beuys galt jeder Mensch als K\u00fcnstler. Er starb am 23. Januar 1986 in D\u00fcsseldorf. \u00a9 imago images \/ bonn-sequenz<\/p>\n<p>Hempel, Berit | 24. Januar 2026, 00:05 Uhr<\/p>\n<ul class=\"b-social-icons\">\n<li class=\"social-icons-item\">\n<p>                    Link kopieren\/teilen<\/p>\n<p class=\"snackbar-content\">Der Link wurde in die Zwischenablage kopiert.<\/p>\n<\/li>\n<li class=\"social-icons-item\"><a title=\"Email\" href=\"mailto:?subject=Joseph%20Beuys%3A%20%E2%80%9CJeder%20Mensch%20ist%20ein%20K%C3%BCnstler%E2%80%9D&amp;body=40.%20Todestag%0A40.%20TodestagJoseph%20Beuys%3A%20%E2%80%9CJeder%20Mensch%20ist%20ein%20K%C3%BCnstler%E2%80%9D%0AJoseph%20Beuys%20erkl%C3%A4rte%20einem%20toten%20Hasen%20Bilder%20und%20sperrte%20sich%20mit%20einem%20Koyoten%20ein.%20Seine%20liebsten%20Werkstoffe%3A%20Filz%2C%20Fett%20und%20Honig.%20Beuys%20gilt%20als%20einer%20der%20wichtigsten%20K%C3%BCnstler%20des%2020.%20Jahrhunderts.%20(Erstsendung%20am%2008.05.2021)%0Ahttps%3A%2F%2Fwww.deutschlandfunkkultur.de%2Flange-nacht-ueber-joseph-beuys-unter-diesem-hut-steckt-utopia-100.html\" target=\"_blank\" rel=\"noopener noreferrer\" class=\"b-btn-social is-email\" data-tracking=\"{&quot;chapter1&quot;:&quot;Email&quot;,&quot;chapter3&quot;:&quot;Social Media&quot;,&quot;name&quot;:&quot;Social Media&quot;,&quot;chapter2&quot;:&quot;https:\/\/www.deutschlandfunkkultur.de\/lange-nacht-ueber-joseph-beuys-unter-diesem-hut-steckt-utopia-100.html&quot;,&quot;level2&quot;:&quot;1&quot;}\">\n<p>                    Email<\/a><\/li>\n<\/ul>\n<p>              <a href=\"https:\/\/download.deutschlandfunk.de\/file\/dradio\/2026\/01\/24\/lange_nacht_ueber_joseph_beuys_unter_diesem_hut_steckt_drk_20260124_0005_180e2d25.mp3\" target=\"_blank\" rel=\"noopener noreferrer nofollow\" class=\"b-btn-text is-btn-secondary has-icon-download section-article-head-area-action-btn download-url-tracking\" title=\"Audio herunterladen\" data-tracking=\"{&quot;name&quot;:&quot;Download audio\/mpeg&quot;,&quot;chapter1&quot;:&quot;Joseph Beuys: \u201cJeder Mensch ist ein K\u00fcnstler\u201d&quot;,&quot;chapter2&quot;:&quot;https:\/\/www.deutschlandfunkkultur.de\/lange-nacht-ueber-joseph-beuys-unter-diesem-hut-steckt-utopia-100.html&quot;,&quot;chapter3&quot;:&quot;40. Todestag - Joseph Beuys: \u201cJeder Mensch ist ein K\u00fcnstler\u201d&quot;,&quot;level2&quot;:&quot;1&quot;,&quot;type&quot;:&quot;action&quot;}\">Audio herunterladen<\/a><\/p>\n<p>Joseph Beuys erkl\u00e4rte einem toten Hasen Bilder und sperrte sich mit einem Koyoten ein. Seine liebsten Werkstoffe: Filz, Fett und Honig. Beuys gilt als einer der wichtigsten K\u00fcnstler des 20. Jahrhunderts. (Erstsendung am 08.05.2021)<\/p>\n","protected":false},"excerpt":{"rendered":"40. Todestag F\u00fcr Joseph Beuys galt jeder Mensch als K\u00fcnstler. Er starb am 23. Januar 1986 in D\u00fcsseldorf.&hellip;\n","protected":false},"author":2,"featured_media":745410,"comment_status":"","ping_status":"","sticky":false,"template":"","format":"standard","meta":{"footnotes":"","_share_on_mastodon":"0"},"categories":[1775],"tags":[109971,1793,29,214,29192,30,6102,1794,170321,215],"class_list":["post-745409","post","type-post","status-publish","format-standard","has-post-thumbnail","category-kunst-und-design","tag-aktionskunst","tag-art-and-design","tag-deutschland","tag-entertainment","tag-fluxus","tag-germany","tag-joseph-beuys","tag-kunst-und-design","tag-soziale-plastik","tag-unterhaltung"],"share_on_mastodon":{"url":"https:\/\/pubeurope.com\/@de\/115955081096699358","error":""},"_links":{"self":[{"href":"https:\/\/www.europesays.com\/de\/wp-json\/wp\/v2\/posts\/745409","targetHints":{"allow":["GET"]}}],"collection":[{"href":"https:\/\/www.europesays.com\/de\/wp-json\/wp\/v2\/posts"}],"about":[{"href":"https:\/\/www.europesays.com\/de\/wp-json\/wp\/v2\/types\/post"}],"author":[{"embeddable":true,"href":"https:\/\/www.europesays.com\/de\/wp-json\/wp\/v2\/users\/2"}],"replies":[{"embeddable":true,"href":"https:\/\/www.europesays.com\/de\/wp-json\/wp\/v2\/comments?post=745409"}],"version-history":[{"count":0,"href":"https:\/\/www.europesays.com\/de\/wp-json\/wp\/v2\/posts\/745409\/revisions"}],"wp:featuredmedia":[{"embeddable":true,"href":"https:\/\/www.europesays.com\/de\/wp-json\/wp\/v2\/media\/745410"}],"wp:attachment":[{"href":"https:\/\/www.europesays.com\/de\/wp-json\/wp\/v2\/media?parent=745409"}],"wp:term":[{"taxonomy":"category","embeddable":true,"href":"https:\/\/www.europesays.com\/de\/wp-json\/wp\/v2\/categories?post=745409"},{"taxonomy":"post_tag","embeddable":true,"href":"https:\/\/www.europesays.com\/de\/wp-json\/wp\/v2\/tags?post=745409"}],"curies":[{"name":"wp","href":"https:\/\/api.w.org\/{rel}","templated":true}]}}