{"id":745442,"date":"2026-01-25T10:01:11","date_gmt":"2026-01-25T10:01:11","guid":{"rendered":"https:\/\/www.europesays.com\/de\/745442\/"},"modified":"2026-01-25T10:01:11","modified_gmt":"2026-01-25T10:01:11","slug":"naturpark-an-der-uniklinik-muss-erhalten-werden","status":"publish","type":"post","link":"https:\/\/www.europesays.com\/de\/745442\/","title":{"rendered":"Naturpark an der Uniklinik muss erhalten werden"},"content":{"rendered":"<p class=\"mb-6 text-xs md:text-m lg:text-l font-serif group-[.font-sans]:font-sans \">\n    Noch ist Roland Wegner ein Einzelk\u00e4mpfer f\u00fcr die V-Partei\u00b3 im Stadtrat. Das soll sich nach der Wahl \u00e4ndern. Angestrebt werden weitere Sitze im Gremium. Die Partei setzt nach eigenen Angaben auf eine schlagkr\u00e4ftige Truppe mit dem h\u00f6chsten Frauenanteil auf der Liste. 13 wesentliche Punkte f\u00fchrt die V-Partei\u00b3 in ihrem Kommunalwahlprogramm auf. Als wichtigster Punkt wird der Umweltschutz eingestuft. Er sei \u201eKern einer verantwortungsvollen Stadtpolitik\u201c, hei\u00dft es.\n  <\/p>\n<p>            OB-Kandidat Wegner: \u201eMitunter muss man auch mal provozieren\u201c<\/p>\n<p class=\"mb-6 text-xs md:text-m lg:text-l font-serif group-[.font-sans]:font-sans \">\n    Am Samstag stellten die Vertreter der V-Partei\u00b3 ihr Programm vor. Ungew\u00f6hnlich war die Form. Um sich ins Gespr\u00e4ch bei den B\u00fcrgern zu bringen, traten viele Kandidaten an einem Infostand auf. Wortf\u00fchrer bleibt Roland Wegner, der sich auch w\u00e4hrend seiner Stadtratst\u00e4tigkeit zu vielen Themen \u00e4u\u00dfert. \u201eMitunter muss man auch mal provozieren\u201c, sagt der OB-Kandidat. F\u00fcr ihn ist klar: <a href=\"https:\/\/www.augsburger-allgemeine.de\/augsburg\/oberbuergermeisterin-eva-weber-mich-stoert-es-wenn-augsburg-schlecht-geredet-wird-113255430\" target=\"_self\" class=\"underline \" rel=\"nofollow noopener\">\u201eDie jetzige Stadtregierung hat Augsburg nicht verdient.\u201c<\/a> Unter CSU und Gr\u00fcnen habe die politische Glaubw\u00fcrdigkeit auf kommunaler Ebene sp\u00fcrbar gelitten, hei\u00dft es in der Pr\u00e4ambel des Wahlprogramms.\n  <\/p>\n<p class=\"mb-6 text-xs md:text-m lg:text-l font-serif group-[.font-sans]:font-sans \">\n    V-Partei\u00b3 steht f\u00fcr Ver\u00e4nderung, Vielfalt und Vegan. Augsburg m\u00fcsse bei Klimaschutz, Artenschutz und Lebensqualit\u00e4t vorangehen. Die Stadt d\u00fcrfe nicht weiter Gr\u00fcnfl\u00e4chen opfern, \u201eum kurzfristig vermeintlichen Wohn- und Wirtschaftsbedarf zu befriedigen\u201c, so Wegner. <a href=\"https:\/\/www.augsburger-allgemeine.de\/augsburg\/faellungen-nahe-der-uniklinik-augsburg-sorgen-fuer-aufsehen-113220696\" target=\"_self\" class=\"underline \" rel=\"nofollow noopener\">Darum sei wichtig, den Naturpark am Universit\u00e4tsklinikum zu erhalten<\/a>: \u201eGerade in Zeiten des Klimawandels sind solche innerst\u00e4dtischen Gr\u00fcnr\u00e4ume unverzichtbar.\u201c\n  <\/p>\n<p>            V-Partei\u00b3 fordert Schlie\u00dfung des Schlachthofs in Augsburg<\/p>\n<p class=\"mb-6 text-xs md:text-m lg:text-l font-serif group-[.font-sans]:font-sans \">\n    Dem Tierschutz f\u00fchlt sich die V-Partei\u00b3 seit ihrer Gr\u00fcndung verpflichtet. Haus- und Wildtiere m\u00fcssten konsequent gesch\u00fctzt werden. Gefordert wird die Schlie\u00dfung des Schlachthofs in Augsburg. Tiernummern in Zirkussen sollten ferner untersagt werden. Verboten geh\u00f6re <a href=\"https:\/\/www.augsburger-allgemeine.de\/augsburg\/silvesterbilanz-in-augsburg-hohe-feinstaubwerte-und-sehr-viel-muell-113077822\" target=\"_self\" class=\"underline \" rel=\"nofollow noopener\">zudem die Silvesterb\u00f6llerei.<\/a> Die V-Partei\u00b3 bezieht eine klare Haltung <a href=\"https:\/\/www.augsburger-allgemeine.de\/augsburg\/tierversuche-an-der-uni-augsburg-protest-und-entwicklung-112919451\" target=\"_self\" class=\"underline \" rel=\"nofollow noopener\">f\u00fcr eine vollst\u00e4ndig tierversuchsfreie Forschung an der Universit\u00e4t Augsburg.<\/a>\n  <\/p>\n<p class=\"mb-6 text-xs md:text-m lg:text-l font-serif group-[.font-sans]:font-sans \">\n    Weitere Punkte im Wahlprogramm sind Mobilit\u00e4t und Kultur. Ziel sei es, einen kostenlosen Nahverkehr anzubieten. Die Einf\u00fchrung m\u00fcsse schrittweise erfolgen. Das Angebot m\u00fcsse aber auch attraktiv bleiben: \u201eEin kostenloser, aber unzuverl\u00e4ssiger \u00d6PNV bringt keine Verkehrswende.\u201c  Die V-Partei\u00b3 setzt sich f\u00fcr vielf\u00e4ltige, lebendige und zug\u00e4ngliche Kultur ein. Augsburg ben\u00f6tige eine stabile, finanzielle Kulturf\u00f6rderung, die nicht nur auf einzelne Gro\u00dfprojekte ausgerichtet sei. Die Entwicklung beim Staatstheater werde mit gro\u00dfer Sorge gesehen. <a href=\"https:\/\/www.augsburger-allgemeine.de\/augsburg\/kuendigung-des-theater-architekten-wird-vor-gericht-ausgetragen-109031900\" target=\"_self\" class=\"underline \" rel=\"nofollow noopener\">\u201eDer n\u00e4chste Akt des Dramas findet vor Gericht statt\u201c<\/a>, so Wegner.\n  <\/p>\n<ul data-module-id=\"DragDropModule\" class=\"flex flex-wrap justify-start group-[.no-bookmarks]:hidden\">\n<li class=\"mb-3 mr-3\">\n    Michael H\u00f6rmann<\/p>\n<p>      Icon Haken im Kreis gesetzt<\/p>\n<p>      Icon Plus im Kreis<\/p>\n<\/li>\n<li class=\"mb-3 mr-3\">\n    Augsburg<\/p>\n<p>      Icon Haken im Kreis gesetzt<\/p>\n<p>      Icon Plus im Kreis<\/p>\n<\/li>\n<li class=\"mb-3 mr-3\">\n    Roland Wegner<\/p>\n<p>      Icon Haken im Kreis gesetzt<\/p>\n<p>      Icon Plus im Kreis<\/p>\n<\/li>\n<\/ul>\n","protected":false},"excerpt":{"rendered":"Noch ist Roland Wegner ein Einzelk\u00e4mpfer f\u00fcr die V-Partei\u00b3 im Stadtrat. Das soll sich nach der Wahl \u00e4ndern.&hellip;\n","protected":false},"author":2,"featured_media":745443,"comment_status":"","ping_status":"","sticky":false,"template":"","format":"standard","meta":{"footnotes":"","_share_on_mastodon":"0"},"categories":[1846],"tags":[680,772,774,3364,29,548,663,3934,55596,2690,30,13,80,14,30052,15,152108,12,20953,95587,10918],"class_list":["post-745442","post","type-post","status-publish","format-standard","has-post-thumbnail","category-augsburg","tag-augsburg","tag-bayern","tag-csu","tag-de","tag-deutschland","tag-eu","tag-europa","tag-europe","tag-frauenanteil","tag-gericht","tag-germany","tag-headlines","tag-kultur","tag-nachrichten","tag-naturpark","tag-news","tag-roland-wegner","tag-schlagzeilen","tag-uniklinik","tag-universitaet-augsburg","tag-wahlprogramm"],"share_on_mastodon":{"url":"https:\/\/pubeurope.com\/@de\/115955163689188003","error":""},"_links":{"self":[{"href":"https:\/\/www.europesays.com\/de\/wp-json\/wp\/v2\/posts\/745442","targetHints":{"allow":["GET"]}}],"collection":[{"href":"https:\/\/www.europesays.com\/de\/wp-json\/wp\/v2\/posts"}],"about":[{"href":"https:\/\/www.europesays.com\/de\/wp-json\/wp\/v2\/types\/post"}],"author":[{"embeddable":true,"href":"https:\/\/www.europesays.com\/de\/wp-json\/wp\/v2\/users\/2"}],"replies":[{"embeddable":true,"href":"https:\/\/www.europesays.com\/de\/wp-json\/wp\/v2\/comments?post=745442"}],"version-history":[{"count":0,"href":"https:\/\/www.europesays.com\/de\/wp-json\/wp\/v2\/posts\/745442\/revisions"}],"wp:featuredmedia":[{"embeddable":true,"href":"https:\/\/www.europesays.com\/de\/wp-json\/wp\/v2\/media\/745443"}],"wp:attachment":[{"href":"https:\/\/www.europesays.com\/de\/wp-json\/wp\/v2\/media?parent=745442"}],"wp:term":[{"taxonomy":"category","embeddable":true,"href":"https:\/\/www.europesays.com\/de\/wp-json\/wp\/v2\/categories?post=745442"},{"taxonomy":"post_tag","embeddable":true,"href":"https:\/\/www.europesays.com\/de\/wp-json\/wp\/v2\/tags?post=745442"}],"curies":[{"name":"wp","href":"https:\/\/api.w.org\/{rel}","templated":true}]}}