{"id":745777,"date":"2026-01-25T13:17:15","date_gmt":"2026-01-25T13:17:15","guid":{"rendered":"https:\/\/www.europesays.com\/de\/745777\/"},"modified":"2026-01-25T13:17:15","modified_gmt":"2026-01-25T13:17:15","slug":"rettungssanitaeterin-aus-lilienthal-baut-kult-hubschrauber-im-garten","status":"publish","type":"post","link":"https:\/\/www.europesays.com\/de\/745777\/","title":{"rendered":"Rettungssanit\u00e4terin aus Lilienthal baut Kult-Hubschrauber im Garten"},"content":{"rendered":"<p class=\"article-toplinewrapper\">\n<p>Standdatum: 25. Januar 2026.<\/p>\n<p>Autorinnen und Autoren:<br \/>\nMatthias R\u00f6hrs<\/p>\n<p><img decoding=\"async\" class=\"image -image-with-fallback -image-rounded  lazyload\" src=\"data:image\/gif;base64,R0lGODlhEAAJAIAAAP\/\/\/\/\/\/\/yH5BAEKAAEALAAAAAAQAAkAAAIKjI+py+0Po5yUFQA7\"   alt=\"Ein Hubschrauber steht auf einer Rasenfl\u00e4che im Garten\" data-image-owner=\"Radio Bremen | Matthias R\u00f6hrs\" data-image-title=\"Ein Hubschrauber steht auf einer Rasenfl\u00e4che im Garten\" data-image-src=\"https:\/\/www.butenunbinnen.de\/bilder\/hubschrauber-garten-lilienthal-100~_v-800x450_c-1769339687473.jpg\" data-image-rights-src=\"\/bilder\/hubschrauber-garten-lilienthal-100~_v-640x360_c-1769339687473.jpg\"\/><\/p>\n<p>2022 hat Merle Lorenzen ihr Hubschrauber-Projekt gestartet.  Jeder Euro, der vom Gehalt \u00fcbrig ist, flie\u00dft in die Maschine.<\/p>\n<p>Bild: Radio Bremen | Matthias R\u00f6hrs<\/p>\n<p class=\"article-intro\"><strong>Wenn die Liebe zu einer Fernsehserie ein bisschen eskaliert: Seit 2022 bastelt die Lilienthalerin Merle Lorenzen in ihrem Garten an einer ausrangierten Bell UH-1D. <\/strong><\/p>\n<p>Auch wenn diese &#8222;Gartendeko&#8220; nicht zu \u00fcbersehen ist, schaut man doch immer zweimal hin. Denn Merle Lorenzen aus Lilienthal baut einen Helikopter im Garten vor ihrem Wohnhaus. Genauer: eine Bell UH-1D aus dem Jahr 1968. Insider nennen sie &#8222;Teppichklopfer&#8220; \u2013 wegen ihres Sounds. <\/p>\n<p><a href=\"https:\/\/www.butenunbinnen.de\/bilder\/merle-lorenzen-hubschrauber-100~_v-512x288_c-1769339694315.jpg\" data-gallery-entry-for=\"hubschrauber-garten-bremen-bauen-100\" data-size=\"2560x1440\" class=\"text-link\" rel=\"nofollow noopener\" target=\"_blank\"><\/p>\n<p><img decoding=\"async\" class=\"image -image-with-fallback -image-rounded  lazyload\" src=\"data:image\/gif;base64,R0lGODlhEAAJAIAAAP\/\/\/\/\/\/\/yH5BAEKAAEALAAAAAAQAAkAAAIKjI+py+0Po5yUFQA7\"   alt=\"Merle Lorenzen sitzt in ihrem selbstgebauten Hubschrauber\" title=\"Bild: Radio Bremen | Matthias R\u00f6hrs\" data-image-owner=\"Radio Bremen | Matthias R\u00f6hrs\" data-image-title=\"Merle Lorenzen sitzt in ihrem selbstgebauten Hubschrauber\" data-image-src=\"https:\/\/www.butenunbinnen.de\/bilder\/merle-lorenzen-hubschrauber-100~_v-512x288_c-1769339694315.jpg\" data-image-rights-src=\"\/bilder\/merle-lorenzen-hubschrauber-100~_v-640x360_c-1769339694315.jpg\"\/><\/p>\n<p><\/a><\/p>\n<p>Merle Lorenzen in ihren Hubschrauber.<\/p>\n<p>Bild: Radio Bremen | Matthias R\u00f6hrs<\/p>\n<p>Ein Sound, den Lorenzens UH-1D nie mehr machen wird. Trotzdem soll alles einmal m\u00f6glichst original sein. So, wie sie die Bundeswehr als Rettungshubschrauber geflogen hat. Die 29-J\u00e4hrige arbeitet selbst als Rettungssanit\u00e4terin. Aber warum baut man einen Helikopter im Garten? Lorenzen lacht kurz auf. &#8222;Weil man bekloppt ist&#8220;, lautet die knappe Antwort der 29-J\u00e4hrigen. <\/p>\n<p>Mit einer T\u00fcr fing alles an<\/p>\n<p>Die Bell UH-1D ist bekannt aus Hollywood-Filmen. Geht es um den Vietnam-Krieg, ist fast immer eine zu sehen. Auch Lorenzens Leidenschaft f\u00fcr diesen Helikopter hat ihren Ursprung im Fernsehen. Sie sei ein Fan von Fernsehserien, erkl\u00e4rt sie, und als Heranwachsende standen bei ihr &#8222;Die Rettungsflieger&#8220; ganz Hoch im Kurs. Eine Serie, die bis Mitte 2007 im ZDF lief. Die Bell UH-1D war dort als Rettungshubschrauber ein zentrales Element, und das mit der typisch orangenen Schiebet\u00fcr. F\u00fcr Lorenzen ist diese sogar ikonisch. Genau so eine wollte sie auch besitzen.\u00a0 \u00a0<\/p>\n<p>2022, in der Zwischenzeit ist Lorenzen selbst Rettungssanit\u00e4terin geworden, war es dann soweit. Das ber\u00fchmte &#8222;SAR&#8220;, kurz f\u00fcr &#8222;Search and Rescue&#8220; (retten und finden) steht in gro\u00dfen Buchstaben auf der T\u00fcr. Es ist der Auftakt eines ungew\u00f6hnlichen Projekts. Nach und nach wollte Lorenzen mehr Hubschrauber-Teile, wenn auch mehr zu Dekoration. Manche St\u00fccke gab es aber nur zusammen mit anderen. Und so f\u00fchrte eines zum anderen. Die Idee, einen ganzen Hubschrauber im Garten aufzubauen, war geboren. <\/p>\n<p><a href=\"https:\/\/www.butenunbinnen.de\/bilder\/hubschrauber-lorenzen-lilienthal-100~_v-800x450_c-1769339696095.jpg\" data-gallery-entry-for=\"hubschrauber-garten-bremen-bauen-100\" data-size=\"2560x1440\" class=\"text-link\" rel=\"nofollow noopener\" target=\"_blank\"><\/p>\n<p><img decoding=\"async\" class=\"image -image-with-fallback -image-rounded  lazyload\" src=\"data:image\/gif;base64,R0lGODlhEAAJAIAAAP\/\/\/\/\/\/\/yH5BAEKAAEALAAAAAAQAAkAAAIKjI+py+0Po5yUFQA7\"   alt=\"Die Seite des Hubschraubers mit der gro\u00dfen Aufschrift &quot;SAR&quot;\" title=\"Bild: Radio Bremen | Matthias R\u00f6hrs\" data-image-owner=\"Radio Bremen | Matthias R\u00f6hrs\" data-image-title=\"Die Seite des Hubschraubers mit der gro\u00dfen Aufschrift &quot;SAR&quot;\" data-image-src=\"https:\/\/www.butenunbinnen.de\/bilder\/hubschrauber-lorenzen-lilienthal-100~_v-800x450_c-1769339696095.jpg\" data-image-rights-src=\"\/bilder\/hubschrauber-lorenzen-lilienthal-100~_v-640x360_c-1769339696095.jpg\"\/><\/p>\n<p><\/a><\/p>\n<p>Das K\u00fcrzel &#8222;SAR&#8220; auf der T\u00fcr des Hubschraubers.<\/p>\n<p>Bild: Radio Bremen | Matthias R\u00f6hrs<\/p>\n<p>Die UH-1D bleibt flugunf\u00e4hig<\/p>\n<p>Von au\u00dfen sieht alles bereits sehr weit fortgeschritten aus. Eigentlich fehlt nur noch der Rotor auf dem Dach. Der kommt aber erst n\u00e4chstes Jahr drauf, die Rotorbl\u00e4tter stehen bereits an einer Hecke in der N\u00e4he. Zun\u00e4chst stehen aber noch Lackarbeiten im Innenraum auf dem Plan, so Lorenzen. Im Innenraum steht noch einiges an Arbeit an. \u00dcberall h\u00e4ngen Kabel, die hat die Bundeswehr durchgeschnitten, als sie den Helikopter demilitarisiert hat, also untauglich gemacht hat. <\/p>\n<p>Die Kn\u00f6pfe und Schalter funktionieren nicht mehr. Lorenzen wei\u00df von Bastlern, die in m\u00fchevoller Arbeit so etwas wieder instandsetzen. Bei ihr hat das aber Grenzen. <\/p>\n<blockquote class=\"citation -citation-type-simple\">\n<p class=\"citation-text\">Es ist nat\u00fcrlich ein Herz dahinter, das sagt: Das muss so original wie m\u00f6glich sein. Aber es muss in gewissen Teilen auch praktikabel sein. Es bringt mir nichts, wenn ich den Originallack verwende und ich dann alle zwei Jahre neu lackieren muss.<\/p>\n<p>Merle Lorenzen<\/p>\n<\/blockquote>\n<p>In die Luft steigen wird Lorenzens UH-1D \u00fcbrigens nicht mehr. Zu hoch w\u00e4ren die Anforderungen, die laufenden Kosten \u2013 und zu gro\u00df der n\u00f6tige Papierkram. Stattdessen hofft die Lilienthalerin darauf, irgendwann gen\u00fcgend Geld zu haben, um den Hubschrauber mittels VR-Technik erlebbar zu machen. <\/p>\n<p>Steter Kampf gegen die Witterung<\/p>\n<p>Dass der Helikopter dabei im Garten steht, erschwert die Arbeit zus\u00e4tzlich. Es ist ein steter Kampf gegen die Witterung. &#8222;Wir m\u00fcssen aufpassen, die Teile sind wahnsinnig alt und schwer zu bekommen. Wenn mir ein Teil vergammelt, dann ist es endg\u00fcltig kaputt. Dann kriege ich das nicht ersetzt&#8220;, sagt die 29-J\u00e4hrige.<\/p>\n<p><a href=\"https:\/\/www.butenunbinnen.de\/bilder\/hubschrauber-nachbau-garten-lilienthal-100~_v-512x288_c-1769339695201.jpg\" data-gallery-entry-for=\"hubschrauber-garten-bremen-bauen-100\" data-size=\"2560x1440\" class=\"text-link\" rel=\"nofollow noopener\" target=\"_blank\"><\/p>\n<p><img decoding=\"async\" class=\"image -image-with-fallback -image-rounded  lazyload\" src=\"data:image\/gif;base64,R0lGODlhEAAJAIAAAP\/\/\/\/\/\/\/yH5BAEKAAEALAAAAAAQAAkAAAIKjI+py+0Po5yUFQA7\"   alt=\"Innenleben des Hubschraubers mit zerrissenen Kabeln\" title=\"Bild: Radio Bremen | Matthias R\u00f6hrs\" data-image-owner=\"Radio Bremen | Matthias R\u00f6hrs\" data-image-title=\"Innenleben des Hubschraubers mit zerrissenen Kabeln\" data-image-src=\"https:\/\/www.butenunbinnen.de\/bilder\/hubschrauber-nachbau-garten-lilienthal-100~_v-512x288_c-1769339695201.jpg\" data-image-rights-src=\"\/bilder\/hubschrauber-nachbau-garten-lilienthal-100~_v-640x360_c-1769339695201.jpg\"\/><\/p>\n<p><\/a><\/p>\n<p>Das Innenleben des Hubschraubers ist unfertig.<\/p>\n<p>Bild: Radio Bremen | Matthias R\u00f6hrs<\/p>\n<p>Deshalb sei auch noch offen, ob der Hubschrauber jemals eine Innenausstattung bekommt. Denn den w\u00fcrden sie niemals dicht bekommen, sagt Lorenzen. So muss sie sich \u00fcber den Winter mit einer Plane als Schutz behelfen. Eine Halle oder ein Hangar steht Lorenzen nicht zur Verf\u00fcgung.<\/p>\n<p>Deshalb geht auch das Rasenm\u00e4hen rund um den Helikopter nicht mehr ohne Hilfe, ist am Ende des Tages aber weniger kompliziert als man glaubt. Mit etwas Kraft kann man den Heckausleger nach unten dr\u00fccken. Der vordere Teil neigt sich dann nach oben \u2013 das Gras kann geschnitten werden.<\/p>\n<p>Fr\u00fchestens in f\u00fcnf Jahren ist alles fertig<\/p>\n<p>1,2 Millionen Euro kostet eine flugf\u00e4hige Bell UH-1D, sch\u00e4tzt Lorenzen. Sie selbst kalkuliert f\u00fcr ihren Eigenbau aktuell mit 50.000 Euro. Jeder Euro, der vom Gehalt \u00fcbrig ist, flie\u00dft in die Maschine. Die Teile findet Lorenzen \u00fcber Kleinanzeigen, Ebay oder Bekannte. Hilfe beim Zusammenbauen bekommt sie von ihrer Familie und einigen Sch\u00fclern einer nahen Schule. Fertig ist die Bell UH-1D aber fr\u00fchestens in f\u00fcnf Jahren, sch\u00e4tzt sie. Und dann soll sie mehr sein, als eine Dekoration. <\/p>\n<blockquote class=\"citation -citation-type-simple\">\n<p class=\"citation-text\">Dieser Hubschrauber hat eine sehr gro\u00dfe Fangemeinde. Und deswegen m\u00f6chten wir auch nicht, dass das jetzt einfach nur eine private Gartendeko bleibt. Wir m\u00f6chten das auch der \u00d6ffentlichkeit zug\u00e4nglich machen.<\/p>\n<p>Merle Lorenzen<\/p>\n<\/blockquote>\n<p class=\"article-legal-broadcast-reference\"><strong>Dieses Thema im Programm:<\/strong><br \/>\nBremen Eins, 22. Januar, 14:40 Uhr<\/p>\n","protected":false},"excerpt":{"rendered":"Standdatum: 25. Januar 2026. Autorinnen und Autoren: Matthias R\u00f6hrs 2022 hat Merle Lorenzen ihr Hubschrauber-Projekt gestartet. Jeder Euro,&hellip;\n","protected":false},"author":2,"featured_media":745778,"comment_status":"","ping_status":"","sticky":false,"template":"","format":"standard","meta":{"footnotes":"","_share_on_mastodon":"0"},"categories":[1824],"tags":[170377,2420,3364,29,598,13192,30,2954,22077,170376,1411],"class_list":["post-745777","post","type-post","status-publish","format-standard","has-post-thumbnail","category-bremen","tag-bell-uh-1d","tag-bremen","tag-de","tag-deutschland","tag-garten","tag-gebaut","tag-germany","tag-hubschrauber","tag-lilienthal","tag-merle-lorenzen","tag-niedersachsen"],"share_on_mastodon":{"url":"https:\/\/pubeurope.com\/@de\/115955934459235591","error":""},"_links":{"self":[{"href":"https:\/\/www.europesays.com\/de\/wp-json\/wp\/v2\/posts\/745777","targetHints":{"allow":["GET"]}}],"collection":[{"href":"https:\/\/www.europesays.com\/de\/wp-json\/wp\/v2\/posts"}],"about":[{"href":"https:\/\/www.europesays.com\/de\/wp-json\/wp\/v2\/types\/post"}],"author":[{"embeddable":true,"href":"https:\/\/www.europesays.com\/de\/wp-json\/wp\/v2\/users\/2"}],"replies":[{"embeddable":true,"href":"https:\/\/www.europesays.com\/de\/wp-json\/wp\/v2\/comments?post=745777"}],"version-history":[{"count":0,"href":"https:\/\/www.europesays.com\/de\/wp-json\/wp\/v2\/posts\/745777\/revisions"}],"wp:featuredmedia":[{"embeddable":true,"href":"https:\/\/www.europesays.com\/de\/wp-json\/wp\/v2\/media\/745778"}],"wp:attachment":[{"href":"https:\/\/www.europesays.com\/de\/wp-json\/wp\/v2\/media?parent=745777"}],"wp:term":[{"taxonomy":"category","embeddable":true,"href":"https:\/\/www.europesays.com\/de\/wp-json\/wp\/v2\/categories?post=745777"},{"taxonomy":"post_tag","embeddable":true,"href":"https:\/\/www.europesays.com\/de\/wp-json\/wp\/v2\/tags?post=745777"}],"curies":[{"name":"wp","href":"https:\/\/api.w.org\/{rel}","templated":true}]}}