{"id":745821,"date":"2026-01-25T13:40:12","date_gmt":"2026-01-25T13:40:12","guid":{"rendered":"https:\/\/www.europesays.com\/de\/745821\/"},"modified":"2026-01-25T13:40:12","modified_gmt":"2026-01-25T13:40:12","slug":"frage-mich-ob-meine-worte-die-koepfe-und-herzen-noch-erreichen","status":"publish","type":"post","link":"https:\/\/www.europesays.com\/de\/745821\/","title":{"rendered":"\u201eFrage mich, ob meine Worte die K\u00f6pfe und Herzen noch erreichen\u201c"},"content":{"rendered":"<p class=\"tspCCne tspCCnf\">Die Holocaust-\u00dcberlebende Eva Umlauf warnt vor einem erstarkenden Extremismus. \u201eAngesichts der aktuellen politischen Entwicklungen und des Trommelfeuers rechtsextremer und antisemitischer Hetze, die nicht nur in Deutschland l\u00e4ngst von vielen unterst\u00fctzt und bejubelt wird\u201c, frage sie sich, ob ihre Worte die K\u00f6pfe und Herzen noch erreichten, sagte die Pr\u00e4sidentin des Internationalen Auschwitz Komitees bei einer Gedenkveranstaltung in Berlin zum 81. Jahrestag der Befreiung des Konzentrationslagers Auschwitz durch die Rote Armee.<\/p>\n<p><a href=\"https:\/\/www.tagesspiegel.de\/berlin\/wir-sollten-krepieren-auschwitz-uberlebende-eva-umlauf-spricht-in-berlin-uber-das-erinnern-und-judenhass-15157493.html?icid=single-topic_15179253___\" data-gtm-class=\"article-mzt-link\" class=\"tspC1p0\" target=\"_blank\" rel=\"noopener\">\u201eWir sollten krepieren\u201c Auschwitz-\u00dcberlebende Eva Umlauf spricht in Berlin \u00fcber das Erinnern und Judenhass <\/a><\/p>\n<p class=\"tspCCne\">Umlauf berichtete, wenn sie bei AfD-Veranstaltungen \u201ejene extremen Sprechch\u00f6re h\u00f6re, die bis in einzelne Worte und den Rhythmus hinein bei den Nazis angelegt\u201c seien und \u201edie entfesselten Gesichter derer beobachte, die in diese Rufe mit einstimmen\u201c, dann frage sie sich, ob diese Menschen w\u00fcssten, was in der bekannten Logik daraus an Leid folge.<\/p>\n<p class=\"tspCCne\">Die Teilnehmerinnen und Teilnehmer der Gedenkveranstaltung in der nieders\u00e4chsischen Landesvertretung in Berlin rief Umlauf zur Verteidigung der Demokratie gegen st\u00e4ndige Angriffe von links und rechts auf.<\/p>\n<p>Mehr aus Berlin:<a href=\"https:\/\/www.tagesspiegel.de\/berlin\/angemeldet-waren-500-teilnehmer-mehrere-tausend-kurden-demonstrieren-in-berlin-15178117.html?icid=topic-list_15179253___\" data-gtm-class=\"article-mzt-link\" data-hydrate-fingerprint=\"09740a54944caac75fd2c0c63fd5c5df\" data-hydrate-props=\"{&amp;escapedquot;element&amp;escapedquot;:{&amp;escapedquot;type&amp;escapedquot;:&amp;escapedquot;relatedContent&amp;escapedquot;,&amp;escapedquot;fieldMap&amp;escapedquot;:{},&amp;escapedquot;relation&amp;escapedquot;:{&amp;escapedquot;fields&amp;escapedquot;:{&amp;escapedquot;isPaid&amp;escapedquot;:null},&amp;escapedquot;href&amp;escapedquot;:&amp;escapedquot;\/berlin\/angemeldet-waren-500-teilnehmer-mehrere-tausend-kurden-demonstrieren-in-berlin-15178117.html&amp;escapedquot;,&amp;escapedquot;teaserTitle&amp;escapedquot;:{&amp;escapedquot;kicker&amp;escapedquot;:&amp;escapedquot;Angemeldet waren 500 Teilnehmer&amp;escapedquot;,&amp;escapedquot;headline&amp;escapedquot;:&amp;escapedquot;Mehrere tausend Kurden demonstrieren in Berlin&amp;escapedquot;},&amp;escapedquot;id&amp;escapedquot;:&amp;escapedquot;15178117&amp;escapedquot;,&amp;escapedquot;type&amp;escapedquot;:&amp;escapedquot;story&amp;escapedquot;},&amp;escapedquot;isPartOfList&amp;escapedquot;:true,&amp;escapedquot;topicListType&amp;escapedquot;:&amp;escapedquot;topic-list&amp;escapedquot;},&amp;escapedquot;showArrow&amp;escapedquot;:true}\" data-hydrate-slots=\"{&#039;default&#039;:[]}\" class=\"tspC1p0 tspCXpo\" target=\"_blank\" rel=\"noopener\">Angemeldet waren 500 Teilnehmer Mehrere tausend Kurden demonstrieren in Berlin <\/a><a href=\"https:\/\/www.tagesspiegel.de\/berlin\/weniger-besucher-mehr-storungen-von-rechts-die-meisten-berliner-ns-gedenkstatten-sehen-geringeres-interesse-15177849.html?icid=topic-list_15179253___\" data-gtm-class=\"article-mzt-link\" data-hydrate-fingerprint=\"09740a54944caac75fd2c0c63fd5c5df\" data-hydrate-props=\"{&amp;escapedquot;element&amp;escapedquot;:{&amp;escapedquot;type&amp;escapedquot;:&amp;escapedquot;relatedContent&amp;escapedquot;,&amp;escapedquot;fieldMap&amp;escapedquot;:{},&amp;escapedquot;relation&amp;escapedquot;:{&amp;escapedquot;fields&amp;escapedquot;:{&amp;escapedquot;isPaid&amp;escapedquot;:null},&amp;escapedquot;href&amp;escapedquot;:&amp;escapedquot;\/berlin\/weniger-besucher-mehr-storungen-von-rechts-die-meisten-berliner-ns-gedenkstatten-sehen-geringeres-interesse-15177849.html&amp;escapedquot;,&amp;escapedquot;teaserTitle&amp;escapedquot;:{&amp;escapedquot;kicker&amp;escapedquot;:&amp;escapedquot;Weniger Besucher, mehr St\u00f6rungen von rechts&amp;escapedquot;,&amp;escapedquot;headline&amp;escapedquot;:&amp;escapedquot;Die meisten Berliner NS-Gedenkst\u00e4tten sehen geringeres Interesse&amp;escapedquot;},&amp;escapedquot;id&amp;escapedquot;:&amp;escapedquot;15177849&amp;escapedquot;,&amp;escapedquot;type&amp;escapedquot;:&amp;escapedquot;story&amp;escapedquot;},&amp;escapedquot;isPartOfList&amp;escapedquot;:true,&amp;escapedquot;topicListType&amp;escapedquot;:&amp;escapedquot;topic-list&amp;escapedquot;},&amp;escapedquot;showArrow&amp;escapedquot;:true}\" data-hydrate-slots=\"{&#039;default&#039;:[]}\" class=\"tspC1p0 tspCXpo\" target=\"_blank\" rel=\"noopener\">Weniger Besucher, mehr St\u00f6rungen von rechts Die meisten Berliner NS-Gedenkst\u00e4tten sehen geringeres Interesse <\/a><a href=\"https:\/\/www.tagesspiegel.de\/gesellschaft\/mit-nazis-spricht-man-nicht--oder-doch-dieser-youtuber-zeigt-was-es-bringen-kann-15163037.html?icid=topic-list_15179253___\" data-gtm-class=\"article-mzt-link\" data-hydrate-fingerprint=\"09740a54944caac75fd2c0c63fd5c5df\" data-hydrate-props=\"{&amp;escapedquot;element&amp;escapedquot;:{&amp;escapedquot;type&amp;escapedquot;:&amp;escapedquot;relatedContent&amp;escapedquot;,&amp;escapedquot;fieldMap&amp;escapedquot;:{},&amp;escapedquot;relation&amp;escapedquot;:{&amp;escapedquot;fields&amp;escapedquot;:{&amp;escapedquot;isPaid&amp;escapedquot;:true},&amp;escapedquot;href&amp;escapedquot;:&amp;escapedquot;\/gesellschaft\/mit-nazis-spricht-man-nicht--oder-doch-dieser-youtuber-zeigt-was-es-bringen-kann-15163037.html&amp;escapedquot;,&amp;escapedquot;teaserTitle&amp;escapedquot;:{&amp;escapedquot;kicker&amp;escapedquot;:&amp;escapedquot;Mit Nazis spricht man nicht \u2013 oder doch?&amp;escapedquot;,&amp;escapedquot;headline&amp;escapedquot;:&amp;escapedquot;Dieser Youtuber zeigt, was es bringen kann&amp;escapedquot;},&amp;escapedquot;id&amp;escapedquot;:&amp;escapedquot;15163037&amp;escapedquot;,&amp;escapedquot;type&amp;escapedquot;:&amp;escapedquot;story&amp;escapedquot;},&amp;escapedquot;isPartOfList&amp;escapedquot;:true,&amp;escapedquot;topicListType&amp;escapedquot;:&amp;escapedquot;topic-list&amp;escapedquot;},&amp;escapedquot;showArrow&amp;escapedquot;:true}\" data-hydrate-slots=\"{&#039;default&#039;:[]}\" class=\"tspC1p0 tspCXpo\" target=\"_blank\" rel=\"noopener\">Mit Nazis spricht man nicht \u2013 oder doch? Dieser Youtuber zeigt, was es bringen kann <\/a><\/p>\n<p class=\"tspCCne\">Die \u00dcberlebenden seien alarmiert, sagte Umlauf. Sie w\u00fcnsche sich ein Land, in dem niemand Angst haben m\u00fcsse, die j\u00fcdische Kopfbedeckung Kippa zu tragen, j\u00fcdische Einrichtungen ohne Wachposten auskommen und eine Gesellschaft, die rechtzeitig erkenne, wenn Menschen ausgegrenzt oder entmenschlicht w\u00fcrden.<\/p>\n<p class=\"tspCCne\">Auschwitz-Birkenau steht f\u00fcr den Holocaust und das Grauen des Nationalsozialismus. Rund 1,1 Millionen Menschen wurden hier zwischen 1940 und 1945 erschossen, in Gaskammern ermordet oder starben an Hunger und Krankheiten \u2013 die meisten von ihnen waren Juden. Am 27. Januar 1945 erreichten sowjetische Soldaten das Lager im von der Wehrmacht besetzten Polen und befreiten etwa 7.000 \u00dcberlebende. Umlauf war damals zwei Jahre alt. (dpa)<\/p>\n","protected":false},"excerpt":{"rendered":"Die Holocaust-\u00dcberlebende Eva Umlauf warnt vor einem erstarkenden Extremismus. \u201eAngesichts der aktuellen politischen Entwicklungen und des Trommelfeuers rechtsextremer&hellip;\n","protected":false},"author":2,"featured_media":745822,"comment_status":"","ping_status":"","sticky":false,"template":"","format":"standard","meta":{"footnotes":""},"categories":[1825],"tags":[186,296,29,30,141],"class_list":{"0":"post-745821","1":"post","2":"type-post","3":"status-publish","4":"format-standard","5":"has-post-thumbnail","7":"category-berlin","8":"tag-afd","9":"tag-berlin","10":"tag-deutschland","11":"tag-germany","12":"tag-gesundheit"},"share_on_mastodon":{"url":"https:\/\/pubeurope.com\/@de\/115956025297401837","error":""},"_links":{"self":[{"href":"https:\/\/www.europesays.com\/de\/wp-json\/wp\/v2\/posts\/745821","targetHints":{"allow":["GET"]}}],"collection":[{"href":"https:\/\/www.europesays.com\/de\/wp-json\/wp\/v2\/posts"}],"about":[{"href":"https:\/\/www.europesays.com\/de\/wp-json\/wp\/v2\/types\/post"}],"author":[{"embeddable":true,"href":"https:\/\/www.europesays.com\/de\/wp-json\/wp\/v2\/users\/2"}],"replies":[{"embeddable":true,"href":"https:\/\/www.europesays.com\/de\/wp-json\/wp\/v2\/comments?post=745821"}],"version-history":[{"count":0,"href":"https:\/\/www.europesays.com\/de\/wp-json\/wp\/v2\/posts\/745821\/revisions"}],"wp:featuredmedia":[{"embeddable":true,"href":"https:\/\/www.europesays.com\/de\/wp-json\/wp\/v2\/media\/745822"}],"wp:attachment":[{"href":"https:\/\/www.europesays.com\/de\/wp-json\/wp\/v2\/media?parent=745821"}],"wp:term":[{"taxonomy":"category","embeddable":true,"href":"https:\/\/www.europesays.com\/de\/wp-json\/wp\/v2\/categories?post=745821"},{"taxonomy":"post_tag","embeddable":true,"href":"https:\/\/www.europesays.com\/de\/wp-json\/wp\/v2\/tags?post=745821"}],"curies":[{"name":"wp","href":"https:\/\/api.w.org\/{rel}","templated":true}]}}