{"id":745825,"date":"2026-01-25T13:42:17","date_gmt":"2026-01-25T13:42:17","guid":{"rendered":"https:\/\/www.europesays.com\/de\/745825\/"},"modified":"2026-01-25T13:42:17","modified_gmt":"2026-01-25T13:42:17","slug":"berlin-holocaust-ueberlebende-verteidigen-sie-die-demokratie","status":"publish","type":"post","link":"https:\/\/www.europesays.com\/de\/745825\/","title":{"rendered":"Berlin | Holocaust-\u00dcberlebende: Verteidigen Sie die Demokratie"},"content":{"rendered":"<p>Berlin (dpa) &#8211; Die Holocaust-\u00dcberlebende Eva Umlauf warnt vor einem erstarkenden Extremismus. \u00abAngesichts der aktuellen politischen Entwicklungen und des Trommelfeuers rechtsextremer und antisemitischer Hetze, die nicht nur in Deutschland l\u00e4ngst von vielen unterst\u00fctzt und bejubelt wird\u00bb, frage sie sich, ob ihre Worte die K\u00f6pfe und Herzen noch erreichten, sagte die Pr\u00e4sidentin des Internationalen Auschwitz Komitees bei einer Gedenkveranstaltung in Berlin zum 81. Jahrestag der Befreiung des Konzentrationslagers Auschwitz durch die Rote Armee.<\/p>\n<p>Aufruf zur Verteidigung der Demokratie<\/p>\n<p>Umlauf berichtete, wenn sie bei AfD-Veranstaltungen \u00abjene extremen Sprechch\u00f6re h\u00f6re, die bis in einzelne Worte und den Rhythmus hinein bei den Nazis angelegt\u00bb seien und \u00abdie entfesselten Gesichter derer beobachte, die in diese Rufe mit einstimmen\u00bb, dann frage sie sich, ob diese Menschen w\u00fcssten, was in der bekannten Logik daraus an Leid folge.<\/p>\n<p>Die Teilnehmerinnen und Teilnehmer der Gedenkveranstaltung in der nieders\u00e4chsischen Landesvertretung in Berlin rief Umlauf zur Verteidigung der Demokratie gegen st\u00e4ndige Angriffe von links und rechts auf.<\/p>\n<p>Die \u00dcberlebenden seien alarmiert, sagte Umlauf. Sie w\u00fcnsche sich ein Land, in dem niemand Angst haben m\u00fcsse, die j\u00fcdische Kopfbedeckung Kippa zu tragen, j\u00fcdische Einrichtungen ohne Wachposten auskommen und eine Gesellschaft, die rechtzeitig erkenne, wenn Menschen ausgegrenzt oder entmenschlicht w\u00fcrden.<\/p>\n<p>Auschwitz steht f\u00fcr das Grauen des Holocaust<\/p>\n<p>Auschwitz-Birkenau steht f\u00fcr den Holocaust und das Grauen des Nationalsozialismus. Rund 1,1 Millionen Menschen wurden hier zwischen 1940 und 1945 erschossen, in Gaskammern ermordet oder starben an Hunger und Krankheiten \u2013 die meisten von ihnen waren Juden. Am 27. Januar 1945 erreichten sowjetische Soldaten das Lager im von der Wehrmacht besetzten Polen und befreiten etwa 7.000 \u00dcberlebende. Umlauf war damals zwei Jahre alt.<\/p>\n","protected":false},"excerpt":{"rendered":"Berlin (dpa) &#8211; Die Holocaust-\u00dcberlebende Eva Umlauf warnt vor einem erstarkenden Extremismus. \u00abAngesichts der aktuellen politischen Entwicklungen und&hellip;\n","protected":false},"author":2,"featured_media":745826,"comment_status":"","ping_status":"","sticky":false,"template":"","format":"standard","meta":{"footnotes":""},"categories":[1825],"tags":[296,29,30,2989,1724,9681,984],"class_list":{"0":"post-745825","1":"post","2":"type-post","3":"status-publish","4":"format-standard","5":"has-post-thumbnail","7":"category-berlin","8":"tag-berlin","9":"tag-deutschland","10":"tag-germany","11":"tag-geschichte","12":"tag-gesellschaft","13":"tag-holocaust","14":"tag-international"},"share_on_mastodon":{"url":"https:\/\/pubeurope.com\/@de\/115956032842614404","error":""},"_links":{"self":[{"href":"https:\/\/www.europesays.com\/de\/wp-json\/wp\/v2\/posts\/745825","targetHints":{"allow":["GET"]}}],"collection":[{"href":"https:\/\/www.europesays.com\/de\/wp-json\/wp\/v2\/posts"}],"about":[{"href":"https:\/\/www.europesays.com\/de\/wp-json\/wp\/v2\/types\/post"}],"author":[{"embeddable":true,"href":"https:\/\/www.europesays.com\/de\/wp-json\/wp\/v2\/users\/2"}],"replies":[{"embeddable":true,"href":"https:\/\/www.europesays.com\/de\/wp-json\/wp\/v2\/comments?post=745825"}],"version-history":[{"count":0,"href":"https:\/\/www.europesays.com\/de\/wp-json\/wp\/v2\/posts\/745825\/revisions"}],"wp:featuredmedia":[{"embeddable":true,"href":"https:\/\/www.europesays.com\/de\/wp-json\/wp\/v2\/media\/745826"}],"wp:attachment":[{"href":"https:\/\/www.europesays.com\/de\/wp-json\/wp\/v2\/media?parent=745825"}],"wp:term":[{"taxonomy":"category","embeddable":true,"href":"https:\/\/www.europesays.com\/de\/wp-json\/wp\/v2\/categories?post=745825"},{"taxonomy":"post_tag","embeddable":true,"href":"https:\/\/www.europesays.com\/de\/wp-json\/wp\/v2\/tags?post=745825"}],"curies":[{"name":"wp","href":"https:\/\/api.w.org\/{rel}","templated":true}]}}