{"id":745840,"date":"2026-01-25T13:52:10","date_gmt":"2026-01-25T13:52:10","guid":{"rendered":"https:\/\/www.europesays.com\/de\/745840\/"},"modified":"2026-01-25T13:52:10","modified_gmt":"2026-01-25T13:52:10","slug":"zoegerlicher-abschied-von-windows-10-wirtschaft","status":"publish","type":"post","link":"https:\/\/www.europesays.com\/de\/745840\/","title":{"rendered":"Z\u00f6gerlicher Abschied von Windows 10 &#8211; Wirtschaft"},"content":{"rendered":"<p data-manual=\"paragraph\" data-schema-org-speakable=\"true\" class=\"css-1eosz7k\">PC-Anwender in Deutschland tun sich schwer damit, sich von dem veralteten <a href=\"https:\/\/www.sueddeutsche.de\/thema\/Microsoft\" target=\"_blank\" rel=\"noopener\">Microsoft<\/a>-Betriebssystem Windows 10 zu verabschieden. Knapp die H\u00e4lfte der rund 21 Millionen Windows-PCs in deutschen Privathaushalten hat nach einer Studie des europ\u00e4ischen Cybersecurity-Unternehmens Eset aktuell noch die alte Version installiert.<\/p>\n<p data-manual=\"paragraph\" data-schema-org-speakable=\"true\" class=\"css-1eosz7k\">Der z\u00f6gerliche Umstieg ist problematisch, weil der offizielle Support f\u00fcr Windows 10 bereits am 14. Oktober vergangenen Jahres ausgelaufen ist. F\u00fcr Privatanwender in der EU hat Microsoft allerdings nach Druck durch Verbrauchersch\u00fctzer eine kostenlose Verl\u00e4ngerung der Sicherheitsupdates bis Mitte Oktober dieses Jahres einger\u00e4umt. <a href=\"https:\/\/www.sueddeutsche.de\/thema\/Unternehmen\" target=\"_blank\" rel=\"noopener\">Unternehmen<\/a> m\u00fcssen f\u00fcr den weiteren Support mit Sicherheitsupdates allerdings bezahlen.<\/p>\n<p>\u201eWer den Wechsel weiter hinausz\u00f6gert oder nicht in den erweiterten Support wechselt, betreibt einen Ritt auf der Rasierklinge\u201c, sagt Alexander Opel, Sicherheitsexperte bei Eset Deutschland. Jahr f\u00fcr Jahr w\u00fcrden bei Betriebssystemen mehr Sicherheitsl\u00fccken aufgedeckt.\u00a0 Allein bei Microsoft-Produkten seien im Jahr 2025 knapp zw\u00f6lf Prozent mehr Schwachstellen geschlossen worden als noch 2024.<\/p>\n","protected":false},"excerpt":{"rendered":"PC-Anwender in Deutschland tun sich schwer damit, sich von dem veralteten Microsoft-Betriebssystem Windows 10 zu verabschieden. Knapp die&hellip;\n","protected":false},"author":2,"featured_media":745841,"comment_status":"","ping_status":"","sticky":false,"template":"","format":"standard","meta":{"footnotes":""},"categories":[135],"tags":[29,5680,30,148,199,190,189,149,194,191,173,55,193,192],"class_list":{"0":"post-745840","1":"post","2":"type-post","3":"status-publish","4":"format-standard","5":"has-post-thumbnail","7":"category-wissenschaft-technik","8":"tag-deutschland","9":"tag-digital","10":"tag-germany","11":"tag-leserdiskussion","12":"tag-microsoft","13":"tag-science","14":"tag-science-technology","15":"tag-sueddeutsche-zeitung","16":"tag-technik","17":"tag-technology","18":"tag-unternehmen","19":"tag-wirtschaft","20":"tag-wissenschaft","21":"tag-wissenschaft-technik"},"share_on_mastodon":{"url":"https:\/\/pubeurope.com\/@de\/115956071996227056","error":""},"_links":{"self":[{"href":"https:\/\/www.europesays.com\/de\/wp-json\/wp\/v2\/posts\/745840","targetHints":{"allow":["GET"]}}],"collection":[{"href":"https:\/\/www.europesays.com\/de\/wp-json\/wp\/v2\/posts"}],"about":[{"href":"https:\/\/www.europesays.com\/de\/wp-json\/wp\/v2\/types\/post"}],"author":[{"embeddable":true,"href":"https:\/\/www.europesays.com\/de\/wp-json\/wp\/v2\/users\/2"}],"replies":[{"embeddable":true,"href":"https:\/\/www.europesays.com\/de\/wp-json\/wp\/v2\/comments?post=745840"}],"version-history":[{"count":0,"href":"https:\/\/www.europesays.com\/de\/wp-json\/wp\/v2\/posts\/745840\/revisions"}],"wp:featuredmedia":[{"embeddable":true,"href":"https:\/\/www.europesays.com\/de\/wp-json\/wp\/v2\/media\/745841"}],"wp:attachment":[{"href":"https:\/\/www.europesays.com\/de\/wp-json\/wp\/v2\/media?parent=745840"}],"wp:term":[{"taxonomy":"category","embeddable":true,"href":"https:\/\/www.europesays.com\/de\/wp-json\/wp\/v2\/categories?post=745840"},{"taxonomy":"post_tag","embeddable":true,"href":"https:\/\/www.europesays.com\/de\/wp-json\/wp\/v2\/tags?post=745840"}],"curies":[{"name":"wp","href":"https:\/\/api.w.org\/{rel}","templated":true}]}}