{"id":745842,"date":"2026-01-25T13:53:14","date_gmt":"2026-01-25T13:53:14","guid":{"rendered":"https:\/\/www.europesays.com\/de\/745842\/"},"modified":"2026-01-25T13:53:14","modified_gmt":"2026-01-25T13:53:14","slug":"eu-warnt-vor-daten-gau-super-computer-koennen-bald-alle-passwoerter-knacken-politik","status":"publish","type":"post","link":"https:\/\/www.europesays.com\/de\/745842\/","title":{"rendered":"EU warnt vor Daten-GAU! Super-Computer k\u00f6nnen bald ALLE Passw\u00f6rter knacken | Politik"},"content":{"rendered":"<p><a class=\"skip-content skip-content--link\" href=\"#in-content-skip-link-target-v-0-0\">TTS-Player \u00fcberspringen\u21b5<\/a><a id=\"in-content-skip-link-target-v-0-0\" class=\"skip-content--target-link-hidden skip-content skip-content--target-link\" href=\"#in-content-skip-link-target-v-0-0\">Artikel weiterlesen<\/a><\/p>\n<p>Br\u00fcssel \u2013 <b>Die EU-Kommission warnt vor beispiellosem Datenklau durch Hacker mithilfe neuer Super-Computer: Nur noch vier Jahre blieben demnach, um die sensibelsten Daten im Netz vor neuartigen Angriffen auf Passw\u00f6rter zu sch\u00fctzen.    <\/b><\/p>\n<p>Auch interessant<\/p>\n<p>Anzeige<\/p>\n<p>Auch interessant<\/p>\n<p>Anzeige<\/p>\n<p>Das geht aus einem Schreiben von EU-Kommissarin und Vizepr\u00e4sidentin Henna Virkkunen (53) hervor, das BILD vorliegt. Die Finnin ist in der Beh\u00f6rde von Ursula von der Leyen (67) verantwortlich f\u00fcr Technologie-Souver\u00e4nit\u00e4t und Datensicherheit. <\/p>\n<p>In dem Schreiben an den EU-Abgeordneten Moritz K\u00f6rner (35, FDP), Verhandlungsf\u00fchrer des EU-Parlaments f\u00fcr die UN-Cybercrime-Konvention, hei\u00dft es: \u201eAngesichts des bereits bestehenden Risikos, dass heute Daten f\u00fcr sp\u00e4tere Entschl\u00fcsselungsangriffe gesammelt werden, und der langen Zeitspannen, die f\u00fcr die Umstellung von Verschl\u00fcsselungsverfahren erforderlich sind, wird im EU-Fahrplan empfohlen, bei Anwendungsf\u00e4llen, die ein hohes Risiko bergen, die Verschl\u00fcsselungen schon bis 2030 auf Post-Quanten-Kryptografie umzustellen.\u201c \u00dcber die Umsetzung entscheiden die Mitgliedstaaten am Ende selbst.<\/p>\n<p>Mehr zum Thema<\/p>\n<p>Hintergrund: Sogenannte Quantencomputer stellen demnach \u201eeine Bedrohung f\u00fcr die Public-Key-Verschl\u00fcsselung dar\u201c, sprich: Dann reichen selbst starke Passw\u00f6rter nicht mehr aus! <\/p>\n<p>Einziges Gegenmittel laut Experten: die deutlich bessere Verschl\u00fcsselung durch \u201ePost-Quanten-Kryptografie\u201c. Vor allem kleinen Firmen oder regionalen Beh\u00f6rden droht damit der Abfluss aller Daten. In den Worten des EU-Abgeordneten und Experten Moritz K\u00f6rner (35, FDP): der \u201esicherheitspolitische Super-GAU\u201c.<\/p>\n<p>\u201eEuropas digitale Schutzmauern wanken\u201c<\/p>\n<p>K\u00f6rner spricht gegen\u00fcber BILD von einem \u201edigitalen Weckruf f\u00fcr ganz Europa\u201c: \u201eUnsere heutige Verschl\u00fcsselung ist nicht mehr zukunftssicher. Passw\u00f6rter, Chats, Bankdaten und vertrauliche Beh\u00f6rdeninformationen werden in absehbarer Zeit entschl\u00fcsselt werden.\u201c<\/p>\n<p>K\u00f6rner warnt: \u201eDas ist kein fernes Zukunftsszenario. Es ist ein Wettlauf gegen die Zeit. Europas digitale Schutzmauern wanken. Jeder Tag z\u00e4hlt.\u201c<\/p>\n<p><img decoding=\"async\" width=\"992\" height=\"558\" alt=\"Quantencomputer des Start-ups IQM Germany stehen in einem Rechenzentrum\" src=\"https:\/\/www.europesays.com\/de\/wp-content\/uploads\/2026\/01\/94cfb9ff2c826dfde9671e5a2e30dd51,dafea9e8.jpeg\"   class=\"landscape\" loading=\"lazy\"\/><\/p>\n<p class=\"fig__caption__text\">Quantencomputer des Start-ups IQM Germany stehen in einem Rechenzentrum<\/p>\n<p>Foto: picture alliance\/dpa<\/p>\n<p>Ein aktueller Fall macht das Problem deutlich: Ein Cybersicherheitsexperte hat rund 150 Millionen gestohlene Zugangsdaten f\u00fcr E-Mail-Accounts, Social-Media-Profile, Shopping-Portale und sogar Regierungsbeh\u00f6rden entdeckt \u2013 frei zug\u00e4nglich auf einem \u00f6ffentlichen Server. Betroffen u. a.: Gmail, Yahoo, Facebook, Instagram und OnlyFans. Zuletzt hatte der St\u00e4dte- und Gemeindebund Alarm geschlagen: \u201eHacker greifen fast t\u00e4glich die IT unserer Gemeinden und St\u00e4dte an.\u201c<\/p>\n<p>Die gute Nachricht: Der technische Fortschritt ist den Hackern ein St\u00fcck weit voraus: \u201eWir testen und nutzen quantensichere Netze schon heute im realen Betrieb \u2013 mit Post\u2011Quanten\u2011Kryptografie und, wo es besonders sensibel ist, zus\u00e4tzlich mit Quantenschl\u00fcsselaustausch\u201c, sagt Mallik Rao, Technikchef von o2 Telef\u00f3nica, zu BILD.<\/p>\n<p>F\u00fcr die Verschl\u00fcsselung nutze man \u201emathematische Aufgaben, die sowohl f\u00fcr Quantencomputer als auch f\u00fcr klassische Computer als unl\u00f6sbar gelten\u201c. Dazu brauche es keine neue Hardware, aber Glasfaser und z.B. in Krankenh\u00e4usern und Unternehmen spezielle Technik, um Rechenzentren sicher zu vernetzen.<\/p>\n<p>Der Rat des Experten: \u201eWer im Unternehmen sensible Daten sch\u00fctzt, sollte sich bereits heute mit Quantensicherheit besch\u00e4ftigen.\u201c Verbraucher sollten Grundregeln beherzigen: \u201eNeue Updates sofort einspielen, sobald sie verf\u00fcgbar sind, lange Passw\u00f6rter und Zwei\u2011Faktor\u2011Login nutzen.\u201c <\/p>\n","protected":false},"excerpt":{"rendered":"TTS-Player \u00fcberspringen\u21b5Artikel weiterlesen Br\u00fcssel \u2013 Die EU-Kommission warnt vor beispiellosem Datenklau durch Hacker mithilfe neuer Super-Computer: Nur noch&hellip;\n","protected":false},"author":2,"featured_media":745843,"comment_status":"","ping_status":"","sticky":false,"template":"","format":"standard","meta":{"footnotes":""},"categories":[134],"tags":[175,170,169,29,30,15646,198,17948,171,174,199,45,173,172,37718],"class_list":{"0":"post-745842","1":"post","2":"type-post","3":"status-publish","4":"format-standard","5":"has-post-thumbnail","7":"category-unternehmen-maerkte","8":"tag-business","9":"tag-companies","10":"tag-companies-markets","11":"tag-deutschland","12":"tag-germany","13":"tag-hacker","14":"tag-internet","15":"tag-internet-sicherheit","16":"tag-markets","17":"tag-maerkte","18":"tag-microsoft","19":"tag-texttospeech","20":"tag-unternehmen","21":"tag-unternehmen-maerkte","22":"tag-wlan"},"share_on_mastodon":{"url":"https:\/\/pubeurope.com\/@de\/115956076069358199","error":""},"_links":{"self":[{"href":"https:\/\/www.europesays.com\/de\/wp-json\/wp\/v2\/posts\/745842","targetHints":{"allow":["GET"]}}],"collection":[{"href":"https:\/\/www.europesays.com\/de\/wp-json\/wp\/v2\/posts"}],"about":[{"href":"https:\/\/www.europesays.com\/de\/wp-json\/wp\/v2\/types\/post"}],"author":[{"embeddable":true,"href":"https:\/\/www.europesays.com\/de\/wp-json\/wp\/v2\/users\/2"}],"replies":[{"embeddable":true,"href":"https:\/\/www.europesays.com\/de\/wp-json\/wp\/v2\/comments?post=745842"}],"version-history":[{"count":0,"href":"https:\/\/www.europesays.com\/de\/wp-json\/wp\/v2\/posts\/745842\/revisions"}],"wp:featuredmedia":[{"embeddable":true,"href":"https:\/\/www.europesays.com\/de\/wp-json\/wp\/v2\/media\/745843"}],"wp:attachment":[{"href":"https:\/\/www.europesays.com\/de\/wp-json\/wp\/v2\/media?parent=745842"}],"wp:term":[{"taxonomy":"category","embeddable":true,"href":"https:\/\/www.europesays.com\/de\/wp-json\/wp\/v2\/categories?post=745842"},{"taxonomy":"post_tag","embeddable":true,"href":"https:\/\/www.europesays.com\/de\/wp-json\/wp\/v2\/tags?post=745842"}],"curies":[{"name":"wp","href":"https:\/\/api.w.org\/{rel}","templated":true}]}}