{"id":745845,"date":"2026-01-25T13:55:14","date_gmt":"2026-01-25T13:55:14","guid":{"rendered":"https:\/\/www.europesays.com\/de\/745845\/"},"modified":"2026-01-25T13:55:14","modified_gmt":"2026-01-25T13:55:14","slug":"afd-kandidat-attackiert-schwesig-uebler-vergleich-mit-lukaschenko-politik","status":"publish","type":"post","link":"https:\/\/www.europesays.com\/de\/745845\/","title":{"rendered":"AfD-Kandidat attackiert Schwesig: \u00dcbler Vergleich mit Lukaschenko | Politik"},"content":{"rendered":"<p><a class=\"skip-content skip-content--link\" href=\"#in-content-skip-link-target-v-0-0\">TTS-Player \u00fcberspringen\u21b5<\/a><a id=\"in-content-skip-link-target-v-0-0\" class=\"skip-content--target-link-hidden skip-content skip-content--target-link\" href=\"#in-content-skip-link-target-v-0-0\">Artikel weiterlesen<\/a><\/p>\n<p>Schwerin \u2013<b> Perfide Attacke auf die Ex-Bundesministerin und amtierende Ministerpr\u00e4sidentin Manuela Schwesig (51, SPD) beim AfD-Landesparteitag in Mecklenburg-Vorpommern!<\/b><\/p>\n<p>In einer Rede verglich AfD-Kandidat Robert Schnell (38, Ex-Vorstands-Mitglied der AFD-Jugend), die Meck-Pomm-Chefin mit <a href=\"https:\/\/www.bild.de\/politik\/leute\/wladimir-putin\/wladimir-putin-alle-infos-79314364.bild.html\" class=\"text-link\" target=\"_blank\" rel=\"noopener\">Putin<\/a>-Freund und Belarus-Diktator <a href=\"https:\/\/www.bild.de\/politik\/leute\/alexander-lukaschenko\/alexander-lukaschenko-alle-infos-79315540.bild.html\" class=\"text-link\" target=\"_blank\" rel=\"noopener\">Alexander Lukaschenko<\/a> (71). <\/p>\n<p>Auch interessant<\/p>\n<p>Anzeige<\/p>\n<p>Auch interessant<\/p>\n<p>Anzeige<\/p>\n<p><a href=\"https:\/\/www.bild.de\/politik\/inland\/alternative-fuer-deutschland\/afd-alle-infos-76662060.bild.html\" class=\"text-link\" target=\"_blank\" rel=\"noopener\">AfD<\/a>-Kandidat Schnell polterte in die Menge: \u201eEine Ministerpr\u00e4sidentin, die der Opposition vorschreiben will, wie viele Menschen zu einer Demonstration gehen d\u00fcrfen, sollte als Propaganda-Ministerin \u2013 und da passt der Name Manuela Lukaschenko besser \u2013 nach Minsk gehen. Denn ich glaube, der Lukaschenko sucht da noch ein paar Leute. Dann m\u00fcssen wir sie hier nicht mehr ertragen.\u201c <\/p>\n<p>Bei seinen Parteifreunden kam die Rede gut an, im Anschluss wurde der Landwirt und Fraktions-Chef des AfD-Kreisverbands Mecklenburgische Seenplatte mit 169 Ja-Stimmen von den 250 AfD-Mitgliedern auf den aussichtsreichen Listenplatz 9 gew\u00e4hlt.<\/p>\n<p><img decoding=\"async\" width=\"992\" height=\"558\" alt=\"Der belarussische Pr\u00e4sidenten Alexander Lukaschenko (71, l.) mit Russland-Diktator Wladimir Putin (73)\" src=\"https:\/\/www.europesays.com\/de\/wp-content\/uploads\/2026\/01\/22e83fee5c93963339ffbd11e1804bd4,162914e7.jpeg\"   class=\"landscape\" loading=\"lazy\"\/><\/p>\n<p class=\"fig__caption__text\">Der belarussische Pr\u00e4sident Alexander Lukaschenko (71, l.) mit Russland-Diktator Wladimir Putin (73)<\/p>\n<p>Foto: Alexei Nikolsky\/Pool Sputnik Kremlin\/AP\/dpa<\/p>\n<p>Doch beim \u00fcblen Diktatoren-Vergleich blieb es nicht. Tommy Thormann (31, Listenplatz 16) schrie: \u201eEs ist okay, wei\u00df zu sein!\u201c Damit spielte er auf ein Foto in den sozialen Medien an, auf dem er mit einem Weltkriegsstahlhelm und einem T-Shirt mit dieser Aufschrift zu sehen ist. Der zum Spitzenkandidaten gew\u00e4hlte Enrico Schult (46) bezeichnete <a href=\"https:\/\/www.bild.de\/politik\/leute\/friedrich-merz\/friedrich-merz-alle-infos-76682054.bild.html\" class=\"text-link\" target=\"_blank\" rel=\"noopener\">Friedrich Merz<\/a> (70, CDU) als \u201ePinocchio-Kanzler\u201c. Sein in der Kampfabstimmung gescheiterter Rivale Nikolaus Kramer (49) sprach in Bezug auf \u00f6ffentliche Pl\u00e4tze von \u201eSammelstellen f\u00fcr Messerfachkr\u00e4fte\u201c.<\/p>\n<p><img decoding=\"async\" width=\"992\" height=\"558\" alt=\"Kresifraktions-Chef Robert Schnell (38) sa\u00df im Bundesvorstand der ehemaligen AfD-Jugendorganisation \u201eJunge Alternative\u201c (JA)\" src=\"https:\/\/www.europesays.com\/de\/wp-content\/uploads\/2026\/01\/88a02f4016ed42862d2a20799bee17d2,94438d7d.jpeg\"   class=\"landscape\" loading=\"lazy\"\/><\/p>\n<p class=\"fig__caption__text\">Kresifraktions-Chef Robert Schnell (38) sa\u00df im Bundesvorstand der ehemaligen AfD-Jugendorganisation \u201eJunge Alternative\u201c (JA)<\/p>\n<p>Foto: Robert Schnell &#8211; AfD\/Facebook<\/p>\n<p>Die AfD stellt beim Landesparteitag am Samstag und Sonntag in Neubrandenburg insgesamt 50 Kandidaten auf, um sich f\u00fcr den Fall der Macht\u00fcbernahme zu wappnen. Denn: Wenn die Partei Minister und Staatssekret\u00e4re ernennen muss, brauche es Nachr\u00fccker f\u00fcr den Landtag, hei\u00dft es.<\/p>\n<p>Mehr zum Thema<\/p>\n<p>In Umfragen kratzt die AfD in <a href=\"https:\/\/www.bild.de\/regional\/mecklenburg-vorpommern\/mecklenburg-vorpommern\/home-62716054.bild.html\" class=\"text-link\" target=\"_blank\" rel=\"noopener\">Meck-Pomm<\/a> an der 40-Prozent-Marke, lag zuletzt bei 38 Prozent. Deutlich vor der SPD (19), die das Bundesland seit 27 Jahren regiert. Die AfD w\u00fcrde ihr Ergebnis von der Wahl vor f\u00fcnf Jahren verdoppeln, die SPD auf die H\u00e4lfte schrumpfen. Noch weiter abgeschlagen: CDU (13), Linke (12), BSW (7) und Gr\u00fcne (5).<\/p>\n","protected":false},"excerpt":{"rendered":"TTS-Player \u00fcberspringen\u21b5Artikel weiterlesen Schwerin \u2013 Perfide Attacke auf die Ex-Bundesministerin und amtierende Ministerpr\u00e4sidentin Manuela Schwesig (51, SPD) beim&hellip;\n","protected":false},"author":2,"featured_media":745846,"comment_status":"","ping_status":"","sticky":false,"template":"","format":"standard","meta":{"footnotes":""},"categories":[2],"tags":[150,31,29,30,13,157085,53163,1351,14,15,7784,12,147369,184,138370,45,10,8,9,11],"class_list":{"0":"post-745845","1":"post","2":"type-post","3":"status-publish","4":"format-standard","5":"has-post-thumbnail","7":"category-deutschland","8":"tag-alternative-fuer-deutschland","9":"tag-cdu","10":"tag-deutschland","11":"tag-germany","12":"tag-headlines","13":"tag-landtagswahlen-mecklenburg-vorpommern","14":"tag-lukaschenko-alexander","15":"tag-mecklenburg-vorpommern","16":"tag-nachrichten","17":"tag-news","18":"tag-parteitag","19":"tag-schlagzeilen","20":"tag-schwesig-manuela","21":"tag-spd","22":"tag-team-first","23":"tag-texttospeech","24":"tag-top-news","25":"tag-top-meldungen","26":"tag-topmeldungen","27":"tag-topnews"},"share_on_mastodon":{"url":"https:\/\/pubeurope.com\/@de\/115956084422588156","error":""},"_links":{"self":[{"href":"https:\/\/www.europesays.com\/de\/wp-json\/wp\/v2\/posts\/745845","targetHints":{"allow":["GET"]}}],"collection":[{"href":"https:\/\/www.europesays.com\/de\/wp-json\/wp\/v2\/posts"}],"about":[{"href":"https:\/\/www.europesays.com\/de\/wp-json\/wp\/v2\/types\/post"}],"author":[{"embeddable":true,"href":"https:\/\/www.europesays.com\/de\/wp-json\/wp\/v2\/users\/2"}],"replies":[{"embeddable":true,"href":"https:\/\/www.europesays.com\/de\/wp-json\/wp\/v2\/comments?post=745845"}],"version-history":[{"count":0,"href":"https:\/\/www.europesays.com\/de\/wp-json\/wp\/v2\/posts\/745845\/revisions"}],"wp:featuredmedia":[{"embeddable":true,"href":"https:\/\/www.europesays.com\/de\/wp-json\/wp\/v2\/media\/745846"}],"wp:attachment":[{"href":"https:\/\/www.europesays.com\/de\/wp-json\/wp\/v2\/media?parent=745845"}],"wp:term":[{"taxonomy":"category","embeddable":true,"href":"https:\/\/www.europesays.com\/de\/wp-json\/wp\/v2\/categories?post=745845"},{"taxonomy":"post_tag","embeddable":true,"href":"https:\/\/www.europesays.com\/de\/wp-json\/wp\/v2\/tags?post=745845"}],"curies":[{"name":"wp","href":"https:\/\/api.w.org\/{rel}","templated":true}]}}