{"id":746031,"date":"2026-01-25T15:34:10","date_gmt":"2026-01-25T15:34:10","guid":{"rendered":"https:\/\/www.europesays.com\/de\/746031\/"},"modified":"2026-01-25T15:34:10","modified_gmt":"2026-01-25T15:34:10","slug":"so-steht-es-um-den-ausbau-der-wuppertaler-l419","status":"publish","type":"post","link":"https:\/\/www.europesays.com\/de\/746031\/","title":{"rendered":"So steht es um den Ausbau der Wuppertaler L419"},"content":{"rendered":"<p class=\"text_ohne_einzug richtext text-em-55 !leading-serif mx-6 desktop:mx-0\">Jahrelang ist \u00fcber den vierspurigen Ausbau der Landesstra\u00dfe 419 in Ronsdorf diskutiert und gestritten, daf\u00fcr geworben oder dagegen protestiert worden. Doch nach der Entscheidung des Oberverwaltungsgerichts (OVG) des Landes NRW in M\u00fcnster, das im Oktober 2024 das Vorhaben aus formalen Gr\u00fcnden kippte, ist die Sache recht schnell aus der \u00f6ffentlichen Wahrnehmung verschwunden.<\/p>\n","protected":false},"excerpt":{"rendered":"Jahrelang ist \u00fcber den vierspurigen Ausbau der Landesstra\u00dfe 419 in Ronsdorf diskutiert und gestritten, daf\u00fcr geworben oder dagegen&hellip;\n","protected":false},"author":2,"featured_media":746032,"comment_status":"","ping_status":"","sticky":false,"template":"","format":"standard","meta":{"footnotes":""},"categories":[1840],"tags":[170403,8684,159889,128283,19729,170404,4488,1173,7836,19489,3364,29,2306,20376,30,3414,22619,1209,176,31298,40902,236,28111,27112,4418],"class_list":{"0":"post-746031","1":"post","2":"type-post","3":"status-publish","4":"format-standard","5":"has-post-thumbnail","7":"category-wuppertal","8":"tag-170403","9":"tag-ausbau","10":"tag-ausbauplaene","11":"tag-ausbauprojekt","12":"tag-bauvorhaben","13":"tag-bauvorhabens","14":"tag-bund","15":"tag-bundesregierung","16":"tag-bundesstrasse","17":"tag-bundesweit","18":"tag-de","19":"tag-deutschland","20":"tag-entscheidung","21":"tag-gerichtsentscheidung","22":"tag-germany","23":"tag-land","24":"tag-landesstrasse","25":"tag-nordrhein-westfalen","26":"tag-nrw","27":"tag-ovg","28":"tag-parkstrasse","29":"tag-plaene","30":"tag-planungen","31":"tag-vorhaben","32":"tag-wuppertal"},"share_on_mastodon":{"url":"https:\/\/pubeurope.com\/@de\/115956473060606063","error":""},"_links":{"self":[{"href":"https:\/\/www.europesays.com\/de\/wp-json\/wp\/v2\/posts\/746031","targetHints":{"allow":["GET"]}}],"collection":[{"href":"https:\/\/www.europesays.com\/de\/wp-json\/wp\/v2\/posts"}],"about":[{"href":"https:\/\/www.europesays.com\/de\/wp-json\/wp\/v2\/types\/post"}],"author":[{"embeddable":true,"href":"https:\/\/www.europesays.com\/de\/wp-json\/wp\/v2\/users\/2"}],"replies":[{"embeddable":true,"href":"https:\/\/www.europesays.com\/de\/wp-json\/wp\/v2\/comments?post=746031"}],"version-history":[{"count":0,"href":"https:\/\/www.europesays.com\/de\/wp-json\/wp\/v2\/posts\/746031\/revisions"}],"wp:featuredmedia":[{"embeddable":true,"href":"https:\/\/www.europesays.com\/de\/wp-json\/wp\/v2\/media\/746032"}],"wp:attachment":[{"href":"https:\/\/www.europesays.com\/de\/wp-json\/wp\/v2\/media?parent=746031"}],"wp:term":[{"taxonomy":"category","embeddable":true,"href":"https:\/\/www.europesays.com\/de\/wp-json\/wp\/v2\/categories?post=746031"},{"taxonomy":"post_tag","embeddable":true,"href":"https:\/\/www.europesays.com\/de\/wp-json\/wp\/v2\/tags?post=746031"}],"curies":[{"name":"wp","href":"https:\/\/api.w.org\/{rel}","templated":true}]}}