{"id":746094,"date":"2026-01-25T16:10:11","date_gmt":"2026-01-25T16:10:11","guid":{"rendered":"https:\/\/www.europesays.com\/de\/746094\/"},"modified":"2026-01-25T16:10:11","modified_gmt":"2026-01-25T16:10:11","slug":"fortuna-duesseldorf-markus-anfang-auswaerts-schon-am-ende-sport","status":"publish","type":"post","link":"https:\/\/www.europesays.com\/de\/746094\/","title":{"rendered":"Fortuna D\u00fcsseldorf: Markus Anfang ausw\u00e4rts schon am Ende | Sport"},"content":{"rendered":"<p><a class=\"skip-content skip-content--link\" href=\"#in-content-skip-link-target-v-0-0\">TTS-Player \u00fcberspringen\u21b5<\/a><a id=\"in-content-skip-link-target-v-0-0\" class=\"skip-content--target-link-hidden skip-content skip-content--target-link\" href=\"#in-content-skip-link-target-v-0-0\">Artikel weiterlesen<\/a><\/p>\n<p><b>Irgendwie scheinen sie den Ernst der Lage nicht wahrhaben zu wollen. Vieles wird fast sch\u00f6ngeredet bei den Rheinl\u00e4ndern. <\/b><a href=\"https:\/\/www.bild.de\/sport\/fussball\/fortuna-duesseldorf\/startseite-fortuna-duesseldorf-31148850.bild.html\" class=\"text-link\" target=\"_blank\" rel=\"noopener\"><b>Fortuna D\u00fcsseldorf<\/b><\/a><b> wieder 16. der <\/b><a href=\"https:\/\/www.bild.de\/sport\/fussball\/2-bundesliga\/2-liga-startseite-52368772.bild.html\" class=\"text-link\" target=\"_blank\" rel=\"noopener\"><b>2. Liga<\/b><\/a><b>, kommt unten nach dem 1:2 in Hannover nicht raus.<\/b><\/p>\n<p>Trainer Markus Anfang (51) wischt es weg: \u201eInteressiert mich gar nicht. Sondern nur, wie wir Punkte holen k\u00f6nnen.\u201c Ausw\u00e4rts mit ihm offenbar nicht! Aus bisher f\u00fcnf Anfang-Spielen in der Fremde wurde gar nichts geholt. Kein anderes Zweitliga-Team ist in der Fremde in dieser Zeit \u00e4hnlich erfolglos.<\/p>\n<p>So steigt Fortuna ab<\/p>\n<p>Auch wenn Anfangs Heimbilanz (1,56 Z\u00e4hler pro Spiel) ordentlich ist \u2013 das wird am Ende nicht reichen f\u00fcr den Klassenerhalt. 7 Heimspiele hat Fortuna noch. Bleibt es bei der Heim-Ausbeute von 1,56 Z\u00e4hlern pro Partie und werden aus den letzten 8 Ausw\u00e4rtsauftritten weiter keine Punkte geholt, kommt D\u00fcsseldorf auf 31 Punkte am Ende. Damit hat noch nie ein Zweitligaverein seit der Einf\u00fchrung der 3-Punkte-Regel 1995 den Klassenerhalt geschafft.<\/p>\n<p>Schon in einer Woche droht in der Arena gegen Paderborn D\u00fcsseldorf wieder der Absturz auf einen direkten Abstiegsrang. Zumal dann Eilas Egouli (23\/Gelb-Rot) fehlt. Doch eigentlich m\u00fcsste schon jetzt der Letzte bei Fortuna erkannt haben, wie gef\u00e4hrlich die Situation ist.<\/p>\n<p>Die komplette Folge \u201eBayern Insider\u201c: Drei Bayern-Stars unter den Topverdienern Europas!<a class=\"anchor video-teaser__anchor\" href=\"https:\/\/www.bild.de\/sport\/fussball\/im-bayern-insider-vom-23-1-drei-bayern-stars-unter-den-topverdienern-europas-6972a5c6707d4aa20757e0ef\" target=\"_blank\" rel=\"noopener\"><img decoding=\"async\" width=\"992\" height=\"558\" alt=\"\" src=\"https:\/\/www.europesays.com\/de\/wp-content\/uploads\/2026\/01\/5a34087dc2ff7276d4c34452267dfa4d-landscape,d3a51f6f.jpeg\"   class=\"landscape teaser__image\" loading=\"lazy\"\/><\/a><\/p>\n<p>Quelle: BILD23.01.2026<\/p>\n<p>Den Eindruck hat man nicht, wenn Kapit\u00e4n Florian Kastenmeier (28) sagt: \u201eEs gibt positive Dinge, die wir mitnehmen k\u00f6nnen. Wir haben die Zweik\u00e4mpfe angenommen, Kilometer gemacht und hatten Ballbesitzphasen.\u201c Oder Florent Muslija (28): \u201eWir h\u00e4tten dieses Spiel nicht verlieren m\u00fcssen und h\u00e4tten beide Gegentore besser verteidigen k\u00f6nnen.\u201c<\/p>\n<p>Wurden sie aber nicht. Und wenn man auch noch die schlechteste Offensive der Liga hat (erst 17 Tore) steigt man ab!<\/p>\n","protected":false},"excerpt":{"rendered":"TTS-Player \u00fcberspringen\u21b5Artikel weiterlesen Irgendwie scheinen sie den Ernst der Lage nicht wahrhaben zu wollen. Vieles wird fast sch\u00f6ngeredet&hellip;\n","protected":false},"author":2,"featured_media":746095,"comment_status":"","ping_status":"","sticky":false,"template":"","format":"standard","meta":{"footnotes":""},"categories":[1831],"tags":[300,14284,3364,29,3405,3132,347,30,7762,16484,21334,94876,1209,819,45,784],"class_list":{"0":"post-746094","1":"post","2":"type-post","3":"status-publish","4":"format-standard","5":"has-post-thumbnail","7":"category-duesseldorf","8":"tag-abstiegskampf","9":"tag-anfang-markus","10":"tag-de","11":"tag-deutschland","12":"tag-duesseldorf","13":"tag-fortuna-duesseldorf","14":"tag-fussball","15":"tag-germany","16":"tag-hochrainer-sebastian","17":"tag-joerg-zschoche","18":"tag-kastenmeier-florian","19":"tag-muslija-florent","20":"tag-nordrhein-westfalen","21":"tag-sport-leuchtturm-essen","22":"tag-texttospeech","23":"tag-zweite-bundesliga"},"share_on_mastodon":{"url":"https:\/\/pubeurope.com\/@de\/115956615748672977","error":""},"_links":{"self":[{"href":"https:\/\/www.europesays.com\/de\/wp-json\/wp\/v2\/posts\/746094","targetHints":{"allow":["GET"]}}],"collection":[{"href":"https:\/\/www.europesays.com\/de\/wp-json\/wp\/v2\/posts"}],"about":[{"href":"https:\/\/www.europesays.com\/de\/wp-json\/wp\/v2\/types\/post"}],"author":[{"embeddable":true,"href":"https:\/\/www.europesays.com\/de\/wp-json\/wp\/v2\/users\/2"}],"replies":[{"embeddable":true,"href":"https:\/\/www.europesays.com\/de\/wp-json\/wp\/v2\/comments?post=746094"}],"version-history":[{"count":0,"href":"https:\/\/www.europesays.com\/de\/wp-json\/wp\/v2\/posts\/746094\/revisions"}],"wp:featuredmedia":[{"embeddable":true,"href":"https:\/\/www.europesays.com\/de\/wp-json\/wp\/v2\/media\/746095"}],"wp:attachment":[{"href":"https:\/\/www.europesays.com\/de\/wp-json\/wp\/v2\/media?parent=746094"}],"wp:term":[{"taxonomy":"category","embeddable":true,"href":"https:\/\/www.europesays.com\/de\/wp-json\/wp\/v2\/categories?post=746094"},{"taxonomy":"post_tag","embeddable":true,"href":"https:\/\/www.europesays.com\/de\/wp-json\/wp\/v2\/tags?post=746094"}],"curies":[{"name":"wp","href":"https:\/\/api.w.org\/{rel}","templated":true}]}}