{"id":746342,"date":"2026-01-25T18:23:18","date_gmt":"2026-01-25T18:23:18","guid":{"rendered":"https:\/\/www.europesays.com\/de\/746342\/"},"modified":"2026-01-25T18:23:18","modified_gmt":"2026-01-25T18:23:18","slug":"momodou-taal-am-flughafen-heathrow-von-der-britischen-polizei-festgesetzt-und-verhoert","status":"publish","type":"post","link":"https:\/\/www.europesays.com\/de\/746342\/","title":{"rendered":"Momodou Taal am Flughafen Heathrow von der britischen Polizei festgesetzt und verh\u00f6rt"},"content":{"rendered":"<p><img decoding=\"async\" class=\"db relative center\" loading=\"lazy\" src=\"https:\/\/www.europesays.com\/de\/wp-content\/uploads\/2026\/01\/c62c0342-1112-4822-a46e-d9b12f61f212.jpeg\" style=\"max-height:100%\"\/>Momodou Taal <\/p>\n<p>Am Freitag, den 23. Januar, wurde der pro-pal\u00e4stinensische Aktivist und Doktorand der Cornell University Momodou Taal von der britischen Polizei unter Anwendung von \u201eAntiterror\u201c-Befugnissen am Londoner Flughafen Heathrow festgesetzt, verh\u00f6rt und ein Profil angelegt. Dabei handelt es sich um einen eklatanten Akt politischer Einsch\u00fcchterung, der sich gegen seine offene Opposition gegen den V\u00f6lkermord in Gaza richtet.<\/p>\n<p>Laut Taals Schilderung auf X warteten drei Beamte auf ihn, als er in Heathrow aus dem Flugzeug stieg und teilten ihm sofort mit, dass er gem\u00e4\u00df Anhang 7 des Terrorism Act 2000 festgehalten werde. Daraufhin wurde er sechs Stunden lang, die maximal m\u00f6gliche Zeit, festgehalten und verh\u00f6rt. Die Beamten betonten, bei der Operation gehe es um die \u201eSicherheit des Vereinigten K\u00f6nigreichs\u201c\u2013 eine Behauptung, die Taal zu Recht als absurd abtat.<\/p>\n<p>W\u00e4hrend der Untersuchung wurde er von den Beamten umfassend \u00fcber sein privates und politisches Leben ausgefragt. Sie befragten ihn zu seiner Kindheit, seinem religi\u00f6sen Hintergrund, seine Moschee-Besuche, seinen Freundschaften und seinen politischen Ansichten. Sein Handy und sein Laptop wurden beschlagnahmt, seine DNA entnommen und gespeichert. Au\u00dferdem wurde ihm ausdr\u00fccklich mitgeteilt, dass er gem\u00e4\u00df Anhang 7 kein Recht habe, die Aussage zu verweigern, da dies als Straftat gelten w\u00fcrde.<\/p>\n<p>Taal betonte, dass er seit seiner Ausreise aus den USA bereits zum vierten Mal nach Gro\u00dfbritannien zur\u00fcckgekehrt war. Was unterstreicht, dass nichts an seinem Verhalten den pl\u00f6tzlichen Einsatz von Antiterrorvollmachten an der Grenze rechtfertige.<\/p>\n<p>Taal stellte einen Zusammenhang zwischen seiner Verhaftung in Heathrow und der monatelangen, eskalierenden Unterdr\u00fcckung her, seit er an Protesten gegen den Gaza-V\u00f6lkermord an der Cornell University teilgenommen hat. Dazu geh\u00f6rten Schikanen durch die US-Einwanderungsbeh\u00f6rden und Strafma\u00dfnahmen der Universit\u00e4tsleitung.<\/p>\n<p>Taal schrieb in seiner Erkl\u00e4rung:<\/p>\n<blockquote>\n<p>Die meisten Fragen bezogen sich auf meine pers\u00f6nliche Vergangenheit, nicht auf meine politischen Ansichten. Ich wurde sogar gefragt, ob ich Karl Marx gelesen habe. Das war keine ernsthafte Antiterror-Ermittlung. Es war ein rassistisches Ausforschen, um jemanden einzusch\u00fcchtern und zu bestrafen, der sich f\u00fcr Freiheit und gegen Massenmord einsetzt.<\/p>\n<p>Ich war bereits vor dieser Festnahme monatelang gezielt unterdr\u00fcckt worden. Im April musste ich aus den Vereinigten Staaten fliehen, nachdem mich ICE-Agenten verfolgt hatten. Nur wenige Tage zuvor hatte ich eine historische Klage eingereicht, in der ich der Trump-Regierung die Verletzung meiner Rechte aus dem Ersten Verfassungszusatz vorwarf. Trump hatte kurz nach seiner Amts\u00fcbernahme angek\u00fcndigt, internationale Studierende abzuschieben, die sich an friedlichen Protesten zur Unterst\u00fctzung der Pal\u00e4stinenser beteiligten \u2013 was sp\u00e4ter von US-Gerichten f\u00fcr rechtswidrig erkl\u00e4rt wurde. Davor war ich im September von der Cornell University suspendiert worden, weil ich an friedlichen propal\u00e4stinensischen Protesten teilgenommen hatte. Ich wurde nie eines Verbrechens angeklagt, geschweige denn deshalb angeklagt.<\/p>\n<\/blockquote>\n<p>Mit Blick auf den Datenaustausch zwischen britischen und US-Beh\u00f6rden, der vermutlich stattgefunden hat, f\u00fcgte er hinzu:<\/p>\n<blockquote>\n<p>M\u00e4chtige Institutionen auf beiden Seiten des Atlantiks, die den V\u00f6lkermord unterst\u00fctzen, wollen nicht, dass ihre schmutzige W\u00e4sche in der \u00d6ffentlichkeit gewaschen wird. Das Vereinigte K\u00f6nigreich muss klar sagen, was es wei\u00df, und warum ich verhaftet wurde. Haben die Amerikaner die britischen Beh\u00f6rden \u2013 den unterw\u00fcrfigen Partner in der so genannten \u201ebesonderen Beziehung\u201c \u2013 gebeten, mich aufzuhalten und zu verh\u00f6ren?<\/p>\n<\/blockquote>\n<p><a href=\"https:\/\/www.mehring-verlag.de\/library\/north-logik-des-zionismus\/00.html\" class=\"db avenir f6 lh-title pa1 br2 tc mw6 mw7-l bg-_black-05 mt3 center\" target=\"_blank\" rel=\"noopener nofollow\"><img decoding=\"async\" class=\"dn db-m\" src=\"https:\/\/www.europesays.com\/de\/wp-content\/uploads\/2025\/04\/2a8c61b3-1110-43b9-9130-23e87328f0a7\"\/><img decoding=\"async\" class=\"db dn-m\" src=\"https:\/\/www.europesays.com\/de\/wp-content\/uploads\/2025\/04\/7333c09d-872e-43c9-bdad-3d94170f0c3e\"\/><\/a><\/p>\n<p>Der Terrorism Act 2000 bildet den zentralen Rahmen der staatlichen \u201eAntiterror\u201c-Befugnisse, im Vereinigten K\u00f6nigreich. Er wurde von der Labour-Regierung im Rahmen der Versch\u00e4rfung repressiver Gesetze im Vorfeld und nach dem so genannten \u201eKrieg gegen den Terror\u201c eingef\u00fchrt. Abschnitt 1 definiert \u201eTerrorismus\u201c in sehr allgemeiner Form als Anwendung oder Androhung von ernsthafter Gewalt, ernsthaften Sachsch\u00e4den, Gefahr f\u00fcr Leben, ernsthafte Gef\u00e4hrdung der \u00f6ffentlichen Gesundheit oder Sicherheit oder ernsthafte Eingriffe in elektronische Systeme, sofern sie darauf abzielen, die Regierung zu beeinflussen oder die \u00d6ffentlichkeit \u201ezum Zweck der F\u00f6rderung einer politischen, religi\u00f6sen oder ideologischen Sache\u201c einzusch\u00fcchtern.<\/p>\n<p>Die bewusst vage Definition diente als juristische Grundlage f\u00fcr zahlreiche Befugnisse, um politische Aktivit\u00e4ten und Proteste unter dem Vorwurf des \u201eExtremismus\u201c zu kriminalisieren. Anhang 7, unter dessen Anwendung Taal festgehalten wurde, erm\u00e4chtigt die Polizei, Einwanderungs- und Zollbeamte dazu, jeden anzuhalten, zu befragen, festzusetzen und zu durchsuchen, der \u00fcber H\u00e4fen und Grenzen ins Vereinigte K\u00f6nigreich kommt, um festzustellen, ob sie \u201eden Anschein erwecken\u201c, dass sie daran beteiligt sind oder waren, terroristische Aktivit\u00e4ten zu begehen, vorzubereiten oder dazu anzustiften.<\/p>\n<p>Da die Beamten keinen Anfangsverdacht ben\u00f6tigen, um von diesen Befugnissen Gebrauch zu machen, erm\u00f6glicht Anhang 7 ein System gesetzloser Verh\u00f6re an der Grenze. Er erlaubt eine Inhaftierung von bis zu sechs Stunden ab Beginn der Befragung, die Durchsuchung der Person und ihres gesamten Eigentums, einschlie\u00dflich elektronischer Ger\u00e4te, verpflichtet die Verd\u00e4chtigen zur Herausgabe von Passw\u00f6rtern und dem Entsperren von Ger\u00e4ten, die Beschlagnahme und das Kopieren aller Daten und die Abnahme und Speicherung von Fingerabdr\u00fccken und DNA, die in die gleichen Datenbanken hochgeladen werden k\u00f6nnen, in denen verurteilte Terroristen aufgef\u00fchrt sind.<\/p>\n<p>Die Betroffenen m\u00fcssen alle Fragen beantworten und auf Verlangen alle Dokumente vorlegen. Weigerung oder Behinderung stellt eine Straftat dar, selbst wenn Aussagen bei der Befragung generell nicht als Beweise in sp\u00e4teren Strafverfahren benutzt werden k\u00f6nnen.<\/p>\n<p>B\u00fcrgerrechtsorganisationen haben seit Jahren gewarnt, dass Anhang 7 gegen grundlegende Rechte auf ein geordnetes Verfahren und die Privatsph\u00e4re verst\u00f6\u00dft und als Werkzeug f\u00fcr Profiling aufgrund von Ethnie und Religionszugeh\u00f6rigkeit benutzt wird, das sich unverh\u00e4ltnism\u00e4\u00dfig oft gegen Muslime, Asiaten und andere Minderheiten richtet. Es wurde festgestellt, dass etwa 70 Prozent derjenigen, die seit 2021 in britischen H\u00e4fen im Rahmen der Antiterrorgesetze angehalten wurden, u.a. wegen Anhang 7, Schwarze, Asiaten oder andere ethnische Minderheiten waren.<\/p>\n<p>In dem Pr\u00e4zedenzfall der Verhaftung von David Miranda, dem Partner des Journalisten Glenn Greenwald, erkl\u00e4rte das Berufungsgericht, dass die Anwendung von Anhang 7 gegen ihn unvereinbar mit Artikel 10 der Europ\u00e4ischen Menschenrechtskonvention war, weil es keine Schutzmechanismen gegen willk\u00fcrliche Eingriffe in die freie Meinungs\u00e4u\u00dferung gab.<\/p>\n<p>Diese Befugnisse werden als dauerhafte Infrastruktur aufrechterhalten, mit der der Staat politische Opposition gegen imperialistische Kriegsverbrechen \u00fcberwachen, einsch\u00fcchtern und notfalls kriminalisieren kann. Taals Festnahme in Heathrow stellt einen Einsatz dieses Mechanismus gegen jemanden dar, der den von den USA unterst\u00fctzten israelischen V\u00f6lkermord an den Pal\u00e4stinensern in Gaza verurteilt hat.<\/p>\n<p>In seiner Erkl\u00e4rung stellte Taal den Angriff auf seine Rechte auch in einen breiteren internationalen politischen Kontext:<\/p>\n<blockquote>\n<p>Ich wurde in der gleichen Woche festgehalten, in der bekannt wurde, dass die Vereinten Nationen ernsthafte Bedenken wegen mutma\u00dflicher Menschenrechtsverletzungen an der Cornell University ge\u00e4u\u00dfert haben, die gegen mich und andere internationale Studenten nach unserer Teilnahme an pro-pal\u00e4stinensischen Protesten begangen wurden.<\/p>\n<p>UN-Sonderberichterstatter warnten, an den Universit\u00e4ten f\u00e4nden strukturelle Ver\u00e4nderungen statt, um Solidarit\u00e4tsbekundungen gegen\u00fcber Pal\u00e4stina systematisch zu unterdr\u00fccken und ein Klima der Angst und Einsch\u00fcchterung zu schaffen. Die Studierenden w\u00fcrden Selbstzensur \u00fcben, und internationale Studierende w\u00fcrden sich aus Angst vor Abschiebung vom Aktivismus zur\u00fcckziehen.<\/p>\n<p>Die USA und das Vereinigte K\u00f6nigreich verbindet eine lange \u00fcble Geschichte, was den Austausch von Geheimdienstdaten im Dienst von Menschenrechtsverletzungen angeht. Anfang des Monats hat die britische Regierung implizit ihre Mitschuld an der \u00dcberstellung und Folter von Abu Zubaydah zugegeben, einem pal\u00e4stinensischen Insassen von Guantanamo Bay, der zwischen 2002 und 2006 in einem CIA-Geheimgef\u00e4ngnis festgehalten und gefoltert wurde. Das Vereinigte K\u00f6nigreich legte den Fall au\u00dfergerichtlich bei und zahlte eine betr\u00e4chtliche Summe, nachdem es jahrelang ihre Beteiligung dementiert hatte.<\/p>\n<p>Was mir in Heathrow passiert ist, passt genau zu dieser Geschichte. Es ging nicht um Sicherheit. Es ging darum, eine abweichende Meinung zum Schweigen zu bringen. Und das wird nicht funktionieren.<\/p>\n<\/blockquote>\n<p>Momodou Taal ist ein 31-j\u00e4hriger gambisch-britischer Staatsb\u00fcrger, der sich zu einem bekannten Vertreter der Studenten- und Jugend-Aktivisten entwickelt hat, die sich durch den V\u00f6lkermord in Gaza und den Ausbruch imperialistischer Gewalt auf der ganzen Welt radikalisiert haben. Er besitzt die Staatsb\u00fcrgerschaft des Vereinigten K\u00f6nigreichs und Gambias und studierte an der Cornell University f\u00fcr einen Doktortitel, wo er auch als Lehrkraft arbeitete.<\/p>\n<p><a href=\"https:\/\/www.mehring-verlag.de\/library\/north-30-jahre-krieg\/00.html\" class=\"no-underline pointer\" rel=\"nofollow noopener\" target=\"_blank\"><img decoding=\"async\" class=\"db relative center\" loading=\"lazy\" src=\"https:\/\/www.europesays.com\/de\/wp-content\/uploads\/2025\/04\/19b71883-5de1-401a-8f7f-7226c4b24a37\" style=\"max-height:100%\"\/><\/p>\n<p>David North<\/p>\n<p>30 Jahre Krieg: Amerikas Griff nach der Weltherrschaft 1990\u20132020<\/p>\n<p>Seit dem ersten Golfkrieg 1990\u20131991 f\u00fchren die Vereinigten Staaten ununterbrochen Krieg.\u00a0Gest\u00fctzt auf ein marxistisches Verst\u00e4ndnis der Widerspr\u00fcche des US- und des Weltimperialismus analysiert David North die Milit\u00e4rinterventionen und geopolitischen Krisen der letzten 30 Jahre.<\/p>\n<p><\/a><\/p>\n<p>An der Cornell entwickelte sich Taal zu einem Kritiker von Israels Angriff auf Gaza und der Unterst\u00fctzung beider US-Parteien f\u00fcr das Massaker. Er beteiligte sich an pro-pal\u00e4stinensischen Demonstrationen und bezog \u00f6ffentlich Stellung gegen den Krieg. Aufgrund seiner Prominenz wurde er ein zentrales Ziel einer koordinierten Kampagne rechter Medien, zionistischer Organisationen und der Universit\u00e4tsbeh\u00f6rden, die jeden Widerstand gegen den V\u00f6lkermord als \u201eantisemitisch\u201c oder \u201eUnterst\u00fctzung f\u00fcr Terrorismus\u201c brandmarken wollten. In diesem Zusammenhang nutzte der amerikanische Staat seinen Status als Immigrant und internationaler Student, um sein Bleiberecht als Druckmittel einzusetzen und ihn zum Schweigen zu bringen.<\/p>\n<p>Taal wurde von der Cornell zweimal \u2013 im April und im September 2024 \u2013 wegen seiner Teilnahme an Campus-Protesten suspendiert. Die formellen Sanktionen wurden sorgf\u00e4ltig so ausgew\u00e4hlt, dass sie nicht zum sofortigen Entzug des Visums f\u00fchren. Die Universit\u00e4tsverwaltung erlaubte ihm, per Fernunterricht teilzunehmen, der vollst\u00e4ndige Zugang wurde erst im Fr\u00fchjahr 2025 wiederhergestellt. Damit schufen sie einen langwierigen Schwebezustand, der ihn anf\u00e4llig f\u00fcr Angriffe des Staates machte, w\u00e4hrend er angeblich immatrikuliert blieb.<\/p>\n<p>Als sich die Bewegung gegen den V\u00f6lkermord ausbreitete, begann die Trump-Regierung einen Rachefeldzug gegen Taals Aufenthaltsstatus und versuchte, ihn abzuschieben. Er reichte Klage gegen Trumps Dekrete ein, die sich gegen pro-pal\u00e4stinensische Demonstranten richteten. Das kam einer direkten verfassungsrechtlichen Herausforderung der Versuche der Regierung gleich, politische Opposition unter dem Deckmantel der Durchsetzung der Einwanderungsgesetze zu kriminalisieren.<\/p>\n<p>Als Reaktion darauf versch\u00e4rften die Bundesbeh\u00f6rden die \u00dcberwachung und Einsch\u00fcchterung: Agenten einer nicht identifizierten \u00dcberwachungsbeh\u00f6rde parkten mehrfach vor Taals Wohnung in Ithaca. Einer von ihnen zeigte, als er durch das Personal seines ehemaligen Wohnsitzes in Telluride House angesprochen wurde, eine Polizei-Dienstmarke vor, bevor er das Privatgrundst\u00fcck verlie\u00df.<\/p>\n<p>Taals Anw\u00e4lte hatten einen Bundesrichter gewarnt, die US-Bundesregierung bereite seine pr\u00e4ventive Verhaftung und seine \u00dcberstellung in einen weit entfernten Gerichtsbezirk vor. Sie beriefen sich dabei auf die Pr\u00e4zedenzf\u00e4lle anderer Aktivisten wie Mahmoud Khalil, der in New York verhaftet und in ein abgelegenes Immigrantengef\u00e4ngnis gebracht wurde, Hunderte von Kilometern von seinen Anw\u00e4lten entfernt.<\/p>\n<p>Ihre Bef\u00fcrchtungen wurden best\u00e4tigt, als das Justizministerium ihnen mitteilte, dass die Immigration and Customs Enforcement Taal in das HSI-B\u00fcro in Syracuse \u201eeinladen\u201c w\u00fcrde, um ihm pers\u00f6nlich eine Vorladung zu \u00fcbergeben und ihn aufzufordern, sich in Gewahrsam der ICE zu begeben.<\/p>\n<p>Angesichts der unmittelbaren Drohung mit Inhaftierung und Abschiebung, bevor seine Klage verhandelt werden konnte, traf Taal die schwierige Entscheidung, die USA zu verlassen und nach Gro\u00dfbritannien zur\u00fcckzukehren, statt sich in Gewahrsam der ICE zu begeben. Seine Ausreise war ein taktischer R\u00fcckzug, zu dem ihn der Staat gezwungen hatte, indem er ihm selbst die M\u00f6glichkeit einer rechtlichen Verteidigung nahm.<\/p>\n<p>Genau diese Vorgehensweise \u2013 sich nicht stillschweigend einer offensichtlich politischen Abschiebung zu f\u00fcgen \u2013 versuchen die amerikanischen und britischen Beh\u00f6rden jetzt durch st\u00e4ndige Schikanen an der Grenze zu bestrafen.<\/p>\n<p>Die Anwendung von Anhang 7 gegen Taal in Heathrow verdeutlicht die aktive Zusammenarbeit zwischen dem britischen Staat und der Trump-Regierung bei der Verfolgung eines politisch ins Visier genommenen Gegners von V\u00f6lkermord und imperialistischem Krieg. Die gleichen Regierungen, die Israel bei der Zerst\u00f6rung des Gazastreifens Waffen liefern und politisch unterst\u00fctzen und sich an den Kriegen der USA auf der ganzen Welt beteiligen, benutzen jetzt \u201eAntiterror\u201c- und Einwanderungsregime, um diejenigen, die diese Verbrechen verurteilen, einzusch\u00fcchtern und zum Schweigen zu bringen.<\/p>\n<p>Indem die britische Regierung einen zur\u00fcckkehrenden britischen Staatsb\u00fcrger \u2013 dessen angebliches \u201eVerbrechen\u201c darin bestand, Widerstand gegen Massenmord und undemokratische Dekrete zu leisten \u2013 bei der Einreise wie einen Terrorverd\u00e4chtigen behandelt, signalisiert sie ihre Bereitschaft, sich zum Werkzeug des antidemokratischen Amoklaufs der Trump-Regierung zu machen. Taals Verhaftung in Heathrow soll als Warnung verstanden werden: Wer sich in der Frage der freien Meinungs\u00e4u\u00dferung und der Verteidigung der Pal\u00e4stinenser nicht zum Schweigen bringen l\u00e4sst, wird willk\u00fcrlich verhaftet, registriert und dauerhaft mit \u201eTerrorismus\u201c assoziiert.   <\/p>\n","protected":false},"excerpt":{"rendered":"Momodou Taal Am Freitag, den 23. Januar, wurde der pro-pal\u00e4stinensische Aktivist und Doktorand der Cornell University Momodou Taal&hellip;\n","protected":false},"author":2,"featured_media":746343,"comment_status":"","ping_status":"","sticky":false,"template":"","format":"standard","meta":{"footnotes":"","_share_on_mastodon":"0"},"categories":[3977],"tags":[331,332,170464,170462,13,170461,14,15,12,170463,4017,4018,4016,64,4019,4020,8788,170465],"class_list":["post-746342","post","type-post","status-publish","format-standard","has-post-thumbnail","category-usa","tag-aktuelle-nachrichten","tag-aktuelle-news","tag-antiterrorgesetz","tag-britische-polizei","tag-headlines","tag-momodou-taal","tag-nachrichten","tag-news","tag-schlagzeilen","tag-terrorism-act-2000","tag-united-states","tag-united-states-of-america","tag-us","tag-usa","tag-vereinigte-staaten","tag-vereinigte-staaten-von-amerika","tag-verhaftung","tag-verhoer"],"share_on_mastodon":{"url":"https:\/\/pubeurope.com\/@de\/115957137749548662","error":""},"_links":{"self":[{"href":"https:\/\/www.europesays.com\/de\/wp-json\/wp\/v2\/posts\/746342","targetHints":{"allow":["GET"]}}],"collection":[{"href":"https:\/\/www.europesays.com\/de\/wp-json\/wp\/v2\/posts"}],"about":[{"href":"https:\/\/www.europesays.com\/de\/wp-json\/wp\/v2\/types\/post"}],"author":[{"embeddable":true,"href":"https:\/\/www.europesays.com\/de\/wp-json\/wp\/v2\/users\/2"}],"replies":[{"embeddable":true,"href":"https:\/\/www.europesays.com\/de\/wp-json\/wp\/v2\/comments?post=746342"}],"version-history":[{"count":0,"href":"https:\/\/www.europesays.com\/de\/wp-json\/wp\/v2\/posts\/746342\/revisions"}],"wp:featuredmedia":[{"embeddable":true,"href":"https:\/\/www.europesays.com\/de\/wp-json\/wp\/v2\/media\/746343"}],"wp:attachment":[{"href":"https:\/\/www.europesays.com\/de\/wp-json\/wp\/v2\/media?parent=746342"}],"wp:term":[{"taxonomy":"category","embeddable":true,"href":"https:\/\/www.europesays.com\/de\/wp-json\/wp\/v2\/categories?post=746342"},{"taxonomy":"post_tag","embeddable":true,"href":"https:\/\/www.europesays.com\/de\/wp-json\/wp\/v2\/tags?post=746342"}],"curies":[{"name":"wp","href":"https:\/\/api.w.org\/{rel}","templated":true}]}}