{"id":746422,"date":"2026-01-25T19:10:16","date_gmt":"2026-01-25T19:10:16","guid":{"rendered":"https:\/\/www.europesays.com\/de\/746422\/"},"modified":"2026-01-25T19:10:16","modified_gmt":"2026-01-25T19:10:16","slug":"nina-eichinger-erinnert-in-rede-an-vater-bernd-eichinger","status":"publish","type":"post","link":"https:\/\/www.europesays.com\/de\/746422\/","title":{"rendered":"Nina Eichinger erinnert in Rede an Vater Bernd Eichinger"},"content":{"rendered":"<p>Deutscher Filmball <\/p>\n<p>Moderatorin Nina Eichinger r\u00fchrt mit emotionaler Geste<\/p>\n<p>25.01.2026 &#8211; 14:47 UhrLesedauer: 2 Min.<\/p>\n<p><a href=\"#focus-0\" class=\"transition-colors duration-200 block text-current relative\" data-sctrack=\"FocusGalleryImage.Reference\"><img fetchpriority=\"high\" data-testid=\"Opener.Image\" style=\"--lqipURL:url('https:\/\/images.t-online.de\/2026\/01\/ncnneYhkqpNk\/0x26:3500x1969\/fit-in\/150x0\/filters:blur(25)\/steven-gaetjen-und-nina-eichinger-die-beiden-fuehrten-gemeinsam-durch-den-abend-im-bayerischen-hof.jpg')\"   loading=\"eager\" src=\"https:\/\/www.europesays.com\/de\/wp-content\/uploads\/2026\/01\/steven-gaetjen-und-nina-eichinger-die-beiden-fuehrten-gemeinsam-durch-den-abend-im-bayerischen-hof.j.jpeg\" alt=\"Steven G\u00e4tjen und Nina Eichinger: Die beiden f\u00fchrten gemeinsam durch den Abend im &quot;Bayerischen Hof&quot;.\" title=\"Steven G\u00e4tjen und Nina Eichinger: Die beiden f\u00fchrten gemeinsam durch den Abend im &quot;Bayerischen Hof&quot;.\" width=\"3500\" height=\"1969\" class=\"bg-[url:var(--lqipURL)] bg-cover bg-center flex h-full w-full max-w-full\" decoding=\"async\"\/><img style=\"--width:32;--height:32\" loading=\"lazy\" src=\"https:\/\/muenchen.t-online.de\/s\/paper\/_next\/static\/media\/zoom-in.f7dae02f.svg\" alt=\"Vergr\u00f6\u00dfern des Bildes\" title=\"Vergr\u00f6\u00dfern des Bildes\" class=\"block h-[calc(var(--height)_\/_16_*_1rem)] w-[calc(var(--width)_\/_16_*_1rem)] max-w-none absolute bottom-8 right-8 rounded-4 bg-snow p-8\" decoding=\"async\"\/><\/a><\/p>\n<p>Steven G\u00e4tjen und Nina Eichinger: Die beiden f\u00fchrten gemeinsam durch den Abend im &#8222;Bayerischen Hof&#8220;. (Quelle: Imago\/Ervin Monn)<\/p>\n<p class=\"font-bold text-18 leading-17\">Nina Eichinger moderiert beim Deutschen Filmball. Am Ende ihrer Er\u00f6ffnungsrede wirft sie ihr Glas zu Boden. Hinter dieser Aktion steckt eine traurige Geschichte.<\/p>\n<p class=\"text-18 leading-17\">Beim Deutschen Filmball hat sich am Samstagabend die deutsche Prominenz aus Film und Fernsehen in M\u00fcnchen getroffen. Im Luxushotel &#8222;Bayerischer Hof&#8220; gaben sich unter anderem Uschi Glas, Heike Makatsch und Moritz Bleibtreu sowie Laura Wontorra, Annemarie Carpendale und Oliver Pocher auf dem roten Teppich die Ehre.<\/p>\n<p class=\"text-18 leading-17\">Durch den Abend f\u00fchrten die beiden Moderatoren Steven G\u00e4tjen und Nina Eichinger. Letztere r\u00fchrte die Anwesenden gleich zu Beginn der Veranstaltung mit einer emotionalen Geste. &#8222;Heute ist der 15. Todestag meines Vaters Bernd Eichinger&#8220;, erz\u00e4hlte die geb\u00fcrtige M\u00fcnchnerin laut der &#8222;Bild&#8220; auf der B\u00fchne vor den rund 1.000 G\u00e4sten des Balls.<\/p>\n<p class=\"text-18 leading-17\">Der bekannte Filmproduzent und Drehbuchautor Eichinger (Wir Kinder vom Bahnhof Zoo, Die unendliche Geschichte) war im Januar 2011 im Alter von 61 Jahren beim Abendessen in Los Angeles an einem Herzinfarkt gestorben. Dort hatte er einen Zweitwohnsitz. Ihr Vater sei daf\u00fcr bekannt gewesen, dass er es immer habe krachen lassen, f\u00fchrte seine Tochter laut &#8222;Bild&#8220; aus. &#8222;Das erwarte ich heute von euch&#8220;, wird sie weiter zitiert.<\/p>\n<p class=\"text-18 leading-17\">Dann \u2013 so berichtet es die &#8222;Bild&#8220; \u2013 habe Nina Eichinger ihr volles Champagnerglas auf den Boden geworfen und gerufen: &#8222;Scherben bringen Gl\u00fcck. Und das w\u00fcnsche ich auch der Filmbranche.&#8220; Daraufhin h\u00e4tten sich die ger\u00fchrten G\u00e4ste von ihren Pl\u00e4tzen erhoben und in Richtung Himmel geprostet.<\/p>\n<p class=\"text-18 leading-17\">Auf telefonische Anfrage der M\u00fcnchner Lokalredaktion von t-online am Sonntag konnte das Management von Nina Eichinger zur berichteten Aktion nichts sagen \u2013 man wollte jedoch versuchen, die 44-J\u00e4hrige f\u00fcr eine Stellungnahme zu erreichen, hie\u00df es. Bislang hat t-online jedoch keine R\u00fcckmeldung erhalten.<\/p>\n","protected":false},"excerpt":{"rendered":"Deutscher Filmball Moderatorin Nina Eichinger r\u00fchrt mit emotionaler Geste 25.01.2026 &#8211; 14:47 UhrLesedauer: 2 Min. Steven G\u00e4tjen und&hellip;\n","protected":false},"author":2,"featured_media":746423,"comment_status":"","ping_status":"","sticky":false,"template":"","format":"standard","meta":{"footnotes":"","_share_on_mastodon":"0"},"categories":[1776],"tags":[67842,75648,90770,1801,170043,29,214,146132,169399,30,1268,170044,1802,37090,226,215],"class_list":["post-746422","post","type-post","status-publish","format-standard","has-post-thumbnail","category-prominente","tag-67842","tag-bayerischer-hof","tag-bernd-eichinger","tag-celebrities","tag-deutscher-filmball","tag-deutschland","tag-entertainment","tag-eroeffnungsrede","tag-filmball","tag-germany","tag-muenchen","tag-nina-eichinger","tag-prominente","tag-steven-gaetjen","tag-t-online","tag-unterhaltung"],"share_on_mastodon":{"url":"https:\/\/pubeurope.com\/@de\/115957322638163628","error":""},"_links":{"self":[{"href":"https:\/\/www.europesays.com\/de\/wp-json\/wp\/v2\/posts\/746422","targetHints":{"allow":["GET"]}}],"collection":[{"href":"https:\/\/www.europesays.com\/de\/wp-json\/wp\/v2\/posts"}],"about":[{"href":"https:\/\/www.europesays.com\/de\/wp-json\/wp\/v2\/types\/post"}],"author":[{"embeddable":true,"href":"https:\/\/www.europesays.com\/de\/wp-json\/wp\/v2\/users\/2"}],"replies":[{"embeddable":true,"href":"https:\/\/www.europesays.com\/de\/wp-json\/wp\/v2\/comments?post=746422"}],"version-history":[{"count":0,"href":"https:\/\/www.europesays.com\/de\/wp-json\/wp\/v2\/posts\/746422\/revisions"}],"wp:featuredmedia":[{"embeddable":true,"href":"https:\/\/www.europesays.com\/de\/wp-json\/wp\/v2\/media\/746423"}],"wp:attachment":[{"href":"https:\/\/www.europesays.com\/de\/wp-json\/wp\/v2\/media?parent=746422"}],"wp:term":[{"taxonomy":"category","embeddable":true,"href":"https:\/\/www.europesays.com\/de\/wp-json\/wp\/v2\/categories?post=746422"},{"taxonomy":"post_tag","embeddable":true,"href":"https:\/\/www.europesays.com\/de\/wp-json\/wp\/v2\/tags?post=746422"}],"curies":[{"name":"wp","href":"https:\/\/api.w.org\/{rel}","templated":true}]}}