{"id":746719,"date":"2026-01-25T21:56:15","date_gmt":"2026-01-25T21:56:15","guid":{"rendered":"https:\/\/www.europesays.com\/de\/746719\/"},"modified":"2026-01-25T21:56:15","modified_gmt":"2026-01-25T21:56:15","slug":"mit-diesem-pitch-kam-es-zur-bestellung-4","status":"publish","type":"post","link":"https:\/\/www.europesays.com\/de\/746719\/","title":{"rendered":"Mit diesem Pitch kam es zur Bestellung"},"content":{"rendered":"<ol class=\"id-DonaldBreadcrumb lp_west_breadcrumb id-DonaldBreadcrumb--default\" data-k5a-pos=\"west_breadcrumb\">\n<li class=\"id-Breadcrumb-item\"><a href=\"https:\/\/www.serienjunkies.de\/\" class=\"id-Breadcrumb-link\" data-id-ec=\"{\" shn=\"\" textlink=\"\" data-k5a-pos=\"1_serienjunkies\" rel=\"nofollow noopener\" target=\"_blank\">serienjunkies<\/a><\/li>\n<li class=\"id-Breadcrumb-item\"><a href=\"https:\/\/www.serienjunkies.de\/news\/\" class=\"id-Breadcrumb-link\" data-id-ec=\"{\" shn=\"\" textlink=\"\" data-k5a-pos=\"2_news\" rel=\"nofollow noopener\" target=\"_blank\">News<\/a><\/li>\n<li class=\"id-Breadcrumb-item\"><a href=\"https:\/\/www.serienjunkies.de\/news\/serien\/\" class=\"id-Breadcrumb-link\" data-id-ec=\"{\" shn=\"\" textlink=\"\" data-k5a-pos=\"3_serien\" rel=\"nofollow noopener\" target=\"_blank\">Serien<\/a><\/li>\n<\/ol>\n<p class=\"id-Story-timestamp id-Story-timestamp--default\">Stand: 25.01.2026, 18:59 Uhr<\/p>\n<p class=\"id-Story-authors id-Story-authors--default\">Von: <a class=\"id-Story-authors-link lp_west_author\" href=\"https:\/\/www.serienjunkies.de\/autor\/bjarne-bock-bjk278jw.html\" title=\"Zur Autorenseite von Bjarne Bock\" data-id-ec=\"{\" shn=\"\" author-link=\"\" bock=\"\" data-k5a-pos=\"west_author\" rel=\"nofollow noopener\" target=\"_blank\">Bjarne Bock<\/a><\/p>\n<p class=\"id-Story-interactionBar id-Story-interactionBar--default\">DruckenTeilen<\/p>\n<p class=\"id-StoryElement-leadText\">Wie \u00fcberzeugt man einen Sender, eine der aufw\u00e4ndigsten Sci-Fi-Geschichten als Hochglanzserie zu adaptieren? Im Fall von \u201eFoundation\u201c hat ein Satz gereicht.<\/p>\n<p class=\"id-StoryElement-paragraph\"><a href=\"https:\/\/www.serienjunkies.de\/sender\/apple\/\" target=\"_blank\" class=\"id-import-Link\" data-id-ec=\"{&quot;sht&quot;:&quot;Container&quot;,&quot;shn&quot;:&quot;Story&quot;,&quot;p&quot;:{&quot;containerType&quot;:&quot;Paragraph&quot;,&quot;displayType&quot;:&quot;Paragraph InlineLink&quot;,&quot;type&quot;:&quot;INLINE_LINK&quot;,&quot;value&quot;:&quot;Apple TV&quot;,&quot;variant&quot;:&quot;standardLink&quot;,&quot;sponsored&quot;:false,&quot;linkHref&quot;:&quot;https:\/\/www.serienjunkies.de\/sender\/apple\/&quot;,&quot;storyElementPosition&quot;:8,&quot;storyElementCount&quot;:19}}\" rel=\"nofollow noopener\">Apple TV<\/a> gilt von allen Streaming-Anbietern seit ein paar Jahren als die zuverl\u00e4ssigste Adresse f\u00fcr gute Sci-Fi-Serien. Exemplarisch nennenswert sind \u201e<a href=\"https:\/\/www.serienjunkies.de\/for-all-mankind\/\" target=\"_blank\" class=\"id-import-Link\" data-id-ec=\"{&quot;sht&quot;:&quot;Container&quot;,&quot;shn&quot;:&quot;Story&quot;,&quot;p&quot;:{&quot;containerType&quot;:&quot;Paragraph&quot;,&quot;displayType&quot;:&quot;Paragraph InlineLink&quot;,&quot;type&quot;:&quot;INLINE_LINK&quot;,&quot;value&quot;:&quot;For All Mankind&quot;,&quot;variant&quot;:&quot;standardLink&quot;,&quot;sponsored&quot;:false,&quot;linkHref&quot;:&quot;https:\/\/www.serienjunkies.de\/for-all-mankind\/&quot;,&quot;storyElementPosition&quot;:8,&quot;storyElementCount&quot;:19}}\" rel=\"nofollow noopener\">For All Mankind<\/a>\u201c, \u201e<a href=\"https:\/\/www.serienjunkies.de\/severance\/\" target=\"_blank\" class=\"id-import-Link\" data-id-ec=\"{&quot;sht&quot;:&quot;Container&quot;,&quot;shn&quot;:&quot;Story&quot;,&quot;p&quot;:{&quot;containerType&quot;:&quot;Paragraph&quot;,&quot;displayType&quot;:&quot;Paragraph InlineLink&quot;,&quot;type&quot;:&quot;INLINE_LINK&quot;,&quot;value&quot;:&quot;Severance&quot;,&quot;variant&quot;:&quot;standardLink&quot;,&quot;sponsored&quot;:false,&quot;linkHref&quot;:&quot;https:\/\/www.serienjunkies.de\/severance\/&quot;,&quot;storyElementPosition&quot;:8,&quot;storyElementCount&quot;:19}}\" rel=\"nofollow noopener\">Severance<\/a>\u201c, \u201e<a href=\"https:\/\/www.serienjunkies.de\/wool\/\" target=\"_blank\" class=\"id-import-Link\" data-id-ec=\"{&quot;sht&quot;:&quot;Container&quot;,&quot;shn&quot;:&quot;Story&quot;,&quot;p&quot;:{&quot;containerType&quot;:&quot;Paragraph&quot;,&quot;displayType&quot;:&quot;Paragraph InlineLink&quot;,&quot;type&quot;:&quot;INLINE_LINK&quot;,&quot;value&quot;:&quot;Silo&quot;,&quot;variant&quot;:&quot;standardLink&quot;,&quot;sponsored&quot;:false,&quot;linkHref&quot;:&quot;https:\/\/www.serienjunkies.de\/wool\/&quot;,&quot;storyElementPosition&quot;:8,&quot;storyElementCount&quot;:19}}\" rel=\"nofollow noopener\">Silo<\/a>\u201c, \u201e<a href=\"https:\/\/www.serienjunkies.de\/see\/\" target=\"_blank\" class=\"id-import-Link\" data-id-ec=\"{&quot;sht&quot;:&quot;Container&quot;,&quot;shn&quot;:&quot;Story&quot;,&quot;p&quot;:{&quot;containerType&quot;:&quot;Paragraph&quot;,&quot;displayType&quot;:&quot;Paragraph InlineLink&quot;,&quot;type&quot;:&quot;INLINE_LINK&quot;,&quot;value&quot;:&quot;See&quot;,&quot;variant&quot;:&quot;standardLink&quot;,&quot;sponsored&quot;:false,&quot;linkHref&quot;:&quot;https:\/\/www.serienjunkies.de\/see\/&quot;,&quot;storyElementPosition&quot;:8,&quot;storyElementCount&quot;:19}}\" rel=\"nofollow noopener\">See<\/a>\u201c, \u201e<a href=\"https:\/\/www.serienjunkies.de\/hello-tomorrow\/\" target=\"_blank\" class=\"id-import-Link\" data-id-ec=\"{&quot;sht&quot;:&quot;Container&quot;,&quot;shn&quot;:&quot;Story&quot;,&quot;p&quot;:{&quot;containerType&quot;:&quot;Paragraph&quot;,&quot;displayType&quot;:&quot;Paragraph InlineLink&quot;,&quot;type&quot;:&quot;INLINE_LINK&quot;,&quot;value&quot;:&quot;Hello Tomorrow!&quot;,&quot;variant&quot;:&quot;standardLink&quot;,&quot;sponsored&quot;:false,&quot;linkHref&quot;:&quot;https:\/\/www.serienjunkies.de\/hello-tomorrow\/&quot;,&quot;storyElementPosition&quot;:8,&quot;storyElementCount&quot;:19}}\" rel=\"nofollow noopener\">Hello Tomorrow!<\/a>\u201c, \u201e<a href=\"https:\/\/www.serienjunkies.de\/dark-matter-2024\/\" target=\"_blank\" class=\"id-import-Link\" data-id-ec=\"{&quot;sht&quot;:&quot;Container&quot;,&quot;shn&quot;:&quot;Story&quot;,&quot;p&quot;:{&quot;containerType&quot;:&quot;Paragraph&quot;,&quot;displayType&quot;:&quot;Paragraph InlineLink&quot;,&quot;type&quot;:&quot;INLINE_LINK&quot;,&quot;value&quot;:&quot;Dark Matter&quot;,&quot;variant&quot;:&quot;standardLink&quot;,&quot;sponsored&quot;:false,&quot;linkHref&quot;:&quot;https:\/\/www.serienjunkies.de\/dark-matter-2024\/&quot;,&quot;storyElementPosition&quot;:8,&quot;storyElementCount&quot;:19}}\" rel=\"nofollow noopener\">Dark Matter<\/a>\u201c, \u201e<a href=\"https:\/\/www.serienjunkies.de\/monarch-legacy-of-monsters\/\" target=\"_blank\" class=\"id-import-Link\" data-id-ec=\"{&quot;sht&quot;:&quot;Container&quot;,&quot;shn&quot;:&quot;Story&quot;,&quot;p&quot;:{&quot;containerType&quot;:&quot;Paragraph&quot;,&quot;displayType&quot;:&quot;Paragraph InlineLink&quot;,&quot;type&quot;:&quot;INLINE_LINK&quot;,&quot;value&quot;:&quot;Monarch: Legacy of Monsters&quot;,&quot;variant&quot;:&quot;standardLink&quot;,&quot;sponsored&quot;:false,&quot;linkHref&quot;:&quot;https:\/\/www.serienjunkies.de\/monarch-legacy-of-monsters\/&quot;,&quot;storyElementPosition&quot;:8,&quot;storyElementCount&quot;:19}}\" rel=\"nofollow noopener\">Monarch: Legacy of Monsters<\/a>\u201c, \u201e<a href=\"https:\/\/www.serienjunkies.de\/sunny\/\" target=\"_blank\" class=\"id-import-Link\" data-id-ec=\"{&quot;sht&quot;:&quot;Container&quot;,&quot;shn&quot;:&quot;Story&quot;,&quot;p&quot;:{&quot;containerType&quot;:&quot;Paragraph&quot;,&quot;displayType&quot;:&quot;Paragraph InlineLink&quot;,&quot;type&quot;:&quot;INLINE_LINK&quot;,&quot;value&quot;:&quot;Sunny&quot;,&quot;variant&quot;:&quot;standardLink&quot;,&quot;sponsored&quot;:false,&quot;linkHref&quot;:&quot;https:\/\/www.serienjunkies.de\/sunny\/&quot;,&quot;storyElementPosition&quot;:8,&quot;storyElementCount&quot;:19}}\" rel=\"nofollow noopener\">Sunny<\/a>\u201c, \u201e<a href=\"https:\/\/www.serienjunkies.de\/murderbot\/\" target=\"_blank\" class=\"id-import-Link\" data-id-ec=\"{&quot;sht&quot;:&quot;Container&quot;,&quot;shn&quot;:&quot;Story&quot;,&quot;p&quot;:{&quot;containerType&quot;:&quot;Paragraph&quot;,&quot;displayType&quot;:&quot;Paragraph InlineLink&quot;,&quot;type&quot;:&quot;INLINE_LINK&quot;,&quot;value&quot;:&quot;Murderbot&quot;,&quot;variant&quot;:&quot;standardLink&quot;,&quot;sponsored&quot;:false,&quot;linkHref&quot;:&quot;https:\/\/www.serienjunkies.de\/murderbot\/&quot;,&quot;storyElementPosition&quot;:8,&quot;storyElementCount&quot;:19}}\" rel=\"nofollow noopener\">Murderbot<\/a>\u201c und zuletzt \u201e<a href=\"https:\/\/www.serienjunkies.de\/pluribus\/\" target=\"_blank\" class=\"id-import-Link\" data-id-ec=\"{&quot;sht&quot;:&quot;Container&quot;,&quot;shn&quot;:&quot;Story&quot;,&quot;p&quot;:{&quot;containerType&quot;:&quot;Paragraph&quot;,&quot;displayType&quot;:&quot;Paragraph InlineLink&quot;,&quot;type&quot;:&quot;INLINE_LINK&quot;,&quot;value&quot;:&quot;Pluribus&quot;,&quot;variant&quot;:&quot;standardLink&quot;,&quot;sponsored&quot;:false,&quot;linkHref&quot;:&quot;https:\/\/www.serienjunkies.de\/pluribus\/&quot;,&quot;storyElementPosition&quot;:8,&quot;storyElementCount&quot;:19}}\" rel=\"nofollow noopener\">Pluribus<\/a>\u201c. Kenner werden schon bemerkt haben, dass ein Titel hier noch fehlt: \u201e<a href=\"https:\/\/www.serienjunkies.de\/foundation\/\" target=\"_blank\" class=\"id-import-Link\" data-id-ec=\"{&quot;sht&quot;:&quot;Container&quot;,&quot;shn&quot;:&quot;Story&quot;,&quot;p&quot;:{&quot;containerType&quot;:&quot;Paragraph&quot;,&quot;displayType&quot;:&quot;Paragraph InlineLink&quot;,&quot;type&quot;:&quot;INLINE_LINK&quot;,&quot;value&quot;:&quot;Foundation&quot;,&quot;variant&quot;:&quot;standardLink&quot;,&quot;sponsored&quot;:false,&quot;linkHref&quot;:&quot;https:\/\/www.serienjunkies.de\/foundation\/&quot;,&quot;storyElementPosition&quot;:8,&quot;storyElementCount&quot;:19}}\" rel=\"nofollow noopener\">Foundation<\/a>\u201c, David S. Goyers Adaption der hochkomplexen Vorlage von Isaac Asimov.<\/p>\n<p><img decoding=\"async\" class=\"id-RatioPlaceholder-element wv_story_el_image\" src=\"https:\/\/www.europesays.com\/de\/wp-content\/uploads\/2026\/01\/41199846-szenenbild-der-sci-fi-serie-foundation-2picu5GX0jBG.jpg\" loading=\"lazy\"   height=\"619\" width=\"1100\" alt=\"Szenenbild der Sci-Fi-Serie &#x201E;Foundation&#x201C;\"\/>Szenenbild der Sci-Fi-Serie \u201eFoundation\u201c \u00a9\u00a0Apple TV \/ Stephan Martiniere<\/p>\n<p class=\"id-StoryElement-paragraph\">Seit dem Serienstart im September 2021 sind von der teuren Produktion (mit Stars wie <a href=\"https:\/\/www.serienjunkies.de\/person\/lee-pace\/22050\/\" target=\"_blank\" class=\"id-import-Link\" data-id-ec=\"{&quot;sht&quot;:&quot;Container&quot;,&quot;shn&quot;:&quot;Story&quot;,&quot;p&quot;:{&quot;containerType&quot;:&quot;Paragraph&quot;,&quot;displayType&quot;:&quot;Paragraph InlineLink&quot;,&quot;type&quot;:&quot;INLINE_LINK&quot;,&quot;value&quot;:&quot;Lee Pace&quot;,&quot;variant&quot;:&quot;standardLink&quot;,&quot;sponsored&quot;:false,&quot;linkHref&quot;:&quot;https:\/\/www.serienjunkies.de\/person\/lee-pace\/22050\/&quot;,&quot;storyElementPosition&quot;:11,&quot;storyElementCount&quot;:19}}\" rel=\"nofollow noopener\">Lee Pace<\/a>, <a href=\"https:\/\/www.serienjunkies.de\/person\/jared-harris\/15777\/\" target=\"_blank\" class=\"id-import-Link\" data-id-ec=\"{&quot;sht&quot;:&quot;Container&quot;,&quot;shn&quot;:&quot;Story&quot;,&quot;p&quot;:{&quot;containerType&quot;:&quot;Paragraph&quot;,&quot;displayType&quot;:&quot;Paragraph InlineLink&quot;,&quot;type&quot;:&quot;INLINE_LINK&quot;,&quot;value&quot;:&quot;Jared Harris&quot;,&quot;variant&quot;:&quot;standardLink&quot;,&quot;sponsored&quot;:false,&quot;linkHref&quot;:&quot;https:\/\/www.serienjunkies.de\/person\/jared-harris\/15777\/&quot;,&quot;storyElementPosition&quot;:11,&quot;storyElementCount&quot;:19}}\" rel=\"nofollow noopener\">Jared Harris<\/a> und <a href=\"https:\/\/www.serienjunkies.de\/person\/lou-llobell\/691910\/\" target=\"_blank\" class=\"id-import-Link\" data-id-ec=\"{&quot;sht&quot;:&quot;Container&quot;,&quot;shn&quot;:&quot;Story&quot;,&quot;p&quot;:{&quot;containerType&quot;:&quot;Paragraph&quot;,&quot;displayType&quot;:&quot;Paragraph InlineLink&quot;,&quot;type&quot;:&quot;INLINE_LINK&quot;,&quot;value&quot;:&quot;Lou Llobell&quot;,&quot;variant&quot;:&quot;standardLink&quot;,&quot;sponsored&quot;:false,&quot;linkHref&quot;:&quot;https:\/\/www.serienjunkies.de\/person\/lou-llobell\/691910\/&quot;,&quot;storyElementPosition&quot;:11,&quot;storyElementCount&quot;:19}}\" rel=\"nofollow noopener\">Lou Llobell<\/a>) schon drei Staffeln erschienen. Im Schnitt kommt \u201eFoundation\u201c auf einen Kritiker-Score von beachtlichen 87 Prozent beim Review-Aggregator Rotten Tomatoes (<a href=\"https:\/\/www.serienjunkies.de\/foundation\/season2.html\" target=\"_blank\" class=\"id-import-Link\" data-id-ec=\"{&quot;sht&quot;:&quot;Container&quot;,&quot;shn&quot;:&quot;Story&quot;,&quot;p&quot;:{&quot;containerType&quot;:&quot;Paragraph&quot;,&quot;displayType&quot;:&quot;Paragraph InlineLink&quot;,&quot;type&quot;:&quot;INLINE_LINK&quot;,&quot;value&quot;:&quot;Staffel 2&quot;,&quot;variant&quot;:&quot;standardLink&quot;,&quot;sponsored&quot;:false,&quot;linkHref&quot;:&quot;https:\/\/www.serienjunkies.de\/foundation\/season2.html&quot;,&quot;storyElementPosition&quot;:11,&quot;storyElementCount&quot;:19}}\" rel=\"nofollow noopener\">Staffel 2<\/a> h\u00e4lt sogar 100 Prozent). Doch wie kam es \u00fcberhaupt dazu? <a href=\"https:\/\/www.serienjunkies.de\/vod\/out\/f7165d49ab83bf927c5be28fc046ee65fc27952bdc20703469788fc6458c8d57\" rel=\"sponsored nofollow noopener\" target=\"_blank\" class=\"id-import-Link\" data-id-ec=\"{&quot;sht&quot;:&quot;Container&quot;,&quot;shn&quot;:&quot;Story&quot;,&quot;p&quot;:{&quot;containerType&quot;:&quot;Paragraph&quot;,&quot;displayType&quot;:&quot;Paragraph InlineLink&quot;,&quot;type&quot;:&quot;INLINE_LINK&quot;,&quot;value&quot;:&quot;Jetzt das Angebot von Apple TV entdecken&quot;,&quot;variant&quot;:&quot;standardLink&quot;,&quot;sponsored&quot;:true,&quot;linkHref&quot;:&quot;https:\/\/www.serienjunkies.de\/vod\/out\/f7165d49ab83bf927c5be28fc046ee65fc27952bdc20703469788fc6458c8d57&quot;,&quot;storyElementPosition&quot;:11,&quot;storyElementCount&quot;:19}}\">Jetzt das Angebot von Apple TV entdecken<\/a> (Affiliate-Link).<\/p>\n<p>Das war der perfekte Pitch f\u00fcr \u201eFoundation\u201c bei Apple TV<\/p>\n<p class=\"id-StoryElement-paragraph\"><a href=\"https:\/\/www.hollywoodreporter.com\/movies\/movie-features\/david-s-goyer-interview-1234983774\/\" rel=\"nofollow noopener\" target=\"_blank\" class=\"id-import-Link id-pageApi-Link--externalDomain\" data-id-ec=\"{&quot;sht&quot;:&quot;Container&quot;,&quot;shn&quot;:&quot;Story&quot;,&quot;p&quot;:{&quot;containerType&quot;:&quot;Paragraph&quot;,&quot;displayType&quot;:&quot;Paragraph InlineLink&quot;,&quot;type&quot;:&quot;INLINE_LINK&quot;,&quot;value&quot;:&quot;In einem Interview&quot;,&quot;variant&quot;:&quot;standardLink&quot;,&quot;sponsored&quot;:false,&quot;linkHref&quot;:&quot;https:\/\/www.hollywoodreporter.com\/movies\/movie-features\/david-s-goyer-interview-1234983774\/&quot;,&quot;storyElementPosition&quot;:13,&quot;storyElementCount&quot;:19}}\">In einem Interview<\/a> mit The Hollywood Reporter erinnerte sich Goyer vor ein paar Jahren daran, mit welchem Pitch er Apple sein Projekt verkauft hat. Ein Satz soll laut dem <a href=\"https:\/\/www.serienjunkies.de\/glossar\/showrunner.html\" target=\"_blank\" class=\"id-import-Link\" data-id-ec=\"{&quot;sht&quot;:&quot;Container&quot;,&quot;shn&quot;:&quot;Story&quot;,&quot;p&quot;:{&quot;containerType&quot;:&quot;Paragraph&quot;,&quot;displayType&quot;:&quot;Paragraph InlineLink&quot;,&quot;type&quot;:&quot;INLINE_LINK&quot;,&quot;value&quot;:&quot;Showrunner&quot;,&quot;variant&quot;:&quot;standardLink&quot;,&quot;sponsored&quot;:false,&quot;linkHref&quot;:&quot;https:\/\/www.serienjunkies.de\/glossar\/showrunner.html&quot;,&quot;storyElementPosition&quot;:13,&quot;storyElementCount&quot;:19}}\" rel=\"nofollow noopener\">Showrunner<\/a> gen\u00fcgt haben: \u201eEs ist ein tausendj\u00e4hriges Schachspiel zwischen Hari Seldon und dem Imperium; und all die Charaktere, die dazwischenstehen, sind wie Bauern, obwohl manche der Bauern im Lauf der Saga K\u00f6nige und K\u00f6niginnen werden.\u201c<\/p>\n<p class=\"id-StoryElement-paragraph\">Es d\u00fcrfte wahrscheinlich auch nicht geschadet haben, dass viele damals \u201eFoundation\u201c schon als eine Art \u201e<a href=\"https:\/\/www.serienjunkies.de\/game-of-thrones\/\" target=\"_blank\" class=\"id-import-Link\" data-id-ec=\"{&quot;sht&quot;:&quot;Container&quot;,&quot;shn&quot;:&quot;Story&quot;,&quot;p&quot;:{&quot;containerType&quot;:&quot;Paragraph&quot;,&quot;displayType&quot;:&quot;Paragraph InlineLink&quot;,&quot;type&quot;:&quot;INLINE_LINK&quot;,&quot;value&quot;:&quot;Game of Thrones&quot;,&quot;variant&quot;:&quot;standardLink&quot;,&quot;sponsored&quot;:false,&quot;linkHref&quot;:&quot;https:\/\/www.serienjunkies.de\/game-of-thrones\/&quot;,&quot;storyElementPosition&quot;:15,&quot;storyElementCount&quot;:19}}\" rel=\"nofollow noopener\">Game of Thrones<\/a>\u201c im Weltall bezeichnet haben. Sender und Studios scheuen sich oft davor, komplexe Welten auf die Bildschirme zu bringen, weil dies mit hohen Kosten verbunden ist und manche Zuschauer \u00fcberfordern k\u00f6nnte \u2013 oder vielleicht eingefleischte Fans der Vorlage entt\u00e4uschen. Doch das genannte Fantasy-Spektakel ist das Paradebeispiel daf\u00fcr, dass sich solch ein mutiges Unterfangen auszahlen kann.<\/p>\n<p>Von \u201eTed Lasso\u201c bis \u201eFoundation\u201c: Diese Serien auf Apple TV+ m\u00fcssen Sie gesehen haben<img decoding=\"async\" class=\"id-RatioPlaceholder-element wv_story_el_interstitialImage\" src=\"https:\/\/www.europesays.com\/de\/wp-content\/uploads\/2025\/10\/39996047-die-besten-serien-auf-apple-tv-ufe.jpg\" loading=\"lazy\"   height=\"1125\" width=\"2000\" alt=\"Die besten Serien auf Apple TV+\"\/><a href=\"https:\/\/www.serienjunkies.de\/news\/storys\/begeistern-25-original-serien-auf-apple-tv-die-kritiker-und-fans-zr-93974094.html\" class=\"id-StoryElement-intestitialLink-link\" data-id-ec=\"{\" shn=\"\" ansehen=\"\" data-k5a-pos=\"west_story_15_photoGalleryLink\" title=\"Zur Fotostrecke: Von &#x201E;Ted Lasso&#x201C; bis &#x201E;Foundation&#x201C;: Diese Serien auf Apple TV+ m&#xFC;ssen Sie gesehen haben\" rel=\"nofollow noopener\" target=\"_blank\">Fotostrecke ansehen<\/a><\/p>\n<p class=\"id-StoryElement-paragraph\">Nach eigenen Aussagen sei es f\u00fcr Goyer die schwierigste Herausforderung gewesen, \u201eFoundation\u201c als Serie emotional anzureichern, weil er die B\u00fccher als eher n\u00fcchtern geschrieben wahrgenommen habe. Die Geschichte handelt von einer galaktischen Zivilisation vor dem Kollaps. Der Mathematiker Hari Seldon prophezeit mit seiner \u201ePsychohistorik\u201c den Untergang des Imperiums und gr\u00fcndet die Foundation, um das Wissen der Menschheit zu bewahren. Die Serie zeigt eine Gruppe Ausgesto\u00dfener, die versuchen, die menschliche Zivilisation zu retten und neu aufzubauen.<\/p>\n<p class=\"id-StoryElement-paragraph\">Inzwischen ist auch schon eine <a href=\"https:\/\/www.serienjunkies.de\/news\/serien\/sci-fi-epos-von-apple-tv-bekommt-weitere-staffel-doch-eine-sache-veraenderung-gibt-es-93931104.html\" class=\"id-import-Link\" data-id-ec=\"{&quot;sht&quot;:&quot;Container&quot;,&quot;shn&quot;:&quot;Story&quot;,&quot;p&quot;:{&quot;containerType&quot;:&quot;Paragraph&quot;,&quot;displayType&quot;:&quot;Paragraph InlineLink&quot;,&quot;type&quot;:&quot;INLINE_LINK&quot;,&quot;value&quot;:&quot;vierte Staffel von &#x201E;Foundation&#x201C; bestellt, doch Goyer steigt als Serienchef tats&#xE4;chlich aus&quot;,&quot;variant&quot;:&quot;standardLink&quot;,&quot;sponsored&quot;:false,&quot;linkHref&quot;:&quot;https:\/\/www.serienjunkies.de\/news\/serien\/sci-fi-epos-von-apple-tv-bekommt-weitere-staffel-doch-eine-sache-veraenderung-gibt-es-93931104.html&quot;,&quot;storyElementPosition&quot;:19,&quot;storyElementCount&quot;:19}}\" rel=\"nofollow noopener\" target=\"_blank\">vierte Staffel von \u201eFoundation\u201c bestellt, doch Goyer steigt als Serienchef tats\u00e4chlich aus<\/a>. Nun m\u00fcssen andere die kreativen Z\u00fcgel \u00fcbernehmen und versuchen, seine gro\u00dfe Vision umzusetzen. Denn im besten Fall sollen \u2013 genau wie bei \u201eGame of Thrones\u201c \u2013 ganze acht Staffeln zustande kommen. Doch Apple entscheidet von Jahr zu Jahr, wie sehr sie noch an den Pitch von damals glauben.<\/p>\n","protected":false},"excerpt":{"rendered":"serienjunkies News Serien Stand: 25.01.2026, 18:59 Uhr Von: Bjarne Bock DruckenTeilen Wie \u00fcberzeugt man einen Sender, eine der&hellip;\n","protected":false},"author":2,"featured_media":742685,"comment_status":"","ping_status":"","sticky":false,"template":"","format":"standard","meta":{"footnotes":"","_share_on_mastodon":"0"},"categories":[1773],"tags":[29,214,30,471,1780,215],"class_list":["post-746719","post","type-post","status-publish","format-standard","has-post-thumbnail","category-serien","tag-deutschland","tag-entertainment","tag-germany","tag-serien","tag-series","tag-unterhaltung"],"share_on_mastodon":{"url":"https:\/\/pubeurope.com\/@de\/115957975402622188","error":""},"_links":{"self":[{"href":"https:\/\/www.europesays.com\/de\/wp-json\/wp\/v2\/posts\/746719","targetHints":{"allow":["GET"]}}],"collection":[{"href":"https:\/\/www.europesays.com\/de\/wp-json\/wp\/v2\/posts"}],"about":[{"href":"https:\/\/www.europesays.com\/de\/wp-json\/wp\/v2\/types\/post"}],"author":[{"embeddable":true,"href":"https:\/\/www.europesays.com\/de\/wp-json\/wp\/v2\/users\/2"}],"replies":[{"embeddable":true,"href":"https:\/\/www.europesays.com\/de\/wp-json\/wp\/v2\/comments?post=746719"}],"version-history":[{"count":0,"href":"https:\/\/www.europesays.com\/de\/wp-json\/wp\/v2\/posts\/746719\/revisions"}],"wp:featuredmedia":[{"embeddable":true,"href":"https:\/\/www.europesays.com\/de\/wp-json\/wp\/v2\/media\/742685"}],"wp:attachment":[{"href":"https:\/\/www.europesays.com\/de\/wp-json\/wp\/v2\/media?parent=746719"}],"wp:term":[{"taxonomy":"category","embeddable":true,"href":"https:\/\/www.europesays.com\/de\/wp-json\/wp\/v2\/categories?post=746719"},{"taxonomy":"post_tag","embeddable":true,"href":"https:\/\/www.europesays.com\/de\/wp-json\/wp\/v2\/tags?post=746719"}],"curies":[{"name":"wp","href":"https:\/\/api.w.org\/{rel}","templated":true}]}}