{"id":746826,"date":"2026-01-25T23:01:13","date_gmt":"2026-01-25T23:01:13","guid":{"rendered":"https:\/\/www.europesays.com\/de\/746826\/"},"modified":"2026-01-25T23:01:13","modified_gmt":"2026-01-25T23:01:13","slug":"pol-f-260125-0107-frankfurt-gutleutviertel-vermisste-person","status":"publish","type":"post","link":"https:\/\/www.europesays.com\/de\/746826\/","title":{"rendered":"POL-F: 260125 &#8211; 0107 Frankfurt &#8211; Gutleutviertel: Vermisste Person"},"content":{"rendered":"<p class=\"date\">25.01.2026 \u2013 23:50<\/p>\n<p class=\"customer\">\n                        <a class=\"story-customer\" title=\"weiter zum newsroom von Polizeipr\u00e4sidium Frankfurt am Main\" href=\"https:\/\/www.presseportal.de\/blaulicht\/nr\/4970\" rel=\"nofollow noopener\" target=\"_blank\">Polizeipr\u00e4sidium Frankfurt am Main<\/a>\n                    <\/p>\n<p><a class=\"glightbox event-trigger\" href=\"https:\/\/cache.pressmailing.net\/thumbnail\/story_hires\/8714b3d4-b217-4080-822f-864f62baba0a\/Fr.K..jpg.jpg\" data-description=\"Fr. K.\" data-category=\"medialightbox\" data-action=\"click\" data-label=\"single\" data-value=\"69769e2e270000fd2c8922cd\" rel=\"nofollow noopener\" target=\"_blank\"><img decoding=\"async\" height=\"540\" with=\"720\" src=\"https:\/\/www.europesays.com\/de\/wp-content\/uploads\/2026\/01\/pol-f-260125-0107-frankfurt-gutleutviertel-vermisste-person.jpeg\"   alt=\"POL-F: 260125 - 0107 Frankfurt - Gutleutviertel: Vermisste Person\" class=\"single\"\/><\/a><\/p>\n<p><a data-category=\"citylink-story-view\" data-action=\"click\" data-label=\"Citylink in Meldungsansicht\" class=\"story-city event-trigger\" href=\"https:\/\/www.presseportal.de\/regional\/Frankfurt\" title=\"News aus Frankfurt \" rel=\"nofollow noopener\" target=\"_blank\">Frankfurt<\/a> (ots)<\/p>\n<p>(r\u00fc) Seit Sonntagabend (25. Januar 2026), gegen 18:00 Uhr, wird die 65- j\u00e4hrige Renate K. aus dem Frankfurter Gutleutviertel vermisst.<\/p>\n<p>Letztmalig wurde sie heute gegen 18:00 Uhr im Bereich der Gutleutstra\u00dfe gesehen. Frau K. ist in ihrer r\u00e4umlichen Orientierung und in ihrer Merkf\u00e4higkeit eingeschr\u00e4nkt.<\/p>\n<p>Zum Aussehen von Frau K. liegen folgende Informationen vor:<\/p>\n<p>Ca. 160 cm gro\u00df, leicht korpulente Statur, kurze braune Haare und eine altersgerechte Erscheinung.<\/p>\n<p>Zeugen, die sachdienliche Hinweise zum Aufenthaltsort von Renate K. geben k\u00f6nnen werden gebeten, sich mit der Kriminalpolizei unter der Rufnummer 069 \/ 755 &#8211;  51199 oder jeder anderen Polizeidienststelle in Verbindung zu setzen.<\/p>\n<p class=\"contact-headline\">R\u00fcckfragen bitte an:<\/p>\n<p class=\"contact-text\">Polizeipr\u00e4sidium Frankfurt am Main<br \/>Pressestelle<br \/>Adickesallee 70<br \/>60322 Frankfurt am Main<br \/>Telefon: 069 \/ 755-82110 (CvD)<br \/>Fax: 069 \/ 755-82009<br \/>E-Mail: <a href=\"https:\/\/www.presseportal.de\/blaulicht\/pm\/4970\/mailto: pressestelle.ppffm@polizei.hessen.de\" class=\"uri-mailto\" rel=\"nofollow noopener\" target=\"_blank\"> pressestelle.ppffm@polizei.hessen.de<\/a><br \/>Homepage Polizeipr\u00e4sidium Ffm.: <a target=\"_blank\" class=\"uri-ext outbound\" rel=\"noopener nofollow\" href=\"http:\/\/www.polizei.hessen.de\/ppffm\">http:\/\/www.polizei.hessen.de\/ppffm<\/a><\/p>\n<p class=\"originator\">Original-Content von: Polizeipr\u00e4sidium Frankfurt am Main, \u00fcbermittelt durch news aktuell<\/p>\n","protected":false},"excerpt":{"rendered":"25.01.2026 \u2013 23:50 Polizeipr\u00e4sidium Frankfurt am Main Frankfurt (ots) (r\u00fc) Seit Sonntagabend (25. Januar 2026), gegen 18:00 Uhr,&hellip;\n","protected":false},"author":2,"featured_media":746827,"comment_status":"","ping_status":"","sticky":false,"template":"","format":"standard","meta":{"footnotes":"","_share_on_mastodon":"0"},"categories":[1829],"tags":[29,2050,2051,30,1087,2052,177,121,178,180,179,181],"class_list":["post-746826","post","type-post","status-publish","format-standard","has-post-thumbnail","category-frankfurt-am-main","tag-deutschland","tag-frankfurt","tag-frankfurt-am-main","tag-germany","tag-he","tag-hessen","tag-kriminalitt","tag-polizei","tag-presse","tag-pressemeldung","tag-pressemitteilung","tag-pressemitteilungen"],"share_on_mastodon":{"url":"https:\/\/pubeurope.com\/@de\/115958230875882949","error":""},"_links":{"self":[{"href":"https:\/\/www.europesays.com\/de\/wp-json\/wp\/v2\/posts\/746826","targetHints":{"allow":["GET"]}}],"collection":[{"href":"https:\/\/www.europesays.com\/de\/wp-json\/wp\/v2\/posts"}],"about":[{"href":"https:\/\/www.europesays.com\/de\/wp-json\/wp\/v2\/types\/post"}],"author":[{"embeddable":true,"href":"https:\/\/www.europesays.com\/de\/wp-json\/wp\/v2\/users\/2"}],"replies":[{"embeddable":true,"href":"https:\/\/www.europesays.com\/de\/wp-json\/wp\/v2\/comments?post=746826"}],"version-history":[{"count":0,"href":"https:\/\/www.europesays.com\/de\/wp-json\/wp\/v2\/posts\/746826\/revisions"}],"wp:featuredmedia":[{"embeddable":true,"href":"https:\/\/www.europesays.com\/de\/wp-json\/wp\/v2\/media\/746827"}],"wp:attachment":[{"href":"https:\/\/www.europesays.com\/de\/wp-json\/wp\/v2\/media?parent=746826"}],"wp:term":[{"taxonomy":"category","embeddable":true,"href":"https:\/\/www.europesays.com\/de\/wp-json\/wp\/v2\/categories?post=746826"},{"taxonomy":"post_tag","embeddable":true,"href":"https:\/\/www.europesays.com\/de\/wp-json\/wp\/v2\/tags?post=746826"}],"curies":[{"name":"wp","href":"https:\/\/api.w.org\/{rel}","templated":true}]}}