{"id":746850,"date":"2026-01-25T23:14:18","date_gmt":"2026-01-25T23:14:18","guid":{"rendered":"https:\/\/www.europesays.com\/de\/746850\/"},"modified":"2026-01-25T23:14:18","modified_gmt":"2026-01-25T23:14:18","slug":"dschungelcamp-2026-wer-ist-ariel-alter-vater-ex-freund-giuliano-kind-co","status":"publish","type":"post","link":"https:\/\/www.europesays.com\/de\/746850\/","title":{"rendered":"Dschungelcamp 2026: Wer ist Ariel? Alter, Vater, Ex-Freund Giuliano, Kind &#038; Co."},"content":{"rendered":"<p>Dschungelcamp-Kandidatin 2026Ariel will im Dschungel ihre \u00c4ngste \u00fcberwinden<\/p>\n<p>02:58 min<\/p>\n<p>\u201eIch bin ein Star holt mich hier raus\u201c<\/p>\n<p>Dschungelcamp 2026! Dieser Schicksalsschlag macht Ariel schwer zu schaffen<\/p>\n<p>25. Januar 2026 um 19:30 Uhr<\/p>\n<p class=\"AnnotatedMarkup_paragraph__IUT9l\">Reifer, blonder \u2013 und trotzdem das K\u00fcken im Camp!<br \/>Ja, sie ist die j\u00fcngste Teilnehmerin, wenn es ab dem 23. Januar 2026 endlich wieder hei\u00dft: \u201eIch bin ein Star \u2013 Holt mich hier raus!\u201d. F\u00fcr Reality-Star Ariel (22) ist das aber normal: \u201eIch bin meistens die J\u00fcngste, trotzdem lass ich mir gar nix sagen!\u201d. Was ihr unabh\u00e4ngig vom Alter in Australien zu schaffen machen k\u00f6nnte, verr\u00e4t die Dschungelcamperin oben im Video!<\/p>\n<p>Dschungelcamp-Kandidatin Ariel im Schnellcheck<img alt=\"Ariel (22) im Dschungelcamp.\" fetchpriority=\"auto\" loading=\"lazy\" width=\"940\" height=\"529\" decoding=\"async\" data-nimg=\"1\" class=\"Image_image__SdgLQ Picture_image__vGN9W\" style=\"color:transparent\"   src=\"https:\/\/www.europesays.com\/de\/wp-content\/uploads\/2026\/01\/1769283673_565_8f4c6.webp.webp\"\/><\/p>\n<p>Ariel (22) macht 2026 das Dschungelcamp unsicher.<\/p>\n<p>RTL<\/p>\n<ul class=\"BulletedList_ul__9tzYn\">\n<li class=\"BulletedList_li__361p2\">\n<p class=\"AnnotatedMarkup_paragraph__IUT9l\"><strong>Beruf:<\/strong> Reality-Star<\/p>\n<\/li>\n<li class=\"BulletedList_li__361p2\">\n<p class=\"AnnotatedMarkup_paragraph__IUT9l\"><strong>Geburtsdatum:<\/strong> 13. April 2003 (22)<\/p>\n<\/li>\n<li class=\"BulletedList_li__361p2\">\n<p class=\"AnnotatedMarkup_paragraph__IUT9l\"><strong>Begleitperson:<\/strong> Ihre Tante \u00d6zlem<\/p>\n<\/li>\n<li class=\"BulletedList_li__361p2\">\n<p class=\"AnnotatedMarkup_paragraph__IUT9l\"><strong>Luxusartikel:<\/strong> Kissen und Lipgloss<\/p>\n<\/li>\n<li class=\"BulletedList_li__361p2\">\n<p class=\"AnnotatedMarkup_paragraph__IUT9l\"><strong>Gr\u00f6\u00dfe:<\/strong> 1,58<\/p>\n<\/li>\n<li class=\"BulletedList_li__361p2\">\n<p class=\"AnnotatedMarkup_paragraph__IUT9l\"><strong>Wohnort:<\/strong> Basel<\/p>\n<\/li>\n<li class=\"BulletedList_li__361p2\">\n<p class=\"AnnotatedMarkup_paragraph__IUT9l\"><strong>Instagram:<\/strong> <a rel=\"noopener noreferrer nofollow\" href=\"https:\/\/www.instagram.com\/_ariel__61\/?hl=de\" target=\"_blank\">_ariel__61<\/a><\/p>\n<\/li>\n<\/ul>\n<p>\u201ePeinlich!\u201d \u2013 Dieses Wort hat Ariel in der Reality-Welt ber\u00fchmt gemacht<\/p>\n<p class=\"AnnotatedMarkup_paragraph__IUT9l\">Ariels \u201ePeinlich\u201d \u2013 nur echt mit Schweizer Akzent \u2013 bleibt h\u00e4ngen. Kein Wunder, dass die Peinlich-Queen in Formaten wie \u201eLove Fool\u201d und \u201eProminent getrennt\u201d damit aus der Masse herausstechen konnte. Damals allerdings noch mit ihrem zweiten Markenzeichen: Der roten Haarpracht. Die ist mittlerweile allerdings Geschichte:<strong> \u201eRot? Da war ich noch jung, jetzt bin ich reifer geworden \u2013 und blond\u201d, <\/strong>erkl\u00e4rt uns<strong> <\/strong>die Schweizer Content Creatorin. Sie wolle die neue Ariel zeigen und den Leuten beweisen, dass sie nicht nur die sei, die nur rumschreit, sondern auch wirklich Gas geben und \u00fcber ihren \u00c4ngste hinauswachsen k\u00f6nne.<\/p>\n<p class=\"AnnotatedMarkup_paragraph__IUT9l\"><strong>Lese-Tipp:<\/strong> <a href=\"https:\/\/www.rtl.de\/sendungen\/ich-bin-ein-star\/dschungelcamp-kandidaten-2026-diese-zwoelf-stars-sind-nach-tag-3-noch-dabei-id30175073.html\" target=\"_self\" rel=\"nofollow noopener\">DAS sind alle zw\u00f6lf Dschungelcamp-Kandidaten 2026<\/a><\/p>\n<p>Anzeige:<\/p>\n<p>Empfehlungen unserer Partner<\/p>\n<p>Dschungelcamp-Kandidatin Ariel ist alleinerziehende Mama<\/p>\n<p class=\"AnnotatedMarkup_paragraph__IUT9l\">2023 nahmen Ariel und ihr heutiger Ex Giuliano Hediger zusammen an der RTL+-Show <a href=\"https:\/\/plus.rtl.de\/video-tv\/shows\/love-fool-980187?utm_source=rtl&amp;utm_content=30222180&amp;utm_medium=owned&amp;utm_campaign=textlink&amp;utm_term=love-fool\" target=\"_self\" rel=\"nofollow noopener\">\u201eLove Fool\u201d<\/a> teil. Beim Wiedersehen gaben die beiden bekannt, dass sie ein Baby erwarten. Ihre Tochter kam im April 2024 zur Welt, doch schon kurz darauf folgte das Liebes-Aus. Heute beschreibt Ariel ihr Verh\u00e4ltnis zu ihrem Ex als unterk\u00fchlt. Regelm\u00e4\u00dfig kommt\u2019s zum Zoff \u2013 wie auch bei <a href=\"https:\/\/plus.rtl.de\/video-tv\/shows\/prominent-getrennt-die-villa-der-verflossenen-898918?utm_source=rtl&amp;utm_content=30222180&amp;utm_medium=owned&amp;utm_campaign=textlink&amp;utm_term=prominent-getrennt-die-villa-der-verflossenen\" target=\"_blank\" rel=\"nofollow noopener\">\u201eProminent getrennt\u201d<\/a> 2025, nachdem klar wird, dass Giuliano Ariel betrogen hat. Ihre Tochter bleibt \u00fcbrigens w\u00e4hrend Ariels Australien-Abenteuer in der Schweiz. Wo genau ihre Tochter die Zeit verbringt, will Ariel aber nicht verraten.<\/p>\n<p class=\"AnnotatedMarkup_paragraph__IUT9l\">Wenige Wochen vor Ariels Ausflug ins Dschungelcamp ist ihr geliebter Vater an Krebs verstorben. \u201eNat\u00fcrlich wird das Thema sein\u201d, erz\u00e4hlt sie schweren Herzens. Ein Verlust, der sie schwer belastet. Vielleicht kann sie sich im Dschungelcamp etwas von ihrer Trauer ablenken.<\/p>\n<p class=\"AnnotatedMarkup_paragraph__IUT9l\"><strong>Lese-Tipp<\/strong>: <a href=\"https:\/\/www.rtl.de\/reality\/prominent-getrennt-star-ariel-packt-aus-so-ist-giulianos-verhaeltnis-zu-seiner-tochter-aktuell-id30091487.html\" target=\"_self\" rel=\"nofollow noopener\">Ariel packt bei RTL \u00fcber Co-Parenting mit Ex Giuliano aus<\/a><\/p>\n<p>Ariel wei\u00df um ihre St\u00e4rken und Schw\u00e4chen Bescheid<\/p>\n<p class=\"AnnotatedMarkup_paragraph__IUT9l\">Ariel hat kein Problem damit, ihre Gef\u00fchle zu zeigen und das wird zur Kampfansage an ihre Mitcamper: <strong>\u201eIch verstelle mich niemals und wenn mir jemand nicht passt, bin ich offen und direkt. Das kann schon mal auch r\u00fcberkommen als w\u00e4re ich frech\u201d, <\/strong>warnt sie ihre Mitcamper schon mal vor. Ariel will auf keinen Fall \u201eEverybody\u2019s Darling\u201d sein und wei\u00df auch schon ganz genau, wann es knallen k\u00f6nnte: Wenn sie hungrig ist! Dann hoffen wir mal, dass es im Camp gen\u00fcgend Reis und Bohen geben wird&#8230;<\/p>\n<p class=\"AnnotatedMarkup_paragraph__IUT9l\">Der fehlende Luxus wird Ariel weniger zu schaffen machen, vor den Tieren hat sie aber Respekt \u2013 schon Ameisen jagen ihr einen geh\u00f6rigen Schrecken ein. Freiz\u00fcgigkeit ist f\u00fcr Ariel hingegen gar kein Thema:<strong> \u201eIch bin eigentlich ziemlich offen. Ich habe kein Problem mit Nacktheit\u201d<\/strong>. Von der Siegpr\u00e4mie w\u00fcrde sich die Dschungelcamperin \u00fcbrigens F\u00fchrerschein und Auto g\u00f6nnen. Dann dr\u00fccken wir mal die Daumen, dass sie sich ihren Wunsch erf\u00fcllen kann!<\/p>\n<p>Dschungelcamp-Kandidatin Ariel kennen wir aus: Meldet euch hier zu unserem t\u00e4glichen Dschungelcamp-Newsletter an:Alle Dschungelcamp-Teilnehmer im \u00dcberblickAlle Dschungelcamp-Highlights in einer Videoplaylist!Alle IBES-Infos in unserem Dschungel-DAQWer sind die Dschungelcamp-Kandidaten 2026?Wann l\u00e4uft das Dschungelcamp bei RTL und auf RTL+? Alle Sendetermine!<\/p>\n<ul>\n<li>Folge 1: Freitag, 23. Januar 2026 von 20.15 bis 23.15 Uhr bei RTL und auf RTL+<\/li>\n<li>Folge 2: Samstag, 24. Januar 2026 von 20.15 bis 22.30 Uhr bei RTL und auf RTL+<\/li>\n<li>Folge 3: Sonntag, 25. Januar 2026 von 20.15 bis 20.55 Uhr bei RTL und auf RTL+<\/li>\n<li>Folge 4: Montag, 26. Januar 2026 von 20.15 bis 22.30 Uhr bei RTL und auf RTL+<\/li>\n<li>Folge 5: Dienstag, 27. Januar 2026 von 20.15 bis 22.30 Uhr bei RTL und auf RTL+<\/li>\n<li>Folge 6: Mittwoch, 28. Januar 2026 von 20.15 bis 22.30 Uhr bei RTL und auf RTL+<\/li>\n<li>Folge 7: Donnerstag, 29. Januar 2026 von 20.15 bis 22.30 Uhr bei RTL und auf RTL+<\/li>\n<li>Folge 8: Freitag, 30. Januar 2026 von 20.15 bis 23.15 Uhr bei RTL und auf RTL+<\/li>\n<li>Folge 9: Samstag, 31. Januar 2026 von 20.15 bis 22.30 Uhr bei RTL und auf RTL+<\/li>\n<li>Folge 10: Sonntag, 1. Februar 2026 von 20.15 bis 22.30 Uhr bei RTL und auf RTL+<\/li>\n<li>Folge 11: Montag, 2. Februar 2026 von 20.15 bis 22.30 Uhr bei RTL und auf RTL+<\/li>\n<li>Folge 12: Dienstag, 3. Februar 2026 von 20.15 bis 22.30 Uhr bei RTL und auf RTL+<\/li>\n<li>Folge 13: Mittwoch, 4. Februar 2026 von 20.15 bis 22.30 Uhr bei RTL und auf RTL+<\/li>\n<li>Folge 14: Donnerstag, 5. Februar 2026 von 20.15 bis 22.30 Uhr bei RTL und auf RTL+<\/li>\n<li>Folge 15: Freitag, 6. Februar 2026 von 20.15 bis 22.30 Uhr bei RTL und auf RTL+<\/li>\n<li>Folge 16: Samstag, 7. Februar 2026 von 20.15 bis 22.30 Uhr bei RTL und auf RTL+<\/li>\n<li>Folge 17: Das gro\u00dfe Finale \u2013 Sonntag, 8. Februar 2026 von 20.15 bis 23.15 Uhr bei RTL und auf RTL+<\/li>\n<li>Das gro\u00dfe Wiedersehen: Montag, 9. Februar 2026 von 20.15 bis 23.25 Uhr bei RTL und auf RTL+<\/li>\n<li>Das Nachspiel: Sonntag, 22. Februar 2026 ab 20.15 Uhr bei RTL und auf RTL+<\/li>\n<\/ul>\n<p>Wo kann ich mich f\u00fcr den t\u00e4glichen Dschungel-Newsletter anmelden?<\/p>\n<p><a href=\"https:\/\/www.rtl.de\/sendungen\/ich-bin-ein-star\/post-aus-dem-dschungelcamp-hier-zum-taeglichen-dschungel-newsletter-anmelden-id30240758.html\" target=\"_self\" rel=\"Follow nofollow noopener\">Hier<\/a> k\u00f6nnt ihr euch zum t\u00e4glichen <a href=\"https:\/\/www.rtl.de\/sendungen\/ich-bin-ein-star\/post-aus-dem-dschungelcamp-hier-zum-taeglichen-dschungel-newsletter-anmelden-id30240758.html\" target=\"_self\" rel=\"Follow nofollow noopener\">Dschungel-Newsletter<\/a> anmelden.<\/p>\n<p>Das Dschungelcamp bei RTL und auf RTL+<img alt=\"Ich bin ein Star - Holt mich hier raus!\" fetchpriority=\"auto\" loading=\"lazy\" width=\"615\" height=\"346\" decoding=\"async\" data-nimg=\"1\" class=\"Image_image__SdgLQ RtlPlusContent_image__Gbn0N\" style=\"color:transparent\"   src=\"https:\/\/www.europesays.com\/de\/wp-content\/uploads\/2026\/01\/1769313554_907_ich-bin-ein-star-holt-mich-hier-raus.webp.webp\"\/><\/p>\n<p class=\"AnnotatedMarkup_paragraph__IUT9l\">Bis der Dschungelcamp-Spa\u00df am 23. Januar 2026 endlich wieder losgeht, gibt es <a href=\"https:\/\/plus.rtl.de\/themenwelt\/dschungelcamp?utm_source=rtl&amp;utm_content=30222180&amp;utm_medium=owned&amp;utm_campaign=textlink&amp;utm_term=na\" target=\"_blank\" rel=\"nofollow noopener\">auf RTL+ eine ganze Dschungelcamp-Themenwelt mit vergangenen Staffeln und Specials jederzeit online zum Streamen<\/a>.<\/p>\n<p class=\"AnnotatedMarkup_paragraph__IUT9l\">Verwendete Quellen: RTL, eigene RTL-Recherche<\/p>\n<p><script async src=\"\/\/www.instagram.com\/embed.js\"><\/script><\/p>\n","protected":false},"excerpt":{"rendered":"Dschungelcamp-Kandidatin 2026Ariel will im Dschungel ihre \u00c4ngste \u00fcberwinden 02:58 min \u201eIch bin ein Star holt mich hier raus\u201c&hellip;\n","protected":false},"author":2,"featured_media":743991,"comment_status":"","ping_status":"","sticky":false,"template":"","format":"standard","meta":{"footnotes":"","_share_on_mastodon":"0"},"categories":[1776],"tags":[166130,1801,29,933,152901,121881,214,30,12196,100247,1802,884,684,215],"class_list":["post-746850","post","type-post","status-publish","format-standard","has-post-thumbnail","category-prominente","tag-ariel","tag-celebrities","tag-deutschland","tag-dschungelcamp","tag-dschungelcamp-2026","tag-dschungelpruefung","tag-entertainment","tag-germany","tag-ich-bin-ein-star-holt-mich-hier-raus","tag-jan-koeppen","tag-prominente","tag-sonja-zietlow","tag-tv","tag-unterhaltung"],"share_on_mastodon":{"url":"https:\/\/pubeurope.com\/@de\/115958282174819051","error":""},"_links":{"self":[{"href":"https:\/\/www.europesays.com\/de\/wp-json\/wp\/v2\/posts\/746850","targetHints":{"allow":["GET"]}}],"collection":[{"href":"https:\/\/www.europesays.com\/de\/wp-json\/wp\/v2\/posts"}],"about":[{"href":"https:\/\/www.europesays.com\/de\/wp-json\/wp\/v2\/types\/post"}],"author":[{"embeddable":true,"href":"https:\/\/www.europesays.com\/de\/wp-json\/wp\/v2\/users\/2"}],"replies":[{"embeddable":true,"href":"https:\/\/www.europesays.com\/de\/wp-json\/wp\/v2\/comments?post=746850"}],"version-history":[{"count":0,"href":"https:\/\/www.europesays.com\/de\/wp-json\/wp\/v2\/posts\/746850\/revisions"}],"wp:featuredmedia":[{"embeddable":true,"href":"https:\/\/www.europesays.com\/de\/wp-json\/wp\/v2\/media\/743991"}],"wp:attachment":[{"href":"https:\/\/www.europesays.com\/de\/wp-json\/wp\/v2\/media?parent=746850"}],"wp:term":[{"taxonomy":"category","embeddable":true,"href":"https:\/\/www.europesays.com\/de\/wp-json\/wp\/v2\/categories?post=746850"},{"taxonomy":"post_tag","embeddable":true,"href":"https:\/\/www.europesays.com\/de\/wp-json\/wp\/v2\/tags?post=746850"}],"curies":[{"name":"wp","href":"https:\/\/api.w.org\/{rel}","templated":true}]}}