{"id":746888,"date":"2026-01-25T23:36:19","date_gmt":"2026-01-25T23:36:19","guid":{"rendered":"https:\/\/www.europesays.com\/de\/746888\/"},"modified":"2026-01-25T23:36:19","modified_gmt":"2026-01-25T23:36:19","slug":"wetterdienst-warnt-vor-glatteisregen-im-nordosten","status":"publish","type":"post","link":"https:\/\/www.europesays.com\/de\/746888\/","title":{"rendered":"Wetterdienst warnt vor Glatteisregen im Nordosten"},"content":{"rendered":"<p><b>Der Deutsche Wetterdienst warnt vor Glatteisregen im Nordosten. Betroffen seien Teile der Bundesl\u00e4nder Mecklenburg-Vorpommern, Brandenburg, Berlin und Sachsen, teilte die Beh\u00f6rde am Sonntagabend mit.<\/b><\/p>\n<p><img loading=\"lazy\" data-lazyloaded=\"1\" decoding=\"async\" src=\"https:\/\/www.europesays.com\/de\/wp-content\/uploads\/2026\/01\/wetterdienst-warnt-vor-glatteisregen-im-nordosten.jpg\" width=\"800\" height=\"600\"\/>Stra\u00dfenverkehr unter winterlichen Bedingungen in Berlin (Archiv), via dts Nachrichtenagentur<\/p>\n<p>Vom Erzgebirge greift im Verlauf der Nacht zum Montag gefrierender Regen auf den Nordosten von Deutschland \u00fcber und erfasst im Verlauf der Nacht auch Mecklenburg-Vorpommern. Zudem k\u00f6nne regional erheblicher Eisansatz nicht ausgeschlossen werden, teils mit Auswirkungen auf Infrastruktur und Vegetation.<\/p>\n<p>Der Wetterdienst rechnet mit \u201cBehinderungen im Stra\u00dfen- und Schienenverkehr\u201d, wie es weiter hie\u00df.<\/p>\n<p>Ein kleinr\u00e4umiges, aber wetterwirksames Tief zieht am Sonntag von der oberen Adria nach Norden. Im Zusammenspiel mit der herangef\u00fchrten feuchten Luftmasse kommt es dabei zu den kr\u00e4ftigen Schneef\u00e4llen, und im Osten zu Glatteis.<\/p>\n","protected":false},"excerpt":{"rendered":"Der Deutsche Wetterdienst warnt vor Glatteisregen im Nordosten. Betroffen seien Teile der Bundesl\u00e4nder Mecklenburg-Vorpommern, Brandenburg, Berlin und Sachsen,&hellip;\n","protected":false},"author":2,"featured_media":746889,"comment_status":"","ping_status":"","sticky":false,"template":"","format":"standard","meta":{"footnotes":"","_share_on_mastodon":"0"},"categories":[1846],"tags":[680,772,3364,29,548,663,3934,30,13,14,15,12],"class_list":["post-746888","post","type-post","status-publish","format-standard","has-post-thumbnail","category-augsburg","tag-augsburg","tag-bayern","tag-de","tag-deutschland","tag-eu","tag-europa","tag-europe","tag-germany","tag-headlines","tag-nachrichten","tag-news","tag-schlagzeilen"],"share_on_mastodon":{"url":"https:\/\/pubeurope.com\/@de\/115958368473017641","error":""},"_links":{"self":[{"href":"https:\/\/www.europesays.com\/de\/wp-json\/wp\/v2\/posts\/746888","targetHints":{"allow":["GET"]}}],"collection":[{"href":"https:\/\/www.europesays.com\/de\/wp-json\/wp\/v2\/posts"}],"about":[{"href":"https:\/\/www.europesays.com\/de\/wp-json\/wp\/v2\/types\/post"}],"author":[{"embeddable":true,"href":"https:\/\/www.europesays.com\/de\/wp-json\/wp\/v2\/users\/2"}],"replies":[{"embeddable":true,"href":"https:\/\/www.europesays.com\/de\/wp-json\/wp\/v2\/comments?post=746888"}],"version-history":[{"count":0,"href":"https:\/\/www.europesays.com\/de\/wp-json\/wp\/v2\/posts\/746888\/revisions"}],"wp:featuredmedia":[{"embeddable":true,"href":"https:\/\/www.europesays.com\/de\/wp-json\/wp\/v2\/media\/746889"}],"wp:attachment":[{"href":"https:\/\/www.europesays.com\/de\/wp-json\/wp\/v2\/media?parent=746888"}],"wp:term":[{"taxonomy":"category","embeddable":true,"href":"https:\/\/www.europesays.com\/de\/wp-json\/wp\/v2\/categories?post=746888"},{"taxonomy":"post_tag","embeddable":true,"href":"https:\/\/www.europesays.com\/de\/wp-json\/wp\/v2\/tags?post=746888"}],"curies":[{"name":"wp","href":"https:\/\/api.w.org\/{rel}","templated":true}]}}