{"id":746972,"date":"2026-01-26T00:25:16","date_gmt":"2026-01-26T00:25:16","guid":{"rendered":"https:\/\/www.europesays.com\/de\/746972\/"},"modified":"2026-01-26T00:25:16","modified_gmt":"2026-01-26T00:25:16","slug":"schlechte-luft-sorgt-fuer-atemwegsbeschwerden","status":"publish","type":"post","link":"https:\/\/www.europesays.com\/de\/746972\/","title":{"rendered":"Schlechte Luft sorgt f\u00fcr Atemwegsbeschwerden"},"content":{"rendered":"<p>Hohe Feinstaubbelastung <\/p>\n<p>&#8222;Ungesund&#8220;: Wieder schlechte Luft in M\u00fcnchen<\/p>\n<p>Aktualisiert am 25.01.2026 &#8211; 21:24 UhrLesedauer: 2 Min.<\/p>\n<p><a href=\"#focus-0\" class=\"transition-colors duration-200 block text-current relative\" data-sctrack=\"FocusGalleryImage.Reference\"><img fetchpriority=\"high\" data-testid=\"Opener.Image\" style=\"--lqipURL:url('https:\/\/images.t-online.de\/2025\/03\/VWMVhX3W0gU6\/352x372:1492x839\/fit-in\/150x0\/filters:blur(25)\/viel-befahrene-strecke-auf-der-landshuter-allee-gilt-tempo-30-das-hat-einen-deutlichen-effekt-auf-die-luftreinhaltewerte-wie-sich-herausstellt.jpg')\"   loading=\"eager\" src=\"https:\/\/www.europesays.com\/de\/wp-content\/uploads\/2026\/01\/viel-befahrene-strecke-auf-der-landshuter-allee-gilt-tempo-30-das-hat-einen-deutlichen-effekt-auf-di.jpeg\" alt=\"Viel befahrene Strecke: Auf der Landshuter Allee sind die Feinstaubwerte besonders hoch.\" title=\"Viel befahrene Strecke: Auf der Landshuter Allee sind die Feinstaubwerte besonders hoch.\" width=\"1492\" height=\"839\" class=\"bg-[url:var(--lqipURL)] bg-cover bg-center flex h-full w-full max-w-full\" decoding=\"async\"\/><img style=\"--width:32;--height:32\" loading=\"lazy\" src=\"https:\/\/muenchen.t-online.de\/s\/paper\/_next\/static\/media\/zoom-in.f7dae02f.svg\" alt=\"Vergr\u00f6\u00dfern des Bildes\" title=\"Vergr\u00f6\u00dfern des Bildes\" class=\"block h-[calc(var(--height)_\/_16_*_1rem)] w-[calc(var(--width)_\/_16_*_1rem)] max-w-none absolute bottom-8 right-8 rounded-4 bg-snow p-8\" decoding=\"async\"\/><\/a><\/p>\n<p>Viel befahrene Strecke: Auf der Landshuter Allee sind die Feinstaubwerte besonders hoch. (Quelle: Patrik St\u00e4bler )<\/p>\n<p class=\"font-bold text-18 leading-17\">Dicke Luft in M\u00fcnchen: Am Sonntag ist die Luftqualit\u00e4t in der bayerischen Landeshauptstadt besonders schlecht.<\/p>\n<p class=\"text-18 leading-17\">Wer am Sonntag (25. Januar) in M\u00fcnchen unterwegs ist, k\u00f6nnte mit Hustenreiz konfrontiert sein: Laut &#8222;AccuWeather&#8220; ist die Luftqualit\u00e4t in der Stadt sehr schlecht. Schuld ist laut Deutschem Wetterdienst (DWD) die anhaltende Hochdrucklage der letzten Tage: Die Luft konnte nicht einfach so aufsteigen und darum haben sich Schadstoffe in den unteren Schichten gesammelt.<\/p>\n<p class=\"text-18 leading-17\">Der Wetterdienst &#8222;AccuWeather&#8220; gibt f\u00fcr das M\u00fcnchner Stadtgebiet einen Luftqualit\u00e4tsindex (AQI) von 120 an und stuft die Luft als &#8222;ungesund&#8220; ein. Das bedeutet: &#8222;Die Luft ist stark verschmutzt. Empfindliche Personengruppen werden unmittelbare gesundheitliche Auswirkungen sp\u00fcren.&#8220; Das kann etwa Menschen mit chronischen Atemwegserkrankungen wie Asthma betreffen.<\/p>\n<p class=\"text-18 leading-17\">Man sollte m\u00f6glichst wenig Zeit im Freien verbringen, empfiehlt der Wetterdienst. Wer Symptome wie Hustenreize oder Atembeschwerden wahrnimmt, sollte sich nicht im Freien aufhalten \u2013 sonst drohen Infektionen der Atemwege.<\/p>\n<p class=\"text-18 leading-17\">Einige Medien, darunter die &#8222;Bild&#8220;, berichteten zun\u00e4chst, dass die Feinstaubpartikel insbesondere \u00fcber Berlin aus Osteuropa stammen w\u00fcrden. Tats\u00e4chlich kommt es immer mal wieder vor, dass aufgrund der Wetterlage \u2013 wie aktuell aufgrund starker und kalter Ostwinde \u2013 Feinstaubpartikel zu uns kommen. In L\u00e4ndern wie Polen ist die Belastung h\u00f6her, weil es dort noch aktive Kohlekraftwerke gibt.<\/p>\n<p class=\"text-18 leading-17\">In M\u00fcnchen ist das allerdings nicht der Fall. Der EU-Klimawandeldienst Copernicus, dessen Satelliten die Atmosph\u00e4re genau \u00fcberwachen, schl\u00fcsselt die Feinstaubpartikel nach ihrer Herkunft auf. Das zeigt: 45 Prozent der Partikel stammen aus Deutschland selbst, 24 Prozent aus \u00d6sterreich, was naheliegend ist, da es sich um unsere direkten Nachbarn handelt.<\/p>\n<p class=\"text-18 leading-17\">Die Sektorenaufschl\u00fcsselung liefert weitere Details: Demnach stammen 40,3 Prozent der Feinstaubartikel \u00fcber der Landeshauptstadt aus der Landwirtschaft, gefolgt von Privathaushalten mit 19,1 Prozent, dicht gefolgt vom Verkehr mit 16 Prozent.<\/p>\n","protected":false},"excerpt":{"rendered":"Hohe Feinstaubbelastung &#8222;Ungesund&#8220;: Wieder schlechte Luft in M\u00fcnchen Aktualisiert am 25.01.2026 &#8211; 21:24 UhrLesedauer: 2 Min. Viel befahrene&hellip;\n","protected":false},"author":2,"featured_media":746973,"comment_status":"","ping_status":"","sticky":false,"template":"","format":"standard","meta":{"footnotes":"","_share_on_mastodon":"0"},"categories":[1827],"tags":[38483,772,296,950,29,83113,170586,30,3467,25814,1268,9827],"class_list":["post-746972","post","type-post","status-publish","format-standard","has-post-thumbnail","category-muenchen","tag-atemwege","tag-bayern","tag-berlin","tag-deutscher-wetterdienst","tag-deutschland","tag-feinstaubbelastung","tag-feinstaubwert","tag-germany","tag-landeshauptstadt","tag-luftqualitaet","tag-muenchen","tag-osteuropa"],"share_on_mastodon":{"url":"https:\/\/pubeurope.com\/@de\/115958561358249747","error":""},"_links":{"self":[{"href":"https:\/\/www.europesays.com\/de\/wp-json\/wp\/v2\/posts\/746972","targetHints":{"allow":["GET"]}}],"collection":[{"href":"https:\/\/www.europesays.com\/de\/wp-json\/wp\/v2\/posts"}],"about":[{"href":"https:\/\/www.europesays.com\/de\/wp-json\/wp\/v2\/types\/post"}],"author":[{"embeddable":true,"href":"https:\/\/www.europesays.com\/de\/wp-json\/wp\/v2\/users\/2"}],"replies":[{"embeddable":true,"href":"https:\/\/www.europesays.com\/de\/wp-json\/wp\/v2\/comments?post=746972"}],"version-history":[{"count":0,"href":"https:\/\/www.europesays.com\/de\/wp-json\/wp\/v2\/posts\/746972\/revisions"}],"wp:featuredmedia":[{"embeddable":true,"href":"https:\/\/www.europesays.com\/de\/wp-json\/wp\/v2\/media\/746973"}],"wp:attachment":[{"href":"https:\/\/www.europesays.com\/de\/wp-json\/wp\/v2\/media?parent=746972"}],"wp:term":[{"taxonomy":"category","embeddable":true,"href":"https:\/\/www.europesays.com\/de\/wp-json\/wp\/v2\/categories?post=746972"},{"taxonomy":"post_tag","embeddable":true,"href":"https:\/\/www.europesays.com\/de\/wp-json\/wp\/v2\/tags?post=746972"}],"curies":[{"name":"wp","href":"https:\/\/api.w.org\/{rel}","templated":true}]}}