{"id":747390,"date":"2026-01-26T04:45:16","date_gmt":"2026-01-26T04:45:16","guid":{"rendered":"https:\/\/www.europesays.com\/de\/747390\/"},"modified":"2026-01-26T04:45:16","modified_gmt":"2026-01-26T04:45:16","slug":"26-jaehriger-bei-muenchner-einkaufspassage-niedergestochen","status":"publish","type":"post","link":"https:\/\/www.europesays.com\/de\/747390\/","title":{"rendered":"26-J\u00e4hriger bei M\u00fcnchner Einkaufspassage niedergestochen"},"content":{"rendered":"<p id=\"absatz1\">\n\t\t\t\t\t\t\tIn einer Einkaufspassage kommt es zu einer Auseinandersetzung zwischen mehreren M\u00e4nnern. Als die Polizei ankommt, finden sie einen Mann mit Stichverletzungen.<\/p>\n<p class=\"em_text\">Ein 26-J\u00e4hriger ist bei einer M\u00fcnchner Einkaufspassage von einer Gruppe M\u00e4nner angegriffen und niedergestochen worden. Zuvor soll es zwischen dem Mann und der rund f\u00fcnfk\u00f6pfigen Gruppe zu einer Auseinandersetzung gekommen sein. Als die Beamten am Samstag an dem Tatort ankamen, fanden sie den 26-J\u00e4hrigen mit mehreren Stichverletzungen, wie die Polizei mitteilte. Sanit\u00e4ter brachten den Mann in ein Krankenhaus.\u00a0<\/p>\n<p class=\"em_text\">Die T\u00e4ter sollen bei dem Vorfall ein oder mehrere Messer eingesetzt haben. Nach der Tat fl\u00fcchteten sie in verschiedene Richtungen. Sie konnten zun\u00e4chst nicht von den Beamten gefunden werden. Die Polizei sucht nun nach Zeugen.<\/p>\n<p class=\"em_text\">\u00a9 dpa-infocom, dpa:260125-930-594258\/1<\/p>\n","protected":false},"excerpt":{"rendered":"In einer Einkaufspassage kommt es zu einer Auseinandersetzung zwischen mehreren M\u00e4nnern. Als die Polizei ankommt, finden sie einen&hellip;\n","protected":false},"author":2,"featured_media":747391,"comment_status":"","ping_status":"","sticky":false,"template":"","format":"standard","meta":{"footnotes":""},"categories":[1827],"tags":[772,29,30,1268,2339],"class_list":{"0":"post-747390","1":"post","2":"type-post","3":"status-publish","4":"format-standard","5":"has-post-thumbnail","7":"category-muenchen","8":"tag-bayern","9":"tag-deutschland","10":"tag-germany","11":"tag-muenchen","12":"tag-oberbayern"},"share_on_mastodon":{"url":"https:\/\/pubeurope.com\/@de\/115959583502990516","error":""},"_links":{"self":[{"href":"https:\/\/www.europesays.com\/de\/wp-json\/wp\/v2\/posts\/747390","targetHints":{"allow":["GET"]}}],"collection":[{"href":"https:\/\/www.europesays.com\/de\/wp-json\/wp\/v2\/posts"}],"about":[{"href":"https:\/\/www.europesays.com\/de\/wp-json\/wp\/v2\/types\/post"}],"author":[{"embeddable":true,"href":"https:\/\/www.europesays.com\/de\/wp-json\/wp\/v2\/users\/2"}],"replies":[{"embeddable":true,"href":"https:\/\/www.europesays.com\/de\/wp-json\/wp\/v2\/comments?post=747390"}],"version-history":[{"count":0,"href":"https:\/\/www.europesays.com\/de\/wp-json\/wp\/v2\/posts\/747390\/revisions"}],"wp:featuredmedia":[{"embeddable":true,"href":"https:\/\/www.europesays.com\/de\/wp-json\/wp\/v2\/media\/747391"}],"wp:attachment":[{"href":"https:\/\/www.europesays.com\/de\/wp-json\/wp\/v2\/media?parent=747390"}],"wp:term":[{"taxonomy":"category","embeddable":true,"href":"https:\/\/www.europesays.com\/de\/wp-json\/wp\/v2\/categories?post=747390"},{"taxonomy":"post_tag","embeddable":true,"href":"https:\/\/www.europesays.com\/de\/wp-json\/wp\/v2\/tags?post=747390"}],"curies":[{"name":"wp","href":"https:\/\/api.w.org\/{rel}","templated":true}]}}