{"id":747409,"date":"2026-01-26T04:55:15","date_gmt":"2026-01-26T04:55:15","guid":{"rendered":"https:\/\/www.europesays.com\/de\/747409\/"},"modified":"2026-01-26T04:55:15","modified_gmt":"2026-01-26T04:55:15","slug":"verlaesst-simone-ballack-das-dschungelcamp-freiwillig-dr-bob-sorgt-fuer-erhitzte-gemueter","status":"publish","type":"post","link":"https:\/\/www.europesays.com\/de\/747409\/","title":{"rendered":"Verl\u00e4sst Simone Ballack das Dschungelcamp freiwillig? Dr. Bob sorgt f\u00fcr erhitzte Gem\u00fcter"},"content":{"rendered":"<p>Noch bevor der erste gro\u00dfe Streit im australischen Dschungel eskaliert, sorgt Simone Ballack bereits f\u00fcr hitzige Diskussionen. Ausgerechnet Dschungel-Arzt Dr. Bob \u00e4u\u00dfert Zweifel, ob die Unternehmerin den Strapazen der Show gewachsen ist. In M\u00fcnchen sorgt das f\u00fcr massiven Widerspruch. Freunde und Wegbegleiter stellen sich geschlossen hinter Ballack und schie\u00dfen scharf gegen die Einsch\u00e4tzung des Kult-Docs.<\/p>\n<p>Dr. Bob zweifelt an Simone Ballack<\/p>\n<p>Nach dem Kennenlernen der zw\u00f6lf Dschungelcamper schl\u00e4gt Dr. Bob \u00fcberraschend zur\u00fcckhaltende T\u00f6ne bei Simone Ballack an: &#8222;Simone ist ein wenig besorgt. Oberfl\u00e4chlich wirkt sie mit allem zufrieden, aber man sp\u00fcrt, dass sie innerlich etwas beunruhigt ist. Es ist f\u00fcr mich noch zu fr\u00fch zu sagen, wie sie sich im Dschungel schlagen wird, daf\u00fcr muss noch mehr Zeit vergehen. Es k\u00f6nnte allerdings sein, dass sie am Ende aufgibt.&#8220;<\/p>\n<p>     <img decoding=\"async\" loading=\"lazy\" src=\"https:\/\/www.europesays.com\/de\/wp-content\/uploads\/2026\/01\/1526974_dr-bob-ist-das-gesicht-des-dschungel-aerzteteams_artikelbild-75proz_1DBVU8_zeQkZ7.jpg\" alt=\"Dr. Bob ist das Gesicht des Dschungel-\u00c4rzteteams.\" title=\"Dr. Bob ist das Gesicht des Dschungel-\u00c4rzteteams.\" width=\"609\" height=\"343\"\/><\/p>\n<p>      Dr. Bob ist das Gesicht des Dschungel-\u00c4rzteteams.<br \/>\n      \u00a9 RTL<\/p>\n<p>    Dr. Bob ist das Gesicht des Dschungel-\u00c4rzteteams.<\/p>\n<p>von RTL <\/p>\n<p>&#8222;}&#8220;&gt; <\/p>\n<p>\u00c4rger um Simone Ballack wegen angeblichem Dschungel-Abbruch: Die Schickeria schl\u00e4gt zur\u00fcck\u00a0<\/p>\n<p>Eine Aussage, die im Umfeld der 49-J\u00e4hrigen f\u00fcr Emp\u00f6rung sorgt. Besonders deutlich wird Freundin und Managerin Birgit Fischer-H\u00f6per. Sie begleitet Simone Ballack sogar nach Australien und kennt deren Zustand genau. In der AZ stellt sie klar, dass Ballack hochmotiviert sei und ein klares Ziel verfolge. F\u00fcr sie stehe fest, dass Simone keinesfalls freiwillig den Rucksack packen werde. Im Gegenteil, sie wolle am Ende ganz oben stehen: &#8222;Simone k\u00e4mpft bis zum bitteren Ende.&#8220;<\/p>\n<p>     <img decoding=\"async\" loading=\"lazy\" src=\"https:\/\/www.europesays.com\/de\/wp-content\/uploads\/2026\/01\/1649841_promi-managerin-birgit-fischer-hoeper-reiste-mit-simone-ballack-nach-austra_artikelbild-75pr.jpeg\" alt=\"Promi-Managerin Birgit Fischer-H\u00f6per reiste mit Simone Ballack nach Australien.\" title=\"Promi-Managerin Birgit Fischer-H\u00f6per reiste mit Simone Ballack nach Australien.\" width=\"609\" height=\"915\"\/><\/p>\n<p>      Promi-Managerin Birgit Fischer-H\u00f6per reiste mit Simone Ballack nach Australien.<br \/>\n      \u00a9 imago\/Star-Media<\/p>\n<p>    Promi-Managerin Birgit Fischer-H\u00f6per reiste mit Simone Ballack nach Australien.<\/p>\n<p>von imago\/Star-Media <\/p>\n<p>&#8222;}&#8220;&gt; <\/p>\n<p>Claudia Effenberg widerspricht Dr. Bob deutlich<\/p>\n<p>Auch TV-Star Claudia Effenberg meldet sich in der AZ zu Wort und nimmt kein Blatt vor den Mund: &#8222;Ich kenne Dr. Bob und mag ihn total gerne, aber hier muss ich ihm deutlich widersprechen. Simone Ballack wird definitiv nicht aufgeben. Simone ist taff, witzig, cool und arbeitet viel. Sie ist eine Macherin. Nie im Leben geht sie freiwillig aus dem Dschungelcamp.&#8220;\u00a0<\/p>\n<p>     <img decoding=\"async\" loading=\"lazy\" src=\"https:\/\/www.europesays.com\/de\/wp-content\/uploads\/2026\/01\/1649840_kennen-sich-seit-ueber-20-jahren-simone-ballack-und-claudia-effenberg_artikelbild-75proz_1Fs.jpeg\" alt=\"Kennen sich seit \u00fcber 20 Jahren: Simone Ballack und Claudia Effenberg.\" title=\"Kennen sich seit \u00fcber 20 Jahren: Simone Ballack und Claudia Effenberg.\" width=\"609\" height=\"663\"\/><\/p>\n<p>      Kennen sich seit \u00fcber 20 Jahren: Simone Ballack und Claudia Effenberg.<br \/>\n      \u00a9 BrauerPhotos\/P.Schoenberger<\/p>\n<p>    Kennen sich seit \u00fcber 20 Jahren: Simone Ballack und Claudia Effenberg.<\/p>\n<p>von BrauerPhotos\/P.Schoenberger <\/p>\n<p>&#8222;}&#8220;&gt; <\/p>\n<p>&#8222;Simone hat noch nie aufgegeben&#8220;<\/p>\n<p>Schmuck-Designerin Nicole Hayduga kennt Simone Ballack seit Jahren und besuchte sie erst kurz vor dem Abflug nach Australien. Auch sie kann Dr. Bobs Zweifel nicht nachvollziehen und sagt der AZ: &#8222;Seit ich Simone kenne, hat sie noch nie etwas aufgegeben, was sie sich in den Kopf gesetzt hat. Simone hat in ihrem Leben Situationen \u00fcberstanden, die weit herausfordernder waren als der Dschungel. Ich hoffe und w\u00fcnsche mir, sie kommt mit der Krone nach Hause.&#8220;<\/p>\n<p>     <img decoding=\"async\" loading=\"lazy\" src=\"https:\/\/www.europesays.com\/de\/wp-content\/uploads\/2026\/01\/1649839_eng-verbunden-nicole-hayduga-und-freundin-simone-ballack_artikelbild-75proz_1FsUj4_mltHhP.jp.jpeg\" alt=\"Eng verbunden: Nicole Hayduga und Freundin Simone Ballack.\" title=\"Eng verbunden: Nicole Hayduga und Freundin Simone Ballack.\" width=\"609\" height=\"915\"\/><\/p>\n<p>      Eng verbunden: Nicole Hayduga und Freundin Simone Ballack.<br \/>\n      \u00a9 imago\/Future Image<\/p>\n<p>    Eng verbunden: Nicole Hayduga und Freundin Simone Ballack.<\/p>\n<p>von imago\/Future Image <\/p>\n<p>&#8222;}&#8220;&gt; <\/p>\n<p>Ballacks Friseur: &#8222;Dr. Bob ist kein Psychologe oder Hellseher&#8220;<\/p>\n<p>Promi-Friseur Andr\u00e9 Schulz geht noch einen Schritt weiter und kritisiert das \u00f6ffentliche Bild der Kandidatin. Viele w\u00fcrden Simone Ballack untersch\u00e4tzen und auf ihre Rolle als Fu\u00dfballer-Ex oder trauernde Mutter reduzieren. Dabei sei Ballack Unternehmerin, Mutter, Gastronomin und Hotelmanagerin. &#8222;Es ist nicht so, dass Simone im allt\u00e4glichen Leben nur Honig schleckt \u2013 auch sie hat Alltagsprobleme&#8220;, so der Coiffeur zur AZ. Schulz betont, dass Dr. Bob weder Psychologe noch Hellseher sei und Simone im Camp zeigen werde, wer sie wirklich ist: &#8222;Simone hat im Dschungelcamp die Chance, sich selbst zu beweisen und wird Einblicke in ihr wahres Seelenleben geben.&#8220;<\/p>\n<p>        An dieser Stelle finden Sie einen externen Inhalt (Instagram). Sie k\u00f6nnen sich Inhalte dieses Anbieters mit einem Klick anzeigen lassen und wieder ausblenden.<\/p>\n<p>\n        Anzeigen\n        <\/p>\n<p>\n        Externe Inhalte ausblenden\n        <\/p>\n<p>\n        Anzeige f\u00fcr den Anbieter Instagram \u00fcber den Consent-Anbieter verweigert\n    <\/p>\n<p>Besonderer Luxusgegenstand: Extra-Regel f\u00fcr Simone Ballack<\/p>\n<p>F\u00fcr Simone Ballack gilt im Dschungelcamp zudem eine Sonderregel. Als Luxusgegenstand nimmt sie einen Anh\u00e4nger mit der gepressten Asche ihres verstorbenen Sohnes Emilio mit. <a href=\"https:\/\/www.abendzeitung-muenchen.de\/promis\/simone-ballack-dschungelcamp-bammel-wegen-stein-aus-asche-ihres-toten-sohnes-18-art-1104148\" title=\"Simone Ballack: Dschungelcamp-Bammel wegen Stein aus Asche ihres toten Sohnes (\u202018)\" rel=\"nofollow noopener\" target=\"_blank\">In der AZ erkl\u00e4rte Ballack offen und exklusiv,<\/a> wie wichtig ihr dieses Schmuckst\u00fcck sei und dass sie es niemals aus der Hand geben w\u00fcrde. Doch was passiert mit der Kette samt emotional wertvollem Asche-Stein, wenn die Luxusgegenst\u00e4nde der Kandidaten abgenommen werden?\u00a0<\/p>\n<p>    <img decoding=\"async\" src=\"https:\/\/www.europesays.com\/de\/wp-content\/uploads\/2025\/04\/loader_big_black.gif\" class=\"loader-wheel\" alt=\"Lade TED\" title=\"Lade TED\" border=\"0\"\/><\/p>\n<p>\u00a0<\/p>\n<p>Umfrage wird geladen, bitte warten&#8230;<\/p>\n<p>\u00a0<\/p>\n<p>Nach intensiven Gespr\u00e4chen handelte Ballack mit der Produktion eine Sonderl\u00f6sung aus. Die Kette werde in einem Beutel aufbewahrt und von einem Mitarbeiter bewacht, so Ballack in &#8222;Bild&#8220;. Auch im Fall einer vollst\u00e4ndigen Abgabe sei klar geregelt, wo sich der Anh\u00e4nger befinde. Das habe Ballack Sicherheit gegeben und innerlich Ruhe verschafft.<\/p>\n<p>    <a href=\"https:\/\/www.abendzeitung-muenchen.de\/promis\/simone-ballack-mit-asche-ihres-toten-sohnes-die-ersten-fotos-vom-dschungel-dreh-art-1106882\" data-mrf-recirculation=\"Artikel-Link\" rel=\"nofollow noopener\" target=\"_blank\"><img decoding=\"async\" loading=\"lazy\" src=\"https:\/\/www.europesays.com\/de\/wp-content\/uploads\/2026\/01\/1649298_simone-ballacks-kette-enthaelt-einen-stein-mit-der-gepressten-asche-ihres-t_mehrzumthema_1Fs.jpeg\" alt=\"Simone Ballacks Kette enth\u00e4lt einen Stein mit der gepressten Asche ihres toten Sohnes. Ihr weiterer Luxusgegenstadt ist eine Flasche mit Babypuder.\" title=\"Simone Ballacks Kette enth\u00e4lt einen Stein mit der gepressten Asche ihres toten Sohnes. Ihr weiterer Luxusgegenstadt ist eine Flasche mit Babypuder.\" width=\"696\" height=\"390\"\/><\/a><\/p>\n<p>        <a href=\"https:\/\/www.abendzeitung-muenchen.de\/promis\/simone-ballack-mit-asche-ihres-toten-sohnes-die-ersten-fotos-vom-dschungel-dreh-art-1106882\" data-mrf-recirculation=\"Artikel-Link\" rel=\"nofollow noopener\" target=\"_blank\">Simone Ballack mit Asche ihres toten Sohnes: Die ersten Fotos vom Dschungel-Dreh        <\/a><\/p>\n<p>                X<\/p>\n<p>Sie haben den Artikel der Merkliste hinzugef\u00fcgt. <\/p>\n<p>                <a href=\"https:\/\/www.abendzeitung-muenchen.de\/meine-az\/merkliste\/\" title=\"Zur Merkliste\" rel=\"nofollow noopener\" target=\"_blank\"><br \/>\n                zur Merkliste<br \/>\n                <\/a>  <\/p>\n<p>Ob Dr. Bob seine Einsch\u00e4tzung im Laufe der Staffel revidieren muss, bleibt abzuwarten. Eines ist jedoch schon jetzt klar: Simone Ballack geht mit R\u00fcckhalt, Kampfgeist und einer besonderen emotionalen St\u00e4rke in den Dschungel. Und ihre M\u00fcnchner Freunde stehen fest hinter ihr. Wie immer.<\/p>\n<p>Archivhinweis: Der Text stammt aus unserer Berichterstattung vom 23. Januar 2026 und wurde unver\u00e4ndert erneut ver\u00f6ffentlicht.\u00a0<\/p>\n","protected":false},"excerpt":{"rendered":"Noch bevor der erste gro\u00dfe Streit im australischen Dschungel eskaliert, sorgt Simone Ballack bereits f\u00fcr hitzige Diskussionen. Ausgerechnet&hellip;\n","protected":false},"author":2,"featured_media":747410,"comment_status":"","ping_status":"","sticky":false,"template":"","format":"standard","meta":{"footnotes":"","_share_on_mastodon":"0"},"categories":[1776],"tags":[23947,1801,29,933,214,30,2134,1802,2045,129721,215],"class_list":["post-747409","post","type-post","status-publish","format-standard","has-post-thumbnail","category-prominente","tag-abendzeitung","tag-celebrities","tag-deutschland","tag-dschungelcamp","tag-entertainment","tag-germany","tag-interview","tag-prominente","tag-promis","tag-simone-ballack","tag-unterhaltung"],"share_on_mastodon":{"url":"https:\/\/pubeurope.com\/@de\/115959623132807662","error":""},"_links":{"self":[{"href":"https:\/\/www.europesays.com\/de\/wp-json\/wp\/v2\/posts\/747409","targetHints":{"allow":["GET"]}}],"collection":[{"href":"https:\/\/www.europesays.com\/de\/wp-json\/wp\/v2\/posts"}],"about":[{"href":"https:\/\/www.europesays.com\/de\/wp-json\/wp\/v2\/types\/post"}],"author":[{"embeddable":true,"href":"https:\/\/www.europesays.com\/de\/wp-json\/wp\/v2\/users\/2"}],"replies":[{"embeddable":true,"href":"https:\/\/www.europesays.com\/de\/wp-json\/wp\/v2\/comments?post=747409"}],"version-history":[{"count":0,"href":"https:\/\/www.europesays.com\/de\/wp-json\/wp\/v2\/posts\/747409\/revisions"}],"wp:featuredmedia":[{"embeddable":true,"href":"https:\/\/www.europesays.com\/de\/wp-json\/wp\/v2\/media\/747410"}],"wp:attachment":[{"href":"https:\/\/www.europesays.com\/de\/wp-json\/wp\/v2\/media?parent=747409"}],"wp:term":[{"taxonomy":"category","embeddable":true,"href":"https:\/\/www.europesays.com\/de\/wp-json\/wp\/v2\/categories?post=747409"},{"taxonomy":"post_tag","embeddable":true,"href":"https:\/\/www.europesays.com\/de\/wp-json\/wp\/v2\/tags?post=747409"}],"curies":[{"name":"wp","href":"https:\/\/api.w.org\/{rel}","templated":true}]}}