{"id":747459,"date":"2026-01-26T05:25:09","date_gmt":"2026-01-26T05:25:09","guid":{"rendered":"https:\/\/www.europesays.com\/de\/747459\/"},"modified":"2026-01-26T05:25:09","modified_gmt":"2026-01-26T05:25:09","slug":"wuelfrath-pro-laedt-zum-zweiten-mittelaltermarkt","status":"publish","type":"post","link":"https:\/\/www.europesays.com\/de\/747459\/","title":{"rendered":"W\u00fclfrath pro l\u00e4dt zum zweiten Mittelaltermarkt"},"content":{"rendered":"<p class=\"text_ohne_einzug richtext text-em-55 !leading-serif mx-6 desktop:mx-0\">  Die Schwanenstra\u00dfe wird am kommenden Wochenende zum Mittelpunkt einer Zeitreise: Denn nach dem Erfolg im vergangenen Jahr l\u00e4dt \u201eW\u00fclfrath pro\u201c nun zum zweiten \u201emittelalterlichen Wintermarkt\u201c mit Gauklern und Handwerk dorthin ein.<\/p>\n<p class=\"richtext text-em-55 !leading-serif mx-6 desktop:mx-0\">Am Samstag, 31. Januar, 11 bis 20 Uhr, und am Sonntag, 1. Februar, 11 bis 18 Uhr, sollen viele handelnde Kr\u00e4mer, Spielmannskl\u00e4nge und zauberhafte Gaukelei bewirken, dass das Flair des Mittelalters lebendig und erfahrbar f\u00fcr die Besucher wird. Bei freiem Eintritt k\u00f6nnen sie an den verschiedenen St\u00e4nden Fell-, N\u00e4h- oder Ledersachen entdecken oder \u201eMittelalterliches\u201c wie Met kosten. Schmiedekunst, Holzarbeiten, Textilien und Gew\u00e4nder sowie handgefertigter Schmuck werden im historischen Rahmen dargeboten und vielleicht sind auch wieder wie im vergangenen Jahr viele Besucher in stilechten Gew\u00e4ndern gekleidet.<\/p>\n<p class=\"richtext text-em-55 !leading-serif mx-6 desktop:mx-0\">Ein Schmied wird dieses Mal sein K\u00f6nnen demonstrieren, au\u00dferdem gibt es ein Karussell f\u00fcr Kinder und eine Kr\u00e4uterfee ist unter den Aussteller dabei. Das Gaukler-Duo, das ebenfalls zum zweiten Mal dabei sein wird, zeigt unter anderem Jonglage, Zauberei und humorvolle Einlagen.<\/p>\n","protected":false},"excerpt":{"rendered":"Die Schwanenstra\u00dfe wird am kommenden Wochenende zum Mittelpunkt einer Zeitreise: Denn nach dem Erfolg im vergangenen Jahr l\u00e4dt&hellip;\n","protected":false},"author":2,"featured_media":747460,"comment_status":"","ping_status":"","sticky":false,"template":"","format":"standard","meta":{"footnotes":"","_share_on_mastodon":"0"},"categories":[1840],"tags":[3364,29,30,1209,34261,27167,4418,18312],"class_list":["post-747459","post","type-post","status-publish","format-standard","has-post-thumbnail","category-wuppertal","tag-de","tag-deutschland","tag-germany","tag-nordrhein-westfalen","tag-sorgen","tag-wuelfrath","tag-wuppertal","tag-zweiten"],"share_on_mastodon":{"url":"https:\/\/pubeurope.com\/@de\/115959740778142324","error":""},"_links":{"self":[{"href":"https:\/\/www.europesays.com\/de\/wp-json\/wp\/v2\/posts\/747459","targetHints":{"allow":["GET"]}}],"collection":[{"href":"https:\/\/www.europesays.com\/de\/wp-json\/wp\/v2\/posts"}],"about":[{"href":"https:\/\/www.europesays.com\/de\/wp-json\/wp\/v2\/types\/post"}],"author":[{"embeddable":true,"href":"https:\/\/www.europesays.com\/de\/wp-json\/wp\/v2\/users\/2"}],"replies":[{"embeddable":true,"href":"https:\/\/www.europesays.com\/de\/wp-json\/wp\/v2\/comments?post=747459"}],"version-history":[{"count":0,"href":"https:\/\/www.europesays.com\/de\/wp-json\/wp\/v2\/posts\/747459\/revisions"}],"wp:featuredmedia":[{"embeddable":true,"href":"https:\/\/www.europesays.com\/de\/wp-json\/wp\/v2\/media\/747460"}],"wp:attachment":[{"href":"https:\/\/www.europesays.com\/de\/wp-json\/wp\/v2\/media?parent=747459"}],"wp:term":[{"taxonomy":"category","embeddable":true,"href":"https:\/\/www.europesays.com\/de\/wp-json\/wp\/v2\/categories?post=747459"},{"taxonomy":"post_tag","embeddable":true,"href":"https:\/\/www.europesays.com\/de\/wp-json\/wp\/v2\/tags?post=747459"}],"curies":[{"name":"wp","href":"https:\/\/api.w.org\/{rel}","templated":true}]}}