{"id":747521,"date":"2026-01-26T06:04:14","date_gmt":"2026-01-26T06:04:14","guid":{"rendered":"https:\/\/www.europesays.com\/de\/747521\/"},"modified":"2026-01-26T06:04:14","modified_gmt":"2026-01-26T06:04:14","slug":"feinstaub-erhoeht-das-muessen-sie-wissen","status":"publish","type":"post","link":"https:\/\/www.europesays.com\/de\/747521\/","title":{"rendered":"Feinstaub erh\u00f6ht \u2013 Das m\u00fcssen Sie wissen"},"content":{"rendered":"<p>Gesundheitsrisiko <\/p>\n<p>&#8222;Unmittelbar sp\u00fcrbar&#8220;: Feinstaub belastet Frankfurt<\/p>\n<p>Aktualisiert am 25.01.2026 &#8211; 21:51 UhrLesedauer: 2 Min.<\/p>\n<p><a href=\"#focus-0\" class=\"transition-colors duration-200 block text-current relative\" data-sctrack=\"FocusGalleryImage.Reference\"><img fetchpriority=\"high\" data-testid=\"Opener.Image\" style=\"--lqipURL:url('https:\/\/images.t-online.de\/2026\/01\/Ov3TDVUVoCn2\/0x10:821x462\/fit-in\/150x0\/filters:blur(25)\/eine-karte-des-wetterdienstes-accuweather-zeigt-die-luftqualitaet-in-hessen-an-die-rot-und-lila-eingefaerbten-flaechen-stehen-fuer-schlechte-und-ungesunde-luft.png')\"   loading=\"eager\" src=\"https:\/\/www.europesays.com\/de\/wp-content\/uploads\/2026\/01\/eine-karte-des-wetterdienstes-accuweather-zeigt-die-luftqualitaet-in-hessen-an-die-rot-und-lila-eing.png\" alt=\"Eine Karte des Wetterdienstes &quot;AccuWeather&quot; zeigt die Luftqualit\u00e4t in Hessen an. Die rot und lila eingef\u00e4rbten Fl\u00e4chen stehen f\u00fcr &quot;schlechte&quot; und &quot;ungesunde&quot; Luft.\" title=\"Eine Karte des Wetterdienstes &quot;AccuWeather&quot; zeigt die Luftqualit\u00e4t in Hessen an. Die rot und lila eingef\u00e4rbten Fl\u00e4chen stehen f\u00fcr &quot;schlechte&quot; und &quot;ungesunde&quot; Luft.\" width=\"821\" height=\"462\" class=\"bg-[url:var(--lqipURL)] bg-cover bg-center flex h-full w-full max-w-full\" decoding=\"async\"\/><img style=\"--width:32;--height:32\" loading=\"lazy\" src=\"https:\/\/frankfurt.t-online.de\/s\/paper\/_next\/static\/media\/zoom-in.f7dae02f.svg\" alt=\"Vergr\u00f6\u00dfern des Bildes\" title=\"Vergr\u00f6\u00dfern des Bildes\" class=\"block h-[calc(var(--height)_\/_16_*_1rem)] w-[calc(var(--width)_\/_16_*_1rem)] max-w-none absolute bottom-8 right-8 rounded-4 bg-snow p-8\" decoding=\"async\"\/><\/a><\/p>\n<p>Eine Karte des Wetterdienstes &#8222;AccuWeather&#8220; zeigt die Luftqualit\u00e4t in Hessen an. Die rot und lila eingef\u00e4rbten Fl\u00e4chen stehen f\u00fcr &#8222;schlechte&#8220; und &#8222;ungesunde&#8220; Luft. (Quelle: AccuWeather\/t-online)<\/p>\n<p class=\"font-bold text-18 leading-17\">In ganz Deutschland ist die Luft schlecht, auch in Frankfurt. Schuld sind Feinstaubpartikel, die gesundheitssch\u00e4dlich werden k\u00f6nnen.<\/p>\n<p class=\"text-18 leading-17\">Nach wie vor ist die Luftqualit\u00e4t in Frankfurt derzeit stark belastet. An allen vier Messstationen im Stadtgebiet wird aktuell eine schlechte Luftqualit\u00e4t gemessen.<\/p>\n<p class=\"text-18 leading-17\">Die Prognosekarten des Umweltbundesamtes zeigen nahezu fl\u00e4chendeckend erh\u00f6hte Feinstaubwerte, gro\u00dfe Teile der Bundesrepublik sind rot eingef\u00e4rbt. Verantwortlich ist laut Deutschem Wetterdienst (DWD) die anhaltende Hochdrucklage der letzten Tage: Die Luft konnte nicht einfach so aufsteigen und darum haben sich Schadstoffe in den unteren Schichten gesammelt.<\/p>\n<p class=\"text-18 leading-17\">Die Wetterlage kann negative Auswirkungen auf die Gesundheit haben. Besonders bedenklich ist die vorhergesagte Belastung durch Feinstaubpartikel mit einem Durchmesser von weniger als 2,5 Mikrometern. Die winzigen Teilchen dringen bis in die Lungenbl\u00e4schen vor. Laut Experten haben sie negative Auswirkungen auf die menschliche Gesundheit und k\u00f6nnen Entz\u00fcndungen sowie Zellstress verursachen.<\/p>\n<p class=\"text-18 leading-17\">Der Wetterdienst &#8222;AccuWeather&#8220; gibt f\u00fcr das Frankfurter Stadtgebiet einen Luftqualit\u00e4tsindex (AQI) von 148 an und stuft die Luft als &#8222;ungesund&#8220; ein. Das bedeutet: &#8222;Die Luft ist stark verschmutzt. Empfindliche Personengruppen werden unmittelbare gesundheitliche Auswirkungen sp\u00fcren.&#8220; Das kann etwa Menschen mit chronischen Atemwegserkrankungen wie Asthma betreffen.<\/p>\n<p class=\"text-18 leading-17\">F\u00fcr empfindliche Menschen gilt eine versch\u00e4rfte Empfehlung. Man sollte m\u00f6glichst wenig Zeit im Freien verbringen, empfiehlt der Wetterdienst. Wer Symptome wie Hustenreize oder Atembeschwerden wahrnimmt, sollte sich nicht im Freien aufhalten \u2013 sonst drohen Infektionen der Atemwege. Und auch eigentlich gesunde Menschen werden nun sp\u00fcrbare Auswirkungen wahrnehmen k\u00f6nnen.<\/p>\n<p class=\"text-18 leading-17\">Teilweise wurde berichtet, dass die Feinstaubpartikel insbesondere \u00fcber Berlin aus Osteuropa stammen w\u00fcrden. Tats\u00e4chlich kommt es immer mal wieder vor, dass aufgrund der Wetterlage \u2013 wie aktuell aufgrund starker und kalter Ostwinde \u2013 Feinstaubpartikel zu uns kommen. In L\u00e4ndern wie Polen ist die Belastung h\u00f6her, weil es dort noch aktive Kohlekraftwerke gibt.<\/p>\n<p class=\"text-18 leading-17\">In Frankfurt ist das allerdings nicht der Fall. Der EU-Klimawandeldienst Copernicus, dessen Satelliten die Atmosph\u00e4re genau \u00fcberwachen, schl\u00fcsselt die Feinstaubpartikel nach ihrer Herkunft auf. Das zeigt: 57,5 Prozent stammen aus Deutschland.<\/p>\n<p class=\"text-18 leading-17\">Und geht man nach Sektoren, wird das Bild deutlicher: 31,3 Prozent steuerte die Landwirtschaft bei; w\u00e4hrend 29,2 Prozent der Schadstoffe aus privaten Haushalten kommen. Letzteres h\u00e4ngt mit der Witterung zusammen: Es war in den letzten Wochen deutlich k\u00e4lter, weshalb deutlich mehr geheizt wurde. Und in Deutschland gibt es nach wie vor viele H\u00e4user, in denen mit Holz geheizt wird: Sei es mit alten Kamin- und Kachel\u00f6fen oder einer Hackschnitzelheizung.<\/p>\n","protected":false},"excerpt":{"rendered":"Gesundheitsrisiko &#8222;Unmittelbar sp\u00fcrbar&#8220;: Feinstaub belastet Frankfurt Aktualisiert am 25.01.2026 &#8211; 21:51 UhrLesedauer: 2 Min. Eine Karte des Wetterdienstes&hellip;\n","protected":false},"author":2,"featured_media":747522,"comment_status":"","ping_status":"","sticky":false,"template":"","format":"standard","meta":{"footnotes":"","_share_on_mastodon":"0"},"categories":[1829],"tags":[38483,72037,950,29,38293,170758,2050,2051,30,32698,2052,25814],"class_list":["post-747521","post","type-post","status-publish","format-standard","has-post-thumbnail","category-frankfurt-am-main","tag-atemwege","tag-bundesumweltamt","tag-deutscher-wetterdienst","tag-deutschland","tag-feinstaub","tag-feinstaubpartikel","tag-frankfurt","tag-frankfurt-am-main","tag-germany","tag-gesundheitsrisiko","tag-hessen","tag-luftqualitaet"],"share_on_mastodon":{"url":"https:\/\/pubeurope.com\/@de\/115959894257457103","error":""},"_links":{"self":[{"href":"https:\/\/www.europesays.com\/de\/wp-json\/wp\/v2\/posts\/747521","targetHints":{"allow":["GET"]}}],"collection":[{"href":"https:\/\/www.europesays.com\/de\/wp-json\/wp\/v2\/posts"}],"about":[{"href":"https:\/\/www.europesays.com\/de\/wp-json\/wp\/v2\/types\/post"}],"author":[{"embeddable":true,"href":"https:\/\/www.europesays.com\/de\/wp-json\/wp\/v2\/users\/2"}],"replies":[{"embeddable":true,"href":"https:\/\/www.europesays.com\/de\/wp-json\/wp\/v2\/comments?post=747521"}],"version-history":[{"count":0,"href":"https:\/\/www.europesays.com\/de\/wp-json\/wp\/v2\/posts\/747521\/revisions"}],"wp:featuredmedia":[{"embeddable":true,"href":"https:\/\/www.europesays.com\/de\/wp-json\/wp\/v2\/media\/747522"}],"wp:attachment":[{"href":"https:\/\/www.europesays.com\/de\/wp-json\/wp\/v2\/media?parent=747521"}],"wp:term":[{"taxonomy":"category","embeddable":true,"href":"https:\/\/www.europesays.com\/de\/wp-json\/wp\/v2\/categories?post=747521"},{"taxonomy":"post_tag","embeddable":true,"href":"https:\/\/www.europesays.com\/de\/wp-json\/wp\/v2\/tags?post=747521"}],"curies":[{"name":"wp","href":"https:\/\/api.w.org\/{rel}","templated":true}]}}