{"id":747598,"date":"2026-01-26T06:49:10","date_gmt":"2026-01-26T06:49:10","guid":{"rendered":"https:\/\/www.europesays.com\/de\/747598\/"},"modified":"2026-01-26T06:49:10","modified_gmt":"2026-01-26T06:49:10","slug":"cats-des-rsc-cronenberg-spielen-sich-fuer-spitzenspiel-ein","status":"publish","type":"post","link":"https:\/\/www.europesays.com\/de\/747598\/","title":{"rendered":"Cats des RSC Cronenberg spielen sich f\u00fcr Spitzenspiel ein"},"content":{"rendered":"<p class=\"text_ohne_einzug richtext text-em-55 !leading-serif mx-6 desktop:mx-0\"><strong class=\"font-bold dark:text-white-solid\">Frauen Bundesliga, RSC Cronenberg \u2013 SG Calenberg\/Recklinghausen 6:2. <\/strong>Nach dem klaren Erfolg gegen den Tabellenvierten bleibt es f\u00fcr die Cats an der Tabellenspitze beim Zweikampf mit Nachbar Remscheid, der parallel gegen D\u00fcsseldorf mit 5:3 gewann. So d\u00fcrfte es am kommenden Samstag beim Spitzenspiel zwischen beiden in Remscheid (15\u00a0Uhr) darum gehen, wer mit der etwas besseren Ausgangsposition in die Play-offs geht. Am positivsten war sicher die R\u00fcckkehr von Torfrau Lara Immer nach langer gesundheitsbedingter Zwangspause.<\/p>\n","protected":false},"excerpt":{"rendered":"Frauen Bundesliga, RSC Cronenberg \u2013 SG Calenberg\/Recklinghausen 6:2. Nach dem klaren Erfolg gegen den Tabellenvierten bleibt es f\u00fcr&hellip;\n","protected":false},"author":2,"featured_media":747599,"comment_status":"","ping_status":"","sticky":false,"template":"","format":"standard","meta":{"footnotes":"","_share_on_mastodon":"0"},"categories":[1840],"tags":[40793,15217,3364,29,30,106527,31022,139454,1209,9076,1344,21537,40792,53453,4418],"class_list":["post-747598","post","type-post","status-publish","format-standard","has-post-thumbnail","category-wuppertal","tag-calenberg","tag-cats","tag-de","tag-deutschland","tag-germany","tag-girls","tag-kommenden","tag-lueckenhaus","tag-nordrhein-westfalen","tag-play","tag-recklinghausen","tag-remscheid","tag-rsc","tag-spitzenspiel","tag-wuppertal"],"share_on_mastodon":{"url":"https:\/\/pubeurope.com\/@de\/115960070993083622","error":""},"_links":{"self":[{"href":"https:\/\/www.europesays.com\/de\/wp-json\/wp\/v2\/posts\/747598","targetHints":{"allow":["GET"]}}],"collection":[{"href":"https:\/\/www.europesays.com\/de\/wp-json\/wp\/v2\/posts"}],"about":[{"href":"https:\/\/www.europesays.com\/de\/wp-json\/wp\/v2\/types\/post"}],"author":[{"embeddable":true,"href":"https:\/\/www.europesays.com\/de\/wp-json\/wp\/v2\/users\/2"}],"replies":[{"embeddable":true,"href":"https:\/\/www.europesays.com\/de\/wp-json\/wp\/v2\/comments?post=747598"}],"version-history":[{"count":0,"href":"https:\/\/www.europesays.com\/de\/wp-json\/wp\/v2\/posts\/747598\/revisions"}],"wp:featuredmedia":[{"embeddable":true,"href":"https:\/\/www.europesays.com\/de\/wp-json\/wp\/v2\/media\/747599"}],"wp:attachment":[{"href":"https:\/\/www.europesays.com\/de\/wp-json\/wp\/v2\/media?parent=747598"}],"wp:term":[{"taxonomy":"category","embeddable":true,"href":"https:\/\/www.europesays.com\/de\/wp-json\/wp\/v2\/categories?post=747598"},{"taxonomy":"post_tag","embeddable":true,"href":"https:\/\/www.europesays.com\/de\/wp-json\/wp\/v2\/tags?post=747598"}],"curies":[{"name":"wp","href":"https:\/\/api.w.org\/{rel}","templated":true}]}}