{"id":747619,"date":"2026-01-26T07:01:10","date_gmt":"2026-01-26T07:01:10","guid":{"rendered":"https:\/\/www.europesays.com\/de\/747619\/"},"modified":"2026-01-26T07:01:10","modified_gmt":"2026-01-26T07:01:10","slug":"wetter-ticker-warnung-vor-starkem-schneefall-in-franken","status":"publish","type":"post","link":"https:\/\/www.europesays.com\/de\/747619\/","title":{"rendered":"Wetter-Ticker: Warnung vor starkem Schneefall in Franken"},"content":{"rendered":"<p>07.15 Uhr: Beeintr\u00e4chtigungen auch im Fernverkehr der Bahn<\/p>\n<p>Aufgrund des Winterwetters kommt es auch zu Versp\u00e4tungen und Ausf\u00e4llen im Fernverkehr der Deutschen Bahn. Laut DB sind besonders Fernverkehrsz\u00fcge auf der Verbindung Stuttgart &#8211; Ulm &#8211; M\u00fcnchen betroffen. Die Bahn r\u00e4t Reisenden, sich vor Reiseantritt \u00fcber Ihre Verbindung auf <a href=\"https:\/\/karte.bahn.de\/de\/region\/DB_Fernverkehr\" target=\"_blank\" rel=\"noopener\">bahn.de<\/a> (externer Link), auf der DB-App oder bei der telefonischen Reiseauskunft 030\/2970 zu informieren.<\/p>\n<p>07.10 Uhr: Versp\u00e4tungen und Ausf\u00e4lle bei S-Bahnen im Raum N\u00fcrnberg<\/p>\n<p>Die Deutsche Bahn meldete f\u00fcr den Raum N\u00fcrnberg witterungsbedingte Versp\u00e4tungen und Ausf\u00e4lle im S-Bahn-Verkehr. <\/p>\n<p>07.07 Uhr: R\u00e4umfahrzeuge in Unterfranken kommen teils nicht mehr durch<\/p>\n<p>Wegen der starken Schneef\u00e4lle kommen in Unterfranken sogar die R\u00e4umfahrzeuge teils nicht mehr durch, wie ein Polizeisprecher sagte. Vom Untermain \u00fcber Spessart und Rh\u00f6n bis nach W\u00fcrzburg und Kitzingen w\u00fcrden die R\u00e4umfahrzeuge nicht mehr hinterherkommen, teilte auch das Kultusministerium mit.<\/p>\n<p>06.56 Uhr: Busverkehr in Bamberg wegen Schnee eingestellt<\/p>\n<p>Die Stadtwerke Bamberg haben den \u00f6ffentlichen Nahverkehr in Bamberg eingestellt. Wie die Stadtwerke auf ihrer Internetseite mitteilen, haben sie den Busbetrieb wegen Schnee und Gl\u00e4tte eingestellt. Auch in N\u00fcrnberg fahren die Busse auf mehreren Linien nicht. Auf zahlreichen Strecken verkehren die Busse nur mit Einschr\u00e4nkungen. Auch die Linie acht wurde vor\u00fcbergehend eingestellt. Dort hat die Vag einen Ersatzverkehr mit Taxis zwischen Rathenauplatz und Erlenstegen eingerichtet.<\/p>\n<p>06.53 Uhr: Rund 40 witterungsbedingte Unf\u00e4lle in Niederbayern und der Oberpfalz<\/p>\n<p>In der Oberpfalz hat es seit gestern Abend (20 Uhr) rund 20 Mal gekracht. In den meisten F\u00e4llen blieb es bei Blechsch\u00e4den, bei zwei Unf\u00e4llen sind insgesamt vier Menschen leicht verletzt worden. In Niederbayern gab es bislang 16 Unf\u00e4lle \u2013 meistens mit Blechsch\u00e4den, verteilt \u00fcber den gesamten Regierungsbezirk, so ein Sprecher. Aktuell liege noch viel Schnee auf den Stra\u00dfen in Niederbayern und der Oberpfalz. Die Polizeisprecher appellieren an alle Verkehrsteilnehmer, vorsichtig zu fahren und die Geschwindigkeit anzupassen.<\/p>\n<p>06.41 Uhr: Kein Pr\u00e4senzunterricht in Unterfranken und Teilen Mittelfrankens<\/p>\n<p>Wegen der starken Schneef\u00e4lle f\u00e4llt der Pr\u00e4senzunterricht in ganz Unterfranken aus. Vom Untermain \u00fcber Spessart und Rh\u00f6n bis nach W\u00fcrzburg und Kitzingen kommen die R\u00e4umfahrzeuge nicht hinterher, wie auf der Seite des Kultusministeriums mitgeteilt wurde. Auch in Teilen Mittelfrankens hat es stark geschneit. Der Pr\u00e4senzunterricht entf\u00e4llt in den St\u00e4dten und Landkreisen F\u00fcrth, N\u00fcrnberg, Schwabach, Roth, Neustadt an der Aisch-Bad Windsheim und Ansbach. Stellenweise liegen schon jetzt bis zu 20 Zentimeter Schnee, bis zum Abend kann noch einmal so viel hinzukommen, prognostizierte der Deutsche Wetter-Dienst. <\/p>\n<p>06.18 Uhr: Ausfall von Stra\u00dfenbahnen und Bussen in W\u00fcrzburg<\/p>\n<p>In W\u00fcrzburg ist wegen des Schneefalls heute Morgen bis auf Weiteres der Stra\u00dfenbahn- und Busverkehr eingestellt. Das haben die WVV (W\u00fcrzburger Versorgungs- und Verkehrs-GmbH) dem Bayerischen Rundfunk best\u00e4tigt. <\/p>\n<p>05.16 Uhr: Warnung vor starkem Schneefall in Franken<\/p>\n<p>Im bayerischen Franken warnt der Deutsche Wetterdienst (DWD) in mehreren Landkreisen vor starkem Schneefall. In den Landkreisen Ha\u00dffurt, Bamberg, Forchheim, Schweinfurt, Erlangen und Lichtenfels k\u00f6nnte es zwischen 15 und 20 Zentimeter Neuschnee geben.<\/p>\n<p>04.29 Uhr: Auto rutscht von glatter Stra\u00dfe in Vorgarten von Kirche<\/p>\n<p>Auf schneeglatter Fahrbahn ist ein Mann bei N\u00fcrnberg mit seinem Auto ins Rutschen geraten und im Vorgarten einer Kirche gelandet. Der Wagen kam in Happurg von der absch\u00fcssigen Stra\u00dfe ab, geriet auf das Gel\u00e4nde der Kirche und stie\u00df gegen eine Treppe am Geb\u00e4ude, wie ein Polizeisprecher mitteilte. Rettungskr\u00e4fte brachten den 34-J\u00e4hrigen leicht verletzt ins Krankenhaus. Das Auto musste abgeschleppt werden.<\/p>\n","protected":false},"excerpt":{"rendered":"07.15 Uhr: Beeintr\u00e4chtigungen auch im Fernverkehr der Bahn Aufgrund des Winterwetters kommt es auch zu Versp\u00e4tungen und Ausf\u00e4llen&hellip;\n","protected":false},"author":2,"featured_media":747620,"comment_status":"","ping_status":"","sticky":false,"template":"","format":"standard","meta":{"footnotes":""},"categories":[5],"tags":[331,332,3364,950,29,30,13,4156,14,15,5524,2339,4157,9465,12,16406,7727,317,3757,1973,25902,87874],"class_list":{"0":"post-747619","1":"post","2":"type-post","3":"status-publish","4":"format-standard","5":"has-post-thumbnail","7":"category-nachrichten","8":"tag-aktuelle-nachrichten","9":"tag-aktuelle-news","10":"tag-de","11":"tag-deutscher-wetterdienst","12":"tag-deutschland","13":"tag-germany","14":"tag-headlines","15":"tag-mittelfranken","16":"tag-nachrichten","17":"tag-news","18":"tag-niederbayern","19":"tag-oberbayern","20":"tag-oberfranken","21":"tag-oberpfalz","22":"tag-schlagzeilen","23":"tag-schnee","24":"tag-schwaben","25":"tag-ukraine","26":"tag-unterfranken","27":"tag-wetter","28":"tag-wetterwarnung","29":"tag-winterdienst"},"share_on_mastodon":{"url":"https:\/\/pubeurope.com\/@de\/115960118213093529","error":""},"_links":{"self":[{"href":"https:\/\/www.europesays.com\/de\/wp-json\/wp\/v2\/posts\/747619","targetHints":{"allow":["GET"]}}],"collection":[{"href":"https:\/\/www.europesays.com\/de\/wp-json\/wp\/v2\/posts"}],"about":[{"href":"https:\/\/www.europesays.com\/de\/wp-json\/wp\/v2\/types\/post"}],"author":[{"embeddable":true,"href":"https:\/\/www.europesays.com\/de\/wp-json\/wp\/v2\/users\/2"}],"replies":[{"embeddable":true,"href":"https:\/\/www.europesays.com\/de\/wp-json\/wp\/v2\/comments?post=747619"}],"version-history":[{"count":0,"href":"https:\/\/www.europesays.com\/de\/wp-json\/wp\/v2\/posts\/747619\/revisions"}],"wp:featuredmedia":[{"embeddable":true,"href":"https:\/\/www.europesays.com\/de\/wp-json\/wp\/v2\/media\/747620"}],"wp:attachment":[{"href":"https:\/\/www.europesays.com\/de\/wp-json\/wp\/v2\/media?parent=747619"}],"wp:term":[{"taxonomy":"category","embeddable":true,"href":"https:\/\/www.europesays.com\/de\/wp-json\/wp\/v2\/categories?post=747619"},{"taxonomy":"post_tag","embeddable":true,"href":"https:\/\/www.europesays.com\/de\/wp-json\/wp\/v2\/tags?post=747619"}],"curies":[{"name":"wp","href":"https:\/\/api.w.org\/{rel}","templated":true}]}}