{"id":747709,"date":"2026-01-26T07:52:13","date_gmt":"2026-01-26T07:52:13","guid":{"rendered":"https:\/\/www.europesays.com\/de\/747709\/"},"modified":"2026-01-26T07:52:13","modified_gmt":"2026-01-26T07:52:13","slug":"wo-faellt-heute-am-montag-26-1-26-in-bayern-wegen-glatteis-die-schule-aus","status":"publish","type":"post","link":"https:\/\/www.europesays.com\/de\/747709\/","title":{"rendered":"Wo f\u00e4llt heute am Montag, 26.1.26 in Bayern wegen Glatteis die Schule aus?"},"content":{"rendered":"<p class=\"mb-6 text-xs md:text-m lg:text-l font-serif group-[.font-sans]:font-sans \">\n    Schulausfall in Bayern am Montag, 26. Januar 2026? Wegen schlechten Wetters, etwa gef\u00e4hrlich glatter Stra\u00dfen <a href=\"https:\/\/www.allgaeuer-zeitung.de\/bayern\/wetter-in-bayern-neuschnee-und-glatte-strassen-erwartet-113263349\" target=\"_self\" class=\"underline \" rel=\"nofollow noopener\">wie aktuell wieder angek\u00fcndigt,<\/a> kann der Pr\u00e4senzunterricht in Landkreisen oder St\u00e4dten des Freistaats ausfallen.\n  <\/p>\n<p class=\"mb-6 text-xs md:text-m lg:text-l font-serif group-[.font-sans]:font-sans \">\n    F\u00fcr Teile von Bayern gilt f\u00fcr Montag eine Warnung vor starkem Schneefall und Gl\u00e4tte. Wo f\u00e4llt deshalb die Schule aus, wo zumindest teilweise der Pr\u00e4senzunterricht? Hier die aktuelle \u00dcbersicht.\n  <\/p>\n<p>            Schulausfall am Montag, 26.1.26, in Bayern: An diesen Schulen f\u00e4llt der Pr\u00e4senz-Unterricht aus<\/p>\n<p>            \u00dcbersicht: St\u00e4dte und Landkreise mit Schulausfall oder Entfall des Pr\u00e4senzunterrichts heute in Schwaben und Allg\u00e4u<\/p>\n<ul rel=\"\" class=\"[&amp;&gt;li]:relative list-none  [&amp;&gt;li]:pl-[1.2em] [&amp;&gt;li]:marker:text-[0] [&amp;&gt;li]:relative [&amp;&gt;li]:before:absolute [&amp;&gt;li]:before:w-3 [&amp;&gt;li]:before:h-3 [&amp;&gt;li]:before:bg-brand [&amp;&gt;li]:before:left-0 [&amp;&gt;li]:before:top-[8px] [&amp;&gt;li]:before:rounded-full  my-5\">\n<li class=\" mb-3 text-xs md:text-m lg:text-l\">Aktuell keine Meldung \u00fcber Schulausfall im Allg\u00e4u und in Schwaben.<\/li>\n<\/ul>\n<p>            \u00dcbersicht: Landkreise mit Schulausfall heute in Oberbayern<\/p>\n<ul rel=\"\" class=\"[&amp;&gt;li]:relative list-none  [&amp;&gt;li]:pl-[1.2em] [&amp;&gt;li]:marker:text-[0] [&amp;&gt;li]:relative [&amp;&gt;li]:before:absolute [&amp;&gt;li]:before:w-3 [&amp;&gt;li]:before:h-3 [&amp;&gt;li]:before:bg-brand [&amp;&gt;li]:before:left-0 [&amp;&gt;li]:before:top-[8px] [&amp;&gt;li]:before:rounded-full  my-5\">\n<li class=\" mb-3 text-xs md:text-m lg:text-l\">Aktuell keine Meldung \u00fcber Schulausfall.<\/li>\n<\/ul>\n<p>            \u00dcbersicht: Landkreise mit Schulausfall heute in Unterfranken<\/p>\n<ul rel=\"\" class=\"[&amp;&gt;li]:relative list-none  [&amp;&gt;li]:pl-[1.2em] [&amp;&gt;li]:marker:text-[0] [&amp;&gt;li]:relative [&amp;&gt;li]:before:absolute [&amp;&gt;li]:before:w-3 [&amp;&gt;li]:before:h-3 [&amp;&gt;li]:before:bg-brand [&amp;&gt;li]:before:left-0 [&amp;&gt;li]:before:top-[8px] [&amp;&gt;li]:before:rounded-full  my-5\">\n<li class=\" mb-3 text-xs md:text-m lg:text-l\">Stadt Schweinfurt<\/li>\n<li class=\" mb-3 text-xs md:text-m lg:text-l\">Landkreis Schweinfurt<\/li>\n<li class=\" mb-3 text-xs md:text-m lg:text-l\">Landkreis Ha\u00dfberge<\/li>\n<li class=\" mb-3 text-xs md:text-m lg:text-l\">Stadt W\u00fcrzburg<\/li>\n<li class=\" mb-3 text-xs md:text-m lg:text-l\">Landkreis W\u00fcrzburg<\/li>\n<li class=\" mb-3 text-xs md:text-m lg:text-l\">Landkreis Miltenberg<\/li>\n<li class=\" mb-3 text-xs md:text-m lg:text-l\">Landkreis Main-Spessart<\/li>\n<li class=\" mb-3 text-xs md:text-m lg:text-l\">Landkreis Kitzingen<\/li>\n<li class=\" mb-3 text-xs md:text-m lg:text-l\">Landkreis Bad Kissingen<\/li>\n<li class=\" mb-3 text-xs md:text-m lg:text-l\">Landkreis Rh\u00f6n-Grabfeld<\/li>\n<li class=\" mb-3 text-xs md:text-m lg:text-l\">Landkreis Aschaffenburg<\/li>\n<li class=\" mb-3 text-xs md:text-m lg:text-l\">Stadt Aschaffenburg<\/li>\n<\/ul>\n<p>            \u00dcbersicht: Landkreise mit Schulausfall heute in Niederbayern<\/p>\n<ul rel=\"\" class=\"[&amp;&gt;li]:relative list-none  [&amp;&gt;li]:pl-[1.2em] [&amp;&gt;li]:marker:text-[0] [&amp;&gt;li]:relative [&amp;&gt;li]:before:absolute [&amp;&gt;li]:before:w-3 [&amp;&gt;li]:before:h-3 [&amp;&gt;li]:before:bg-brand [&amp;&gt;li]:before:left-0 [&amp;&gt;li]:before:top-[8px] [&amp;&gt;li]:before:rounded-full  my-5\">\n<li class=\" mb-3 text-xs md:text-m lg:text-l\">Aktuell keine Meldung \u00fcber Schulausfall.<\/li>\n<\/ul>\n<p>            \u00dcbersicht Landkreise mit Schulausfall heute in Mittelfranken<\/p>\n<ul rel=\"\" class=\"[&amp;&gt;li]:relative list-none  [&amp;&gt;li]:pl-[1.2em] [&amp;&gt;li]:marker:text-[0] [&amp;&gt;li]:relative [&amp;&gt;li]:before:absolute [&amp;&gt;li]:before:w-3 [&amp;&gt;li]:before:h-3 [&amp;&gt;li]:before:bg-brand [&amp;&gt;li]:before:left-0 [&amp;&gt;li]:before:top-[8px] [&amp;&gt;li]:before:rounded-full  my-5\">\n<li class=\" mb-3 text-xs md:text-m lg:text-l\">Landkreis N\u00fcrnberger Land<\/li>\n<li class=\" mb-3 text-xs md:text-m lg:text-l\">Stadt Schwabach<\/li>\n<li class=\" mb-3 text-xs md:text-m lg:text-l\">Landkreis Roth <\/li>\n<li class=\" mb-3 text-xs md:text-m lg:text-l\">Stadt Erlangen <\/li>\n<li class=\" mb-3 text-xs md:text-m lg:text-l\">Landkreis Erlangen-H\u00f6chstadt<\/li>\n<li class=\" mb-3 text-xs md:text-m lg:text-l\">Stadt N\u00fcrnberg<\/li>\n<li class=\" mb-3 text-xs md:text-m lg:text-l\">Stadt F\u00fcrth<\/li>\n<li class=\" mb-3 text-xs md:text-m lg:text-l\">Landkreis Neustadt a.d.Aisch-Bad Windsheim<\/li>\n<li class=\" mb-3 text-xs md:text-m lg:text-l\">Landkreis F\u00fcrth<\/li>\n<li class=\" mb-3 text-xs md:text-m lg:text-l\">Stadt Ansbach<\/li>\n<li class=\" mb-3 text-xs md:text-m lg:text-l\">Landkreis Ansbach<\/li>\n<li class=\" mb-3 text-xs md:text-m lg:text-l\">Landkreis Wei\u00dfenburg-Gunzenhausen<\/li>\n<\/ul>\n<p>            \u00dcbersicht Landkreise mit Schulausfall heute in Oberfranken<\/p>\n<ul rel=\"\" class=\"[&amp;&gt;li]:relative list-none  [&amp;&gt;li]:pl-[1.2em] [&amp;&gt;li]:marker:text-[0] [&amp;&gt;li]:relative [&amp;&gt;li]:before:absolute [&amp;&gt;li]:before:w-3 [&amp;&gt;li]:before:h-3 [&amp;&gt;li]:before:bg-brand [&amp;&gt;li]:before:left-0 [&amp;&gt;li]:before:top-[8px] [&amp;&gt;li]:before:rounded-full  my-5\">\n<li class=\" mb-3 text-xs md:text-m lg:text-l\">Aktuell keine Meldung \u00fcber Schulausfall.<\/li>\n<\/ul>\n<p>            \u00dcbersicht: Landkreise mit Schulausfall heute in der Oberpfalz<\/p>\n<ul rel=\"\" class=\"[&amp;&gt;li]:relative list-none  [&amp;&gt;li]:pl-[1.2em] [&amp;&gt;li]:marker:text-[0] [&amp;&gt;li]:relative [&amp;&gt;li]:before:absolute [&amp;&gt;li]:before:w-3 [&amp;&gt;li]:before:h-3 [&amp;&gt;li]:before:bg-brand [&amp;&gt;li]:before:left-0 [&amp;&gt;li]:before:top-[8px] [&amp;&gt;li]:before:rounded-full  my-5\">\n<li class=\" mb-3 text-xs md:text-m lg:text-l\">Aktuell keine Meldung \u00fcber Schulausfall.<\/li>\n<\/ul>\n<p class=\"mb-6 text-xs md:text-m lg:text-l font-serif group-[.font-sans]:font-sans \">\n    Quelle: <a href=\"https:\/\/www.unterrichtsausfall.bayern.de\/\" rel=\"nofollow noopener\" target=\"_blank\" class=\"underline \">Bayerisches Kultusministerium<\/a>. Alle Angaben ohne Gew\u00e4hr und ohne Anspruch auf Vollst\u00e4ndigkeit.\n  <\/p>\n<p>            Wo f\u00e4llt in Bayern heute die Schule aus?<\/p>\n<p class=\"mb-6 text-xs md:text-m lg:text-l font-serif group-[.font-sans]:font-sans \">\n    Aktuell (Stand Montag, 7 Uhr) sind f\u00fcr Bayern vor allem in Unter- und Mittelfranken einige<strong class=\"font-bold\"> Schulausf\u00e4lle, bzw. Ausf\u00e4lle des Pr\u00e4senzunterrichts <\/strong>bekannt.\n  <\/p>\n<p class=\"mb-6 text-xs md:text-m lg:text-l font-serif group-[.font-sans]:font-sans \">\n    Dieser Artikel wird laufend aktualisiert.\n  <\/p>\n<p>            Schulausfall in Bayern wegen Unwetter: Welche Regeln gelten f\u00fcr Notbetreuung und Distanzunterricht?<\/p>\n<p class=\"mb-6 text-xs md:text-m lg:text-l font-serif group-[.font-sans]:font-sans \">\n    Im Falle eines witterungsbedingten Schulausfalls bieten die Schulen in der Regel Distanzunterricht an, so das Kultusministerium. Eine Notbetreuung vor Ort gebe es nur, wenn die Schule dies organisatorisch und personell leisten kann. Aktuelle Infos dazu gebe es auf der Homepage der entsprechenden Schule.\n  <\/p>\n<p>            Wer entscheidet in Bayern, ob Unterricht wegen schlechten Wetters ausf\u00e4llt?<\/p>\n<p class=\"mb-6 text-xs md:text-m lg:text-l font-serif group-[.font-sans]:font-sans \">\n    Die Entscheidung dar\u00fcber, ob es bei schlechtem Wetter oder Unwetter zu Schulschlie\u00dfungen kommt, liegt bei den \u201elokalen Koordinierungsgruppen Schulausfall\u201c: Diese setzen sich aus der fachlichen Leitung des Staatlichen Schulamts, stellvertretend f\u00fcr die Grund-, Mittel- und F\u00f6rderschulen und aus je einer Schulleiterin oder einem Schulleiter als Vertretung f\u00fcr die \u00fcbrigen Schularten zusammen. Die Entscheidung der Koordinierungsgruppe ist verbindlich\u00a0und gilt einheitlich f\u00fcr alle \u00f6ffentlichen Schulen des Landkreises oder der kreisfreien Stadt. <a href=\"https:\/\/www.gesetze-bayern.de\/Content\/Document\/BayVV_2230_1_1_1_1_K_13367\/true\" rel=\"nofollow noopener\" target=\"_blank\" class=\"underline \">Hier die genaue Regelung<\/a> des Kultusministeriums.\n  <\/p>\n<ul data-module-id=\"DragDropModule\" class=\"flex flex-wrap justify-start group-[.no-bookmarks]:hidden\">\n<li class=\"mb-3 mr-3\">\n    Bayern<\/p>\n<p>      Icon Haken im Kreis gesetzt<\/p>\n<p>      Icon Plus im Kreis<\/p>\n<\/li>\n<li class=\"mb-3 mr-3\">\n    Schule<\/p>\n<p>      Icon Haken im Kreis gesetzt<\/p>\n<p>      Icon Plus im Kreis<\/p>\n<\/li>\n<li class=\"mb-3 mr-3\">\n    Schulausfall<\/p>\n<p>      Icon Haken im Kreis gesetzt<\/p>\n<p>      Icon Plus im Kreis<\/p>\n<\/li>\n<\/ul>\n","protected":false},"excerpt":{"rendered":"Schulausfall in Bayern am Montag, 26. Januar 2026? Wegen schlechten Wetters, etwa gef\u00e4hrlich glatter Stra\u00dfen wie aktuell wieder&hellip;\n","protected":false},"author":2,"featured_media":747710,"comment_status":"","ping_status":"","sticky":false,"template":"","format":"standard","meta":{"footnotes":"","_share_on_mastodon":"0"},"categories":[5],"tags":[136723,772,42751,13,44656,2225,4156,14,15,9023,12,73359,966,10,8,9,11,4028],"class_list":["post-747709","post","type-post","status-publish","format-standard","has-post-thumbnail","category-nachrichten","tag-bayerisch-schwaben","tag-bayern","tag-glaette","tag-headlines","tag-kultusministerium","tag-landkreis","tag-mittelfranken","tag-nachrichten","tag-news","tag-praesenzunterricht","tag-schlagzeilen","tag-schulausfall","tag-schule","tag-top-news","tag-top-meldungen","tag-topmeldungen","tag-topnews","tag-unwetter"],"share_on_mastodon":{"url":"https:\/\/pubeurope.com\/@de\/115960318720624447","error":""},"_links":{"self":[{"href":"https:\/\/www.europesays.com\/de\/wp-json\/wp\/v2\/posts\/747709","targetHints":{"allow":["GET"]}}],"collection":[{"href":"https:\/\/www.europesays.com\/de\/wp-json\/wp\/v2\/posts"}],"about":[{"href":"https:\/\/www.europesays.com\/de\/wp-json\/wp\/v2\/types\/post"}],"author":[{"embeddable":true,"href":"https:\/\/www.europesays.com\/de\/wp-json\/wp\/v2\/users\/2"}],"replies":[{"embeddable":true,"href":"https:\/\/www.europesays.com\/de\/wp-json\/wp\/v2\/comments?post=747709"}],"version-history":[{"count":0,"href":"https:\/\/www.europesays.com\/de\/wp-json\/wp\/v2\/posts\/747709\/revisions"}],"wp:featuredmedia":[{"embeddable":true,"href":"https:\/\/www.europesays.com\/de\/wp-json\/wp\/v2\/media\/747710"}],"wp:attachment":[{"href":"https:\/\/www.europesays.com\/de\/wp-json\/wp\/v2\/media?parent=747709"}],"wp:term":[{"taxonomy":"category","embeddable":true,"href":"https:\/\/www.europesays.com\/de\/wp-json\/wp\/v2\/categories?post=747709"},{"taxonomy":"post_tag","embeddable":true,"href":"https:\/\/www.europesays.com\/de\/wp-json\/wp\/v2\/tags?post=747709"}],"curies":[{"name":"wp","href":"https:\/\/api.w.org\/{rel}","templated":true}]}}