{"id":747850,"date":"2026-01-26T09:15:13","date_gmt":"2026-01-26T09:15:13","guid":{"rendered":"https:\/\/www.europesays.com\/de\/747850\/"},"modified":"2026-01-26T09:15:13","modified_gmt":"2026-01-26T09:15:13","slug":"schnee-chaos-in-nordbayern-hier-faellt-heute-die-schule-aus","status":"publish","type":"post","link":"https:\/\/www.europesays.com\/de\/747850\/","title":{"rendered":"Schnee-Chaos in Nordbayern: Hier f\u00e4llt heute die Schule aus"},"content":{"rendered":"<p>Viel Neuschnee in kurzer Zeit: Das Winterwetter sorgt heute vor allem in Nordbayern f\u00fcr extreme Bedingungen. Besonders gravierend ist die Lage rund um N\u00fcrnberg und W\u00fcrzburg. Dies hat Auswirkungen auf den Berufsverkehr und beeinflusst auch den Schulbetrieb in Bayern. <\/p>\n<p>Welche St\u00e4dte und Landkreise betroffen sind, ist auf der Website des bayerischen Staatsministeriums f\u00fcr Unterricht und Kultus nachzulesen: <a href=\"https:\/\/www.unterrichtsausfall.bayern.de\/\" rel=\"nofollow noopener\" target=\"_blank\">Ausfall des Pr\u00e4senzunterrichts in Bayern<\/a> (externer Link). <\/p>\n<p>Schulen entscheiden \u00fcber Online-Unterricht <\/p>\n<p>In vielen F\u00e4llen werden Notbetreuungen eingerichtet. Kein Pr\u00e4senzunterricht bedeutet allerdings nicht unbedingt, dass der Unterricht ausf\u00e4llt. Die Schulleitungen entscheiden eigenst\u00e4ndig, ob der Unterricht etwa per Videokonferenz erfolgt oder Arbeitsbl\u00e4tter zu bearbeiten sind.\u00a0<\/p>\n<p>Tabelle: Wo in Bayern die Schule geschlossen bleibt<\/p>\n<p>Das ist die <a href=\"https:\/\/www.br.de\/nachrichten\/deutschland-welt\/was-beschaeftigt-unsere-nachbarn-br24-blickt-nach-europa,TFbdoO8\" rel=\"nofollow noopener\" target=\"_blank\">Europ\u00e4ische Perspektive<\/a> bei BR24.<\/p>\n<p>&#8222;Hier ist Bayern&#8220;: Der BR24 Newsletter informiert Sie immer montags bis freitags zum Feierabend \u00fcber das Wichtigste vom Tag auf einen Blick \u2013 kompakt und direkt in Ihrem privaten Postfach. <a href=\"https:\/\/www.br.de\/nachrichten\/bayern\/br24-newsletter-anmeldung,RkXzr4k\" rel=\"nofollow noopener\" target=\"_blank\">Hier geht\u2019s zur Anmeldung!<\/a><\/p>\n","protected":false},"excerpt":{"rendered":"Viel Neuschnee in kurzer Zeit: Das Winterwetter sorgt heute vor allem in Nordbayern f\u00fcr extreme Bedingungen. Besonders gravierend&hellip;\n","protected":false},"author":2,"featured_media":747851,"comment_status":"","ping_status":"","sticky":false,"template":"","format":"standard","meta":{"footnotes":"","_share_on_mastodon":"0"},"categories":[5],"tags":[140601,13,4156,14,15,4157,12,16406,73359,10,8,9,11,3757,4028,601,1973],"class_list":["post-747850","post","type-post","status-publish","format-standard","has-post-thumbnail","category-nachrichten","tag-glatteis","tag-headlines","tag-mittelfranken","tag-nachrichten","tag-news","tag-oberfranken","tag-schlagzeilen","tag-schnee","tag-schulausfall","tag-top-news","tag-top-meldungen","tag-topmeldungen","tag-topnews","tag-unterfranken","tag-unwetter","tag-verkehr","tag-wetter"],"share_on_mastodon":{"url":"https:\/\/pubeurope.com\/@de\/115960645153228700","error":""},"_links":{"self":[{"href":"https:\/\/www.europesays.com\/de\/wp-json\/wp\/v2\/posts\/747850","targetHints":{"allow":["GET"]}}],"collection":[{"href":"https:\/\/www.europesays.com\/de\/wp-json\/wp\/v2\/posts"}],"about":[{"href":"https:\/\/www.europesays.com\/de\/wp-json\/wp\/v2\/types\/post"}],"author":[{"embeddable":true,"href":"https:\/\/www.europesays.com\/de\/wp-json\/wp\/v2\/users\/2"}],"replies":[{"embeddable":true,"href":"https:\/\/www.europesays.com\/de\/wp-json\/wp\/v2\/comments?post=747850"}],"version-history":[{"count":0,"href":"https:\/\/www.europesays.com\/de\/wp-json\/wp\/v2\/posts\/747850\/revisions"}],"wp:featuredmedia":[{"embeddable":true,"href":"https:\/\/www.europesays.com\/de\/wp-json\/wp\/v2\/media\/747851"}],"wp:attachment":[{"href":"https:\/\/www.europesays.com\/de\/wp-json\/wp\/v2\/media?parent=747850"}],"wp:term":[{"taxonomy":"category","embeddable":true,"href":"https:\/\/www.europesays.com\/de\/wp-json\/wp\/v2\/categories?post=747850"},{"taxonomy":"post_tag","embeddable":true,"href":"https:\/\/www.europesays.com\/de\/wp-json\/wp\/v2\/tags?post=747850"}],"curies":[{"name":"wp","href":"https:\/\/api.w.org\/{rel}","templated":true}]}}