{"id":747877,"date":"2026-01-26T09:30:10","date_gmt":"2026-01-26T09:30:10","guid":{"rendered":"https:\/\/www.europesays.com\/de\/747877\/"},"modified":"2026-01-26T09:30:10","modified_gmt":"2026-01-26T09:30:10","slug":"tiefe-graeben-umweltaktivistin-aus-steinhagen-und-jaeger-an-einem-tisch-haller-kreisblatt","status":"publish","type":"post","link":"https:\/\/www.europesays.com\/de\/747877\/","title":{"rendered":"\u201eTiefe Gr\u00e4ben\u201c: Umweltaktivistin aus Steinhagen und J\u00e4ger an einem Tisch | Haller Kreisblatt"},"content":{"rendered":"<p id=\"absatz1\" class=\"em_text\">Steinhagen\/Kreis G\u00fctersloh. Birgit Lutzer wird von Ende April an mehrere Naturschutzverb\u00e4nde im Jagdbeirat des Kreises G\u00fctersloh vertreten. Die Steinhagenerin ist selbst Mitglied im Kreisvorstand des BUND (Bund f\u00fcr Umwelt- und Naturschutz Deutschland). Ihre Amtszeit l\u00e4uft f\u00fcnf Jahre. Die Entscheidung fiel vor einigen Tagen.<\/p>\n<p id=\"absatz2\" class=\"em_text\">\u201eMit dieser Personalie verfolgen insbesondere die hiesigen BUND-Mitglieder das Ziel, den konstruktiven Dialog zwischen Naturschutz, J\u00e4gerschaft und Verwaltung zu st\u00e4rken\u201c, hei\u00dft es in einer Pressemitteilung. Im Jagdbeirat vertritt Birgit Lutzer au\u00dferdem die Landesgemeinschaft Naturschutz und Umwelt (LNU) sowie den Naturschutzbund Deutschland (NABU).<\/p>\n<p id=\"absatz3\" class=\"em_text\">In den vergangenen Wochen hatten Lutzer und der BUND eine intensive Debatte \u00fcber Treibjagden ausgel\u00f6st. Anlass war eine Treibjagd, die Mitte Dezember in Steinhagen stattgefunden hatte. \u201eDie Diskussionen wurden emotional gef\u00fchrt und fanden sowohl in der Region als auch im Internet gro\u00dfe Resonanz\u201c, berichtet Birgit Lutzer. Im Gespr\u00e4ch mit dem \u201eHaller Kreisblatt\u201c hatte der Steinhagener Hegeringleiter Frank Meise zu den Vorw\u00fcrfen des BUND ausf\u00fchrlich Stellung genommen und dessen Vorstandsmitglied Lutzer zu einem pers\u00f6nlichen Gespr\u00e4ch eingeladen. <\/p>\n<p>Steinhagenerin sieht Austausch mit J\u00e4gern als Chance<\/p>\n<p>        <a href=\"https:\/\/www.haller-kreisblatt.de\/_em_daten\/_cache\/image\/1xSjY1azBhTVhMYVZyOEg5QXpLS2FycHJKZkl1VUlPR1dZTVlsNXJpZW9Mam9yWGtmQ21TRlFrV2NYeC9oTDJCT3F6aTgyK25BY0FuVURsdFc5Mm0rTWNjdXZ6YXYzNmxtVWV2Tzd2aWRmNmc9\/260123-1446-788258689.jpg\" class=\"nw-article-image\" title=\"Der Bund f\u00fcr Umwelt- und Naturschutz Deutschland fordert eine \" verantwortungsvolle=\"\" jagdpraxis=\"\" data-glightbox=\"type: image; description: Der Bund f\u00fcr Umwelt- und Naturschutz Deutschland fordert eine &quot;verantwortungsvolle Jagdpraxis&quot;.  | \u00a9 Pixabay \" target=\"_blank\" rel=\"noopener\"><br \/>\n            <img decoding=\"async\" src=\"https:\/\/www.europesays.com\/de\/wp-content\/uploads\/2026\/01\/260123-1446-788258689.jpg\" class=\"nw-img-fluid nw-w-full nw-lazy nw-rounded-t-md\" alt=\"Der Bund f\u00fcr Umwelt- und Naturschutz Deutschland fordert eine &quot;verantwortungsvolle Jagdpraxis&quot;. - \u00a9 Pixabay\" data-format=\"16:9\"\/><br \/>\n        <\/a><\/p>\n<p>                Der Bund f\u00fcr Umwelt- und Naturschutz Deutschland fordert eine &#8222;verantwortungsvolle Jagdpraxis&#8220;.<br \/>\n                                    | \u00a9 Pixabay<\/p>\n<p id=\"absatz5\" class=\"em_text\">Lutzer erkl\u00e4rt: \u201eDie Diskussionen zeigen, wie emotional und kontrovers das Thema Jagd wahrgenommen wird.\u201c Aktuelle Berichte \u2013 etwa \u00fcber eine Schliefenanlage in Lemgo, in der F\u00fcchse zu Trainingszwecken von Jagdhunden durch ein Tunnelsystem getrieben werden \u2013 h\u00e4tten die Gr\u00e4ben zwischen Tiersch\u00fctzern sowie Teilen der J\u00e4gerschaft weiter vertieft, f\u00e4hrt sie fort. <\/p>\n<p id=\"absatz6\"><b class=\"bold\">Lesen Sie auch:<\/b> <a href=\"https:\/\/www.haller-kreisblatt.de\/lokal\/steinhagen\/24234262_Kritik-an-Jagd-in-Steinhagen-Aktivistin-prangert-massives-Tierleid-an.html\" target=\"_blank\" rel=\"noopener\">Aktivistin prangert \u201emassives Tierleid\u201c in Steinhagen an<\/a><\/p>\n<p id=\"absatz7\" class=\"em_text\">\u201eViele Menschen sehen solche Praktiken wegen des Tierleids kritisch, w\u00e4hrend andere sie als normalen Teil ihrer Jagdaus\u00fcbung verstehen\u201c, sagt die Steinhagenerin. Diese unterschiedlichen Sichtweisen f\u00fchrten immer wieder zu Konflikten. Was die Jagdhundeausbildung im Kreis G\u00fctersloh betrifft, setzte sich die Umweltsch\u00fctzerin telefonisch mit dem Obmann Jagdgebrauchshundewesen der Kreisj\u00e4gerschaft G\u00fctersloh in Verbindung. Sie berichtet: \u201eSeiner Auskunft nach werden hier die Jagdhunde ohne direktes Einbeziehen von Wildtieren zum Beispiel mit k\u00fcnstlich ausgelegten F\u00e4hrten ausgebildet.\u201c <\/p>\n<p>\n                Empfohlener redaktioneller Inhalt\n            <\/p>\n<p>\n                Wir bieten an dieser Stelle weitere externe Informationen zu dem Artikel an. Mit einem Klick k\u00f6nnen Sie sich diese anzeigen lassen und auch wieder ausblenden.\n            <\/p>\n<p>\n                Wenn Sie sich externe Inhalte anzeigen lassen, erkl\u00e4ren Sie sich damit<br \/>\n                ein-verstanden, dass personenbezogene Daten an Drittplattformen<br \/>\n                \u00fcbermittelt werden.\n            <\/p>\n<p>                Weitere Hinweise dazu finden Sie in unserer<br \/>\n                <a href=\"\" class=\"nw-text-red-0\">Datenschutzerkl\u00e4rung.<\/a><\/p>\n<p id=\"absatz9\" class=\"x_MsoNormal\" data-olk-copy-source=\"MessageBody\">Birgit Lutzer h\u00e4lt gerade bei aufeinanderprallenden Positionen den direkten pers\u00f6nlichen Kontakt f\u00fcr besonders wichtig: \u201eSich mit allen Akteuren an einen Tisch zu setzen, einander kennenzulernen und die unterschiedlichen Perspektiven auszutauschen, ist aus meiner Sicht der richtige Weg.\u201c Der Jagdbeirat biete daf\u00fcr eine geeignete Plattform. \u201eDort kommen Vertreter aus Verwaltung, J\u00e4gerschaft, Naturschutz und weiteren gesellschaftlichen Gruppierungen zusammen. Sie beraten \u00fcber Fragen rund um Jagd, Wildtierschutz und den Umgang mit nat\u00fcrlichen Lebensr\u00e4umen\u201c, begr\u00fcndet die Aktivistin ihr Engagement in dem Gremium.<\/p>\n<p>Tierschutz und Jagd: Wie passt das zusammen?<\/p>\n<p id=\"absatz10\" class=\"em_text\" data-olk-copy-source=\"MessageBody\">Der BUND setzt sich seit vielen Jahren f\u00fcr einen naturvertr\u00e4glichen Umgang mit Wildtieren, den Schutz von Lebensr\u00e4umen sowie den Verzicht auf die Tiere unn\u00f6tig belastende Jagd- und Ausbildungsformen ein. Mit der Entsendung in den Jagdbeirat m\u00f6chte die Kreisgruppe G\u00fctersloh diese Anliegen k\u00fcnftig direkt in die fachlichen und politischen Diskussionen einbringen, hei\u00dft es in der Pressemitteilung. \u201eDenn Naturerhalt, Tierschutz und eine verantwortungsvolle Jagdpraxis m\u00fcssen zusammen gedacht und umgesetzt werden.\u201c <\/p>\n<p id=\"absatz11\" data-olk-copy-source=\"MessageBody\"><b class=\"bold\">\ud83d\udcf2 Aktuelle News bekommen Sie t\u00e4glich \u00fcber den<\/b> <a href=\"https:\/\/whatsapp.com\/channel\/0029VagU0FW1SWsxhmHz2v0q\" rel=\"noreferrer noopener\" target=\"_blank\" title=\"https:\/\/whatsapp.com\/channel\/0029VagU0FW1SWsxhmHz2v0q\">WhatsApp-Kanal des HK<\/a> <\/p>\n","protected":false},"excerpt":{"rendered":"Steinhagen\/Kreis G\u00fctersloh. Birgit Lutzer wird von Ende April an mehrere Naturschutzverb\u00e4nde im Jagdbeirat des Kreises G\u00fctersloh vertreten. Die&hellip;\n","protected":false},"author":2,"featured_media":747878,"comment_status":"","ping_status":"","sticky":false,"template":"","format":"standard","meta":{"footnotes":""},"categories":[1841],"tags":[1605,170861,4488,170859,106978,3364,29,170860,10120,30,1611,4280,734,19081,164252,10127,1613,38609,26008,170858,1209,16382],"class_list":{"0":"post-747877","1":"post","2":"type-post","3":"status-publish","4":"format-standard","5":"has-post-thumbnail","7":"category-bielefeld","8":"tag-bielefeld","9":"tag-birgit-lutzer","10":"tag-bund","11":"tag-chance-lutzer","12":"tag-cnt_aufsetzer","13":"tag-de","14":"tag-deutschland","15":"tag-frank-meise","16":"tag-gtersloh","17":"tag-germany","18":"tag-label_informiere-mich","19":"tag-label_l-120","20":"tag-meta_artikelklasse_nachricht","21":"tag-meta_copyrights_hk","22":"tag-meta_eo_zusammenfassung","23":"tag-meta_themen_natur_klima_umwelt","24":"tag-meta_userneeds_informieremich","25":"tag-naturschutzbund-deutschland","26":"tag-naturschutzbund-deutschland-e-v","27":"tag-naturschutzverband","28":"tag-nordrhein-westfalen","29":"tag-steinhagen"},"share_on_mastodon":{"url":"","error":"Validation failed: Text character limit of 500 exceeded"},"_links":{"self":[{"href":"https:\/\/www.europesays.com\/de\/wp-json\/wp\/v2\/posts\/747877","targetHints":{"allow":["GET"]}}],"collection":[{"href":"https:\/\/www.europesays.com\/de\/wp-json\/wp\/v2\/posts"}],"about":[{"href":"https:\/\/www.europesays.com\/de\/wp-json\/wp\/v2\/types\/post"}],"author":[{"embeddable":true,"href":"https:\/\/www.europesays.com\/de\/wp-json\/wp\/v2\/users\/2"}],"replies":[{"embeddable":true,"href":"https:\/\/www.europesays.com\/de\/wp-json\/wp\/v2\/comments?post=747877"}],"version-history":[{"count":0,"href":"https:\/\/www.europesays.com\/de\/wp-json\/wp\/v2\/posts\/747877\/revisions"}],"wp:featuredmedia":[{"embeddable":true,"href":"https:\/\/www.europesays.com\/de\/wp-json\/wp\/v2\/media\/747878"}],"wp:attachment":[{"href":"https:\/\/www.europesays.com\/de\/wp-json\/wp\/v2\/media?parent=747877"}],"wp:term":[{"taxonomy":"category","embeddable":true,"href":"https:\/\/www.europesays.com\/de\/wp-json\/wp\/v2\/categories?post=747877"},{"taxonomy":"post_tag","embeddable":true,"href":"https:\/\/www.europesays.com\/de\/wp-json\/wp\/v2\/tags?post=747877"}],"curies":[{"name":"wp","href":"https:\/\/api.w.org\/{rel}","templated":true}]}}