{"id":748022,"date":"2026-01-26T10:51:10","date_gmt":"2026-01-26T10:51:10","guid":{"rendered":"https:\/\/www.europesays.com\/de\/748022\/"},"modified":"2026-01-26T10:51:10","modified_gmt":"2026-01-26T10:51:10","slug":"porta-westfalica-bahnprojekt-hannover-bielefeld-thema-im-stadtrat","status":"publish","type":"post","link":"https:\/\/www.europesays.com\/de\/748022\/","title":{"rendered":"Porta Westfalica: Bahnprojekt Hannover-Bielefeld Thema im Stadtrat"},"content":{"rendered":"<p>Das Bahnprojekt Hannover-Bielefeld besch\u00e4ftigt weiterhin unsere Region. Vertreter der Bahn sind nach dem Info-Markt letzte Woche heute noch einmal in Porta Westfalica.<\/p>\n<p>Bahnvertreter informieren \u00fcber aktuellen Planungsstand<\/p>\n<p>Diesmal wollen sie den Politikerinnen und Politikern des Stadtrates den aktuellen Planungsstand vorstellen. Auch Fragen aus dem Publikum sind laut der Stadt m\u00f6glich. Sie rechnet mit einem gro\u00dfen Andrang und hat die Sitzung deswegen ins Forum des Schulzentrums S\u00fcd verlegt. Sie startet um 17 Uhr.<\/p>\n<p>Gro\u00dfes Interesse und Kritik am Bau der ICE-Schnelltrasse<\/p>\n<p>Das Interesse und auch die Kritik an dem geplanten Bau einer ICE-Schnelltrasse sind gro\u00df. Zu dem Info-Markt vergangene Woche kamen etwa 300 Menschen.<\/p>\n<p>\u00a0<\/p>\n","protected":false},"excerpt":{"rendered":"Das Bahnprojekt Hannover-Bielefeld besch\u00e4ftigt weiterhin unsere Region. Vertreter der Bahn sind nach dem Info-Markt letzte Woche heute noch&hellip;\n","protected":false},"author":2,"featured_media":748023,"comment_status":"","ping_status":"","sticky":false,"template":"","format":"standard","meta":{"footnotes":"","_share_on_mastodon":"0"},"categories":[1841],"tags":[7433,1605,3364,29,30,170883,170884,1209,16,71460],"class_list":["post-748022","post","type-post","status-publish","format-standard","has-post-thumbnail","category-bielefeld","tag-bahnprojekt","tag-bielefeld","tag-de","tag-deutschland","tag-germany","tag-hannover-bielefeld","tag-ice-schnelltrasse","tag-nordrhein-westfalen","tag-politik","tag-porta-westfalica"],"share_on_mastodon":{"url":"https:\/\/pubeurope.com\/@de\/115961022870132329","error":""},"_links":{"self":[{"href":"https:\/\/www.europesays.com\/de\/wp-json\/wp\/v2\/posts\/748022","targetHints":{"allow":["GET"]}}],"collection":[{"href":"https:\/\/www.europesays.com\/de\/wp-json\/wp\/v2\/posts"}],"about":[{"href":"https:\/\/www.europesays.com\/de\/wp-json\/wp\/v2\/types\/post"}],"author":[{"embeddable":true,"href":"https:\/\/www.europesays.com\/de\/wp-json\/wp\/v2\/users\/2"}],"replies":[{"embeddable":true,"href":"https:\/\/www.europesays.com\/de\/wp-json\/wp\/v2\/comments?post=748022"}],"version-history":[{"count":0,"href":"https:\/\/www.europesays.com\/de\/wp-json\/wp\/v2\/posts\/748022\/revisions"}],"wp:featuredmedia":[{"embeddable":true,"href":"https:\/\/www.europesays.com\/de\/wp-json\/wp\/v2\/media\/748023"}],"wp:attachment":[{"href":"https:\/\/www.europesays.com\/de\/wp-json\/wp\/v2\/media?parent=748022"}],"wp:term":[{"taxonomy":"category","embeddable":true,"href":"https:\/\/www.europesays.com\/de\/wp-json\/wp\/v2\/categories?post=748022"},{"taxonomy":"post_tag","embeddable":true,"href":"https:\/\/www.europesays.com\/de\/wp-json\/wp\/v2\/tags?post=748022"}],"curies":[{"name":"wp","href":"https:\/\/api.w.org\/{rel}","templated":true}]}}