{"id":748157,"date":"2026-01-26T12:03:10","date_gmt":"2026-01-26T12:03:10","guid":{"rendered":"https:\/\/www.europesays.com\/de\/748157\/"},"modified":"2026-01-26T12:03:10","modified_gmt":"2026-01-26T12:03:10","slug":"pol-e-essen-26-jaehriger-aus-essen-vermisst-polizei-bittet-um-hinweise-aus-der","status":"publish","type":"post","link":"https:\/\/www.europesays.com\/de\/748157\/","title":{"rendered":"POL-E: Essen: 26-J\u00e4hriger aus Essen vermisst &#8211; Polizei bittet um Hinweise aus der &#8230;"},"content":{"rendered":"<p class=\"date\">26.01.2026 \u2013 12:52<\/p>\n<p class=\"customer\">\n                        <a class=\"story-customer\" title=\"weiter zum newsroom von Polizei Essen\" href=\"https:\/\/www.presseportal.de\/blaulicht\/nr\/11562\" rel=\"nofollow noopener\" target=\"_blank\">Polizei Essen<\/a>\n                    <\/p>\n<p><a data-category=\"citylink-story-view\" data-action=\"click\" data-label=\"Citylink in Meldungsansicht\" class=\"story-city event-trigger\" href=\"https:\/\/www.presseportal.de\/regional\/Essen\" title=\"News aus Essen \" rel=\"nofollow noopener\" target=\"_blank\">Essen<\/a> (ots)<\/p>\n<p>45147 E.-Holsterhausen: Seit Mitte Januar wird der 26-j\u00e4hrige Lucas O. vermisst. Der junge Mann verlie\u00df am 12. Januar seine Wohnung an der Planckstra\u00dfe und wurde seitdem nicht mehr gesehen. Nach aktuellen Erkenntnissen befindet er sich in einem psychischen Ausnahmestand und stellt eine m\u00f6gliche Gefahr f\u00fcr sich selbst dar.<\/p>\n<p>Erste Ermittlungen ergaben, dass sich der Vermisste m\u00f6glicherweise im Raum Frankfurt aufh\u00e4lt.<\/p>\n<p>Lucas O. ist ca. 180cm gro\u00df und schlank. Er kurze, lockige Haare und blaue Augen. Er tr\u00e4gt eine Brille und hat ein auff\u00e4lliges Muttermal an der linken Oberlippe.<\/p>\n<p>Ein Foto des Vermissten finden Sie unter folgendem Link: <a target=\"_blank\" class=\"uri-ext outbound\" rel=\"noopener nofollow\" href=\"https:\/\/lka.polizei.nrw\/fahndung\/192897\">https:\/\/lka.polizei.nrw\/fahndung\/192897<\/a><\/p>\n<p>Sollten Sie Hinweise zu dem Aufenthalt von Lucas O. geben k\u00f6nnen oder ihn in der \u00d6ffentlichkeit wiedererkennen, melden Sie sich bitte umgehend bei dem polizeilichen Notruf 110.\/hey<\/p>\n<p class=\"contact-headline\">R\u00fcckfragen bitte an:<\/p>\n<p class=\"contact-text\">Polizei Essen\/ M\u00fclheim an der Ruhr<br \/>Pressestelle<br \/>Telefon: 0201-829 1065 (au\u00dferhalb der B\u00fcrodienstzeit 0201-829 7230)<br \/>Fax: 0201-829 1069<br \/>E-Mail: <a href=\"https:\/\/www.presseportal.de\/blaulicht\/pm\/11562\/mailto: pressestelle.essen@polizei.nrw.de\" class=\"uri-mailto\" rel=\"nofollow noopener\" target=\"_blank\"> pressestelle.essen@polizei.nrw.de<\/a><\/p>\n<p><a target=\"_blank\" class=\"uri-ext outbound\" rel=\"noopener nofollow\" href=\"https:\/\/twitter.com\/Polizei_NRW_E\">https:\/\/twitter.com\/Polizei_NRW_E<\/a><br \/><a target=\"_blank\" class=\"uri-ext outbound\" rel=\"noopener nofollow\" href=\"http:\/\/www.facebook.com\/PolizeiEssen\">http:\/\/www.facebook.com\/PolizeiEssen<\/a><br \/><a target=\"_blank\" class=\"uri-ext outbound\" rel=\"noopener nofollow\" href=\"https:\/\/www.instagram.com\/polizei.nrw.e\">https:\/\/www.instagram.com\/polizei.nrw.e<\/a><br \/><a target=\"_blank\" class=\"uri-ext outbound\" rel=\"noopener nofollow\" href=\"https:\/\/www.whatsapp.com\/channel\/0029VaEsg0q1CYoUFKnPFk2F\">https:\/\/www.whatsapp.com\/channel\/0029VaEsg0q1CYoUFKnPFk2F<\/a><\/p>\n<p class=\"originator\">Original-Content von: Polizei Essen, \u00fcbermittelt durch news aktuell<\/p>\n<p>            <script async src=\"https:\/\/platform.twitter.com\/widgets.js\" charset=\"utf-8\"><\/script><script async src=\"\/\/www.instagram.com\/embed.js\"><\/script><\/p>\n","protected":false},"excerpt":{"rendered":"26.01.2026 \u2013 12:52 Polizei Essen Essen (ots) 45147 E.-Holsterhausen: Seit Mitte Januar wird der 26-j\u00e4hrige Lucas O. vermisst.&hellip;\n","protected":false},"author":2,"featured_media":386213,"comment_status":"","ping_status":"","sticky":false,"template":"","format":"standard","meta":{"footnotes":"","_share_on_mastodon":"0"},"categories":[1848],"tags":[3364,29,548,663,3934,3658,30,13,177,14,15,1209,176,121,178,180,179,181,12],"class_list":["post-748157","post","type-post","status-publish","format-standard","has-post-thumbnail","category-gelsenkirchen","tag-de","tag-deutschland","tag-eu","tag-europa","tag-europe","tag-gelsenkirchen","tag-germany","tag-headlines","tag-kriminalitt","tag-nachrichten","tag-news","tag-nordrhein-westfalen","tag-nrw","tag-polizei","tag-presse","tag-pressemeldung","tag-pressemitteilung","tag-pressemitteilungen","tag-schlagzeilen"],"share_on_mastodon":{"url":"https:\/\/pubeurope.com\/@de\/115961306251461519","error":""},"_links":{"self":[{"href":"https:\/\/www.europesays.com\/de\/wp-json\/wp\/v2\/posts\/748157","targetHints":{"allow":["GET"]}}],"collection":[{"href":"https:\/\/www.europesays.com\/de\/wp-json\/wp\/v2\/posts"}],"about":[{"href":"https:\/\/www.europesays.com\/de\/wp-json\/wp\/v2\/types\/post"}],"author":[{"embeddable":true,"href":"https:\/\/www.europesays.com\/de\/wp-json\/wp\/v2\/users\/2"}],"replies":[{"embeddable":true,"href":"https:\/\/www.europesays.com\/de\/wp-json\/wp\/v2\/comments?post=748157"}],"version-history":[{"count":0,"href":"https:\/\/www.europesays.com\/de\/wp-json\/wp\/v2\/posts\/748157\/revisions"}],"wp:featuredmedia":[{"embeddable":true,"href":"https:\/\/www.europesays.com\/de\/wp-json\/wp\/v2\/media\/386213"}],"wp:attachment":[{"href":"https:\/\/www.europesays.com\/de\/wp-json\/wp\/v2\/media?parent=748157"}],"wp:term":[{"taxonomy":"category","embeddable":true,"href":"https:\/\/www.europesays.com\/de\/wp-json\/wp\/v2\/categories?post=748157"},{"taxonomy":"post_tag","embeddable":true,"href":"https:\/\/www.europesays.com\/de\/wp-json\/wp\/v2\/tags?post=748157"}],"curies":[{"name":"wp","href":"https:\/\/api.w.org\/{rel}","templated":true}]}}