{"id":748168,"date":"2026-01-26T12:10:17","date_gmt":"2026-01-26T12:10:17","guid":{"rendered":"https:\/\/www.europesays.com\/de\/748168\/"},"modified":"2026-01-26T12:10:17","modified_gmt":"2026-01-26T12:10:17","slug":"pol-ms-unfall-auf-der-a1-alkoholisierter-lkw-fahrer-kollidiert-mit-warnbaken","status":"publish","type":"post","link":"https:\/\/www.europesays.com\/de\/748168\/","title":{"rendered":"POL-MS: Unfall auf der A1 &#8211; Alkoholisierter LKW-Fahrer kollidiert mit Warnbaken"},"content":{"rendered":"<p class=\"date\">26.01.2026 \u2013 12:12<\/p>\n<p class=\"customer\">\n                        <a class=\"story-customer\" title=\"weiter zum newsroom von Polizei M\u00fcnster\" href=\"https:\/\/www.presseportal.de\/blaulicht\/nr\/11187\" rel=\"nofollow noopener\" target=\"_blank\">Polizei M\u00fcnster<\/a>\n                    <\/p>\n<p><a class=\"glightbox event-trigger\" href=\"https:\/\/cache.pressmailing.net\/thumbnail\/story_hires\/5446d23e-04fe-46f4-9095-1e6d8d692e00\/260126_VU_A1..png.jpg\" data-description=\"Foto: Polizei M\u00fcnster. Das Foto zeigt den Unfallort. Ver\u00f6ffentlichung mit dieser Mitteilung honorarfrei.\" data-category=\"medialightbox\" data-action=\"click\" data-label=\"single\" data-value=\"69774c09270000fd2c8a37ac\" rel=\"nofollow noopener\" target=\"_blank\"><img decoding=\"async\" height=\"540\" with=\"720\" src=\"https:\/\/www.europesays.com\/de\/wp-content\/uploads\/2026\/01\/pol-ms-unfall-auf-der-a1-alkoholisierter-lkw-fahrer-kollidiert-mit-warnbaken.jpeg\"   alt=\"POL-MS: Unfall auf der A1 - Alkoholisierter LKW-Fahrer kollidiert mit Warnbaken\" class=\"single\"\/><\/a><\/p>\n<p><a data-category=\"citylink-story-view\" data-action=\"click\" data-label=\"Citylink in Meldungsansicht\" class=\"story-city event-trigger\" href=\"https:\/\/www.presseportal.de\/regional\/M%FCnster\" title=\"News aus M\u00fcnster \" rel=\"nofollow noopener\" target=\"_blank\">M\u00fcnster<\/a> (ots)<\/p>\n<p>Am Sonntagmittag (25.01., 12.44 Uhr) ist ein alkoholisierter 59-j\u00e4hriger LKW-Fahrer auf der Autobahn 1 in Fahrtrichtung Dortmund, kurz hinter der Anschlussstelle Hiltrup, mit mehreren Warnbaken in einer Baustelle kollidiert.<\/p>\n<p>Nach Angaben eines Zeugen, fuhr der LKW-Fahrer bereits vor dem Unfall in &#8222;Schlangenlinien&#8220; \u00fcber die Autobahn, sodass er die Polizei alarmierte. Noch w\u00e4hrend des Notrufs sah der Zeuge, wie der 59-J\u00e4hrige in der Dauerbaustelle die Warnbaken \u00fcberfuhr und kurz darauf auf dem Seitenstreifen zum Stehen kam.<\/p>\n<p>Ein freiwilliger Atemalkoholtest ergab einen Wert von knapp vier Promille. Die Autobahnpolizisten brachten den Fahrer zu einer Polizeiwache und stellten seinen F\u00fchrerschein sicher. Ein Arzt entnahm ihm eine Blutprobe. Der 59-J\u00e4hrige mit russischer Staatsangeh\u00f6rigkeit entrichtete eine Sicherheitsleistung. Ihn erwartet nun ein Strafverfahren.<\/p>\n<p>Verletzt wurde bei der Kollision niemand. Ein weiterer Pkw-Fahrer fuhr \u00fcber die herumliegenden Tr\u00fcmmerteile, wodurch sein Fahrzeug besch\u00e4digt wurde.<\/p>\n<p class=\"contact-headline\">Kontakt f\u00fcr Medienvertreter:<\/p>\n<p class=\"contact-text\">Polizei M\u00fcnster<\/p>\n<p>Telefon: 0251 275-1010<br \/>E-Mail: <a href=\"https:\/\/www.presseportal.de\/blaulicht\/pm\/11187\/mailto: pressestelle.muenster@polizei.nrw.de\" class=\"uri-mailto\" rel=\"nofollow noopener\" target=\"_blank\"> pressestelle.muenster@polizei.nrw.de<\/a><br \/><a target=\"_blank\" class=\"uri-ext outbound\" rel=\"noopener nofollow\" href=\"https:\/\/muenster.polizei.nrw\/\">https:\/\/muenster.polizei.nrw\/<\/a><\/p>\n<p class=\"originator\">Original-Content von: Polizei M\u00fcnster, \u00fcbermittelt durch news aktuell<\/p>\n","protected":false},"excerpt":{"rendered":"26.01.2026 \u2013 12:12 Polizei M\u00fcnster M\u00fcnster (ots) Am Sonntagmittag (25.01., 12.44 Uhr) ist ein alkoholisierter 59-j\u00e4hriger LKW-Fahrer auf&hellip;\n","protected":false},"author":2,"featured_media":748169,"comment_status":"","ping_status":"","sticky":false,"template":"","format":"standard","meta":{"footnotes":"","_share_on_mastodon":"0"},"categories":[1843],"tags":[3364,29,30,8970,1209,176,121,178,180,179,181],"class_list":["post-748168","post","type-post","status-publish","format-standard","has-post-thumbnail","category-muenster","tag-de","tag-deutschland","tag-germany","tag-muenster","tag-nordrhein-westfalen","tag-nrw","tag-polizei","tag-presse","tag-pressemeldung","tag-pressemitteilung","tag-pressemitteilungen"],"share_on_mastodon":{"url":"https:\/\/pubeurope.com\/@de\/115961333733957149","error":""},"_links":{"self":[{"href":"https:\/\/www.europesays.com\/de\/wp-json\/wp\/v2\/posts\/748168","targetHints":{"allow":["GET"]}}],"collection":[{"href":"https:\/\/www.europesays.com\/de\/wp-json\/wp\/v2\/posts"}],"about":[{"href":"https:\/\/www.europesays.com\/de\/wp-json\/wp\/v2\/types\/post"}],"author":[{"embeddable":true,"href":"https:\/\/www.europesays.com\/de\/wp-json\/wp\/v2\/users\/2"}],"replies":[{"embeddable":true,"href":"https:\/\/www.europesays.com\/de\/wp-json\/wp\/v2\/comments?post=748168"}],"version-history":[{"count":0,"href":"https:\/\/www.europesays.com\/de\/wp-json\/wp\/v2\/posts\/748168\/revisions"}],"wp:featuredmedia":[{"embeddable":true,"href":"https:\/\/www.europesays.com\/de\/wp-json\/wp\/v2\/media\/748169"}],"wp:attachment":[{"href":"https:\/\/www.europesays.com\/de\/wp-json\/wp\/v2\/media?parent=748168"}],"wp:term":[{"taxonomy":"category","embeddable":true,"href":"https:\/\/www.europesays.com\/de\/wp-json\/wp\/v2\/categories?post=748168"},{"taxonomy":"post_tag","embeddable":true,"href":"https:\/\/www.europesays.com\/de\/wp-json\/wp\/v2\/tags?post=748168"}],"curies":[{"name":"wp","href":"https:\/\/api.w.org\/{rel}","templated":true}]}}