{"id":748450,"date":"2026-01-26T14:43:11","date_gmt":"2026-01-26T14:43:11","guid":{"rendered":"https:\/\/www.europesays.com\/de\/748450\/"},"modified":"2026-01-26T14:43:11","modified_gmt":"2026-01-26T14:43:11","slug":"maddin-schneider-in-moenchengladbach-so-war-der-auftritt-im-tig","status":"publish","type":"post","link":"https:\/\/www.europesays.com\/de\/748450\/","title":{"rendered":"Maddin Schneider in M\u00f6nchengladbach &#8211; so war der Auftritt im TiG"},"content":{"rendered":"<p class=\"text_ohne_einzug richtext text-em-55 !leading-serif mx-6 desktop:mx-0\">Der hessische Akzent und das breite Grinsen sind l\u00e4ngst Markenzeichen des Kult-Comedians geworden: Martin Schneider, den viele aus Fernsehsendungen wie \u201eQuatsch Comedy Club\u201c, \u201eRTL Samstag Nacht\u201c, \u201e7 Tage, 7 K\u00f6pfe\u201c oder \u201eGenial daneben\u201c kennen, ist auf die B\u00fchne nach M\u00f6nchengladbach gekommen \u2013 oder wie er selbst sagte: \u201enach M\u00f6\u00f6\u00f6nschengladbach\u201c. Hochdosiert gab \u201eMaddin\u201c seine Markenzeichen in der etwa zweist\u00fcndigen Show zum Besten und landete mit seinem Programm \u201eSch\u00f6ne Sonndaach!\u201c einen vollen Erfolg im ausverkauften Theater im Gr\u00fcndungshaus (TiG).<\/p>\n","protected":false},"excerpt":{"rendered":"Der hessische Akzent und das breite Grinsen sind l\u00e4ngst Markenzeichen des Kult-Comedians geworden: Martin Schneider, den viele aus&hellip;\n","protected":false},"author":2,"featured_media":748451,"comment_status":"","ping_status":"","sticky":false,"template":"","format":"standard","meta":{"footnotes":"","_share_on_mastodon":"0"},"categories":[1849],"tags":[170979,3364,29,548,663,3934,30,2046,13,170978,84782,170977,170974,4455,170975,14,15,1209,7789,12,21628,170976,14446],"class_list":["post-748450","post","type-post","status-publish","format-standard","has-post-thumbnail","category-moenchengladbach","tag-comedyprogramm","tag-de","tag-deutschland","tag-eu","tag-europa","tag-europe","tag-germany","tag-geschichten","tag-headlines","tag-hebelsche","tag-komische","tag-maddin","tag-martin-schneider","tag-moenchengladbach","tag-moeoeoenschengladbach","tag-nachrichten","tag-news","tag-nordrhein-westfalen","tag-programm","tag-schlagzeilen","tag-schoene","tag-sonndaach","tag-woelfe"],"share_on_mastodon":{"url":"https:\/\/pubeurope.com\/@de\/115961934907945705","error":""},"_links":{"self":[{"href":"https:\/\/www.europesays.com\/de\/wp-json\/wp\/v2\/posts\/748450","targetHints":{"allow":["GET"]}}],"collection":[{"href":"https:\/\/www.europesays.com\/de\/wp-json\/wp\/v2\/posts"}],"about":[{"href":"https:\/\/www.europesays.com\/de\/wp-json\/wp\/v2\/types\/post"}],"author":[{"embeddable":true,"href":"https:\/\/www.europesays.com\/de\/wp-json\/wp\/v2\/users\/2"}],"replies":[{"embeddable":true,"href":"https:\/\/www.europesays.com\/de\/wp-json\/wp\/v2\/comments?post=748450"}],"version-history":[{"count":0,"href":"https:\/\/www.europesays.com\/de\/wp-json\/wp\/v2\/posts\/748450\/revisions"}],"wp:featuredmedia":[{"embeddable":true,"href":"https:\/\/www.europesays.com\/de\/wp-json\/wp\/v2\/media\/748451"}],"wp:attachment":[{"href":"https:\/\/www.europesays.com\/de\/wp-json\/wp\/v2\/media?parent=748450"}],"wp:term":[{"taxonomy":"category","embeddable":true,"href":"https:\/\/www.europesays.com\/de\/wp-json\/wp\/v2\/categories?post=748450"},{"taxonomy":"post_tag","embeddable":true,"href":"https:\/\/www.europesays.com\/de\/wp-json\/wp\/v2\/tags?post=748450"}],"curies":[{"name":"wp","href":"https:\/\/api.w.org\/{rel}","templated":true}]}}