{"id":748503,"date":"2026-01-26T15:16:11","date_gmt":"2026-01-26T15:16:11","guid":{"rendered":"https:\/\/www.europesays.com\/de\/748503\/"},"modified":"2026-01-26T15:16:11","modified_gmt":"2026-01-26T15:16:11","slug":"pol-mfr-72-entwendete-pedelecs-aufgefunden-ein-tatverdaechtiger-festgenommen","status":"publish","type":"post","link":"https:\/\/www.europesays.com\/de\/748503\/","title":{"rendered":"POL-MFR: (72) Entwendete Pedelecs aufgefunden &#8211; Ein Tatverd\u00e4chtiger festgenommen"},"content":{"rendered":"<p class=\"date\">26.01.2026 \u2013 15:10<\/p>\n<p class=\"customer\">\n                        <a class=\"story-customer\" title=\"weiter zum newsroom von Polizeipr\u00e4sidium Mittelfranken\" href=\"https:\/\/www.presseportal.de\/blaulicht\/nr\/6013\" rel=\"nofollow noopener\" target=\"_blank\">Polizeipr\u00e4sidium Mittelfranken<\/a>\n                    <\/p>\n<p><a data-category=\"citylink-story-view\" data-action=\"click\" data-label=\"Citylink in Meldungsansicht\" class=\"story-city event-trigger\" href=\"https:\/\/www.presseportal.de\/regional\/N%FCrnberg\" title=\"News aus N\u00fcrnberg \" rel=\"nofollow noopener\" target=\"_blank\">N\u00fcrnberg<\/a> (ots)<\/p>\n<p>Am sp\u00e4ten Freitagabend (23.01.2026) stellten Beamte der Polizeiinspektion N\u00fcrnberg-West im N\u00fcrnberger Westen mehrere mutma\u00dflich entwendete Pedelecs sicher. Einen Tatverd\u00e4chtigen nahmen die Einsatzkr\u00e4fte noch vor Ort vorl\u00e4ufig fest. Die Polizei bittet um Zeugenhinweise.<\/p>\n<p>Ein Zeuge verst\u00e4ndigte gegen 20:45 Uhr \u00fcber den Notruf die Polizei und teilte mit, dass er in der Seeleinsb\u00fchlstra\u00dfe drei Personen beobachtet habe, die mehrere Pedelecs in einen Hinterhof schoben. Eine verst\u00e4ndigte Streife der Polizeiinspektion N\u00fcrnberg-West traf vor Ort einen 26-j\u00e4hrigen Deutschen an. Die Beamten stellten in diesem Zusammenhang mehrere Pedelecs sowie weitere Gegenst\u00e4nde sicher. Hierzu z\u00e4hlten E-Scooter, verschiedene Fahrradteile sowie verbotene Waffen.<\/p>\n<p>Erste Ermittlungen ergaben, dass ein Teil der Fahrr\u00e4der mutma\u00dflich aus Diebstahlsdelikten stammt. Die Einsatzkr\u00e4fte nahmen den 26-J\u00e4hrigen vorl\u00e4ufig fest und stellten die aufgefundenen Gegenst\u00e4nde sicher.<\/p>\n<p>Die beiden weiteren M\u00e4nner entfernten sich bereits vor dem Eintreffen der Streife mit einem wei\u00dfen Transporter in unbekannte Richtung. Eine n\u00e4here Personenbeschreibung liegt derzeit nicht vor.<\/p>\n<p>Nach Abschluss der polizeilichen Ma\u00dfnahmen entlie\u00dfen die Beamten den Tatverd\u00e4chtigen. Er muss sich nun wegen des Verdachts der Hehlerei strafrechtlich verantworten.<\/p>\n<p>Der Kriminaldauerdienst Mittelfranken f\u00fchrte an den R\u00e4dern eine Spurensicherung durch. Die weiteren Ermittlungen \u00fcbernimmt die Polizeiinspektion N\u00fcrnberg-West. Im Fokus steht insbesondere die Identifizierung der beiden weiteren Personen sowie die Zuordnung der aufgefundenen Gegenst\u00e4nde zu weiteren Straftaten. Zeugen, die in diesem Zusammenhang verd\u00e4chtige Wahrnehmungen gemacht haben, insbesondere in Bezug auf den wei\u00dfen Transporter, werden gebeten, sich unter der Rufnummer 0911 6583 0 zu melden.<\/p>\n<p>Erstellt durch: Michael Sebald<\/p>\n<p class=\"contact-headline\">R\u00fcckfragen bitte an:<\/p>\n<p class=\"contact-text\">Polizeipr\u00e4sidium Mittelfranken<br \/>Pr\u00e4sidialb\u00fcro &#8211; Pressestelle<br \/>Richard-Wagner-Platz 1<br \/>D-90443 N\u00fcrnberg<br \/>E-Mail: <a href=\"https:\/\/www.presseportal.de\/blaulicht\/pm\/6013\/mailto: pp-mfr.pressestelle@polizei.bayern.de\" class=\"uri-mailto\" rel=\"nofollow noopener\" target=\"_blank\"> pp-mfr.pressestelle@polizei.bayern.de<\/a><\/p>\n<p>Erreichbarkeiten:<br \/>Montag bis Donnerstag<br \/>07:00 bis 16:00 Uhr<br \/>Freitag<br \/>07:00 bis 15:00 Uhr<br \/>Sonntag<br \/>11:00 bis 14:00 Uhr<\/p>\n<p>Telefon: +49 (0)911 2112 1030<\/p>\n<p>Au\u00dferhalb der B\u00fcrozeiten:<\/p>\n<p>Telefon: +49 (0)911 2112 1553<\/p>\n<p>Die Pressestelle des Polizeipr\u00e4sidiums Mittelfranken im Internet:<br \/><a target=\"_blank\" class=\"uri-ext outbound\" rel=\"noopener nofollow\" href=\"http:\/\/ots.de\/P4TQ8h\">http:\/\/ots.de\/P4TQ8h<\/a><\/p>\n<p class=\"originator\">Original-Content von: Polizeipr\u00e4sidium Mittelfranken, \u00fcbermittelt durch news aktuell<\/p>\n","protected":false},"excerpt":{"rendered":"26.01.2026 \u2013 15:10 Polizeipr\u00e4sidium Mittelfranken N\u00fcrnberg (ots) Am sp\u00e4ten Freitagabend (23.01.2026) stellten Beamte der Polizeiinspektion N\u00fcrnberg-West im N\u00fcrnberger&hellip;\n","protected":false},"author":2,"featured_media":386213,"comment_status":"","ping_status":"","sticky":false,"template":"","format":"standard","meta":{"footnotes":"","_share_on_mastodon":"0"},"categories":[1837],"tags":[772,2918,3364,29,30,177,3783,121,178,180,179,181],"class_list":["post-748503","post","type-post","status-publish","format-standard","has-post-thumbnail","category-nuernberg","tag-bayern","tag-by","tag-de","tag-deutschland","tag-germany","tag-kriminalitt","tag-nuernberg","tag-polizei","tag-presse","tag-pressemeldung","tag-pressemitteilung","tag-pressemitteilungen"],"share_on_mastodon":{"url":"https:\/\/pubeurope.com\/@de\/115962064688263636","error":""},"_links":{"self":[{"href":"https:\/\/www.europesays.com\/de\/wp-json\/wp\/v2\/posts\/748503","targetHints":{"allow":["GET"]}}],"collection":[{"href":"https:\/\/www.europesays.com\/de\/wp-json\/wp\/v2\/posts"}],"about":[{"href":"https:\/\/www.europesays.com\/de\/wp-json\/wp\/v2\/types\/post"}],"author":[{"embeddable":true,"href":"https:\/\/www.europesays.com\/de\/wp-json\/wp\/v2\/users\/2"}],"replies":[{"embeddable":true,"href":"https:\/\/www.europesays.com\/de\/wp-json\/wp\/v2\/comments?post=748503"}],"version-history":[{"count":0,"href":"https:\/\/www.europesays.com\/de\/wp-json\/wp\/v2\/posts\/748503\/revisions"}],"wp:featuredmedia":[{"embeddable":true,"href":"https:\/\/www.europesays.com\/de\/wp-json\/wp\/v2\/media\/386213"}],"wp:attachment":[{"href":"https:\/\/www.europesays.com\/de\/wp-json\/wp\/v2\/media?parent=748503"}],"wp:term":[{"taxonomy":"category","embeddable":true,"href":"https:\/\/www.europesays.com\/de\/wp-json\/wp\/v2\/categories?post=748503"},{"taxonomy":"post_tag","embeddable":true,"href":"https:\/\/www.europesays.com\/de\/wp-json\/wp\/v2\/tags?post=748503"}],"curies":[{"name":"wp","href":"https:\/\/api.w.org\/{rel}","templated":true}]}}